{"id":27147,"date":"2022-12-13T10:20:48","date_gmt":"2022-12-13T13:20:48","guid":{"rendered":"https:\/\/corrientesdetarde.com\/?p=27147"},"modified":"2022-12-13T10:20:50","modified_gmt":"2022-12-13T13:20:50","slug":"una-correntina-gano-2-millones-de-pesos-en-los-8-escalones","status":"publish","type":"post","link":"https:\/\/corrientesdetarde.com\/index.php\/espectaculos\/una-correntina-gano-2-millones-de-pesos-en-los-8-escalones\/","title":{"rendered":"Una correntina gan\u00f3 2 millones de pesos en &#8220;Los 8 escalones&#8221;"},"content":{"rendered":"\n<p>El programa de televisi\u00f3n conducido por Guido\u00a0Kaczka para El Trece.\u00a0<\/p>\n\n\n\n<p>Mar\u00eda In\u00e9s es una joven correntina de 22 a\u00f1os que anoche particip\u00f3 del programa &#8220;Los 8 escalones&#8221; y se llev\u00f3 2 millones de pesos.&nbsp;<\/p>\n\n\n\n<p>La joven cont\u00f3 durante la transmisi\u00f3n que desea ser psiquiatra y el dinero lo quiere para ir a Suiza a conocer a su amor a distancia.&nbsp;<\/p>\n\n\n\n<p>El programa conducido por Guido ya lleva dos temporadas de \u00e9xito y no deja de sorprender con la historia de vida de cada participante que llega a responder las preguntas que lo llevar\u00e1n al mill\u00f3n de pesos.&nbsp;<\/p>\n\n\n\n<p>Mar\u00eda In\u00e9s explic\u00f3&nbsp;que solo ve a su amor europeo, Roger, cuando viene&nbsp;para Argentina y que ella solo quiere &#8220;acortar la distancia&#8221; para volver a verlo.&nbsp;<\/p>\n\n\n\n<p>Adem\u00e1s la joven anunci\u00f3 que volver\u00e1 a la pr\u00f3xima edici\u00f3n que se emitir\u00e1 este martes por la noche a participar por otros 2 millones.&nbsp;<\/p>\n","protected":false},"excerpt":{"rendered":"<p>El programa de televisi\u00f3n conducido por Guido\u00a0Kaczka para El Trece.\u00a0 Mar\u00eda In\u00e9s es una joven correntina de 22 a\u00f1os que anoche particip\u00f3 del programa &#8220;Los 8 escalones&#8221; y se llev\u00f3&hellip; <\/p>\n","protected":false},"author":4,"featured_media":27151,"comment_status":"closed","ping_status":"open","sticky":false,"template":"","format":"standard","meta":{"footnotes":""},"categories":[19],"tags":[],"class_list":["post-27147","post","type-post","status-publish","format-standard","has-post-thumbnail","hentry","category-espectaculos"],"_links":{"self":[{"href":"https:\/\/corrientesdetarde.com\/index.php\/wp-json\/wp\/v2\/posts\/27147","targetHints":{"allow":["GET"]}}],"collection":[{"href":"https:\/\/corrientesdetarde.com\/index.php\/wp-json\/wp\/v2\/posts"}],"about":[{"href":"https:\/\/corrientesdetarde.com\/index.php\/wp-json\/wp\/v2\/types\/post"}],"author":[{"embeddable":true,"href":"https:\/\/corrientesdetarde.com\/index.php\/wp-json\/wp\/v2\/users\/4"}],"replies":[{"embeddable":true,"href":"https:\/\/corrientesdetarde.com\/index.php\/wp-json\/wp\/v2\/comments?post=27147"}],"version-history":[{"count":1,"href":"https:\/\/corrientesdetarde.com\/index.php\/wp-json\/wp\/v2\/posts\/27147\/revisions"}],"predecessor-version":[{"id":27152,"href":"https:\/\/corrientesdetarde.com\/index.php\/wp-json\/wp\/v2\/posts\/27147\/revisions\/27152"}],"wp:featuredmedia":[{"embeddable":true,"href":"https:\/\/corrientesdetarde.com\/index.php\/wp-json\/wp\/v2\/media\/27151"}],"wp:attachment":[{"href":"https:\/\/corrientesdetarde.com\/index.php\/wp-json\/wp\/v2\/media?parent=27147"}],"wp:term":[{"taxonomy":"category","embeddable":true,"href":"https:\/\/corrientesdetarde.com\/index.php\/wp-json\/wp\/v2\/categories?post=27147"},{"taxonomy":"post_tag","embeddable":true,"href":"https:\/\/corrientesdetarde.com\/index.php\/wp-json\/wp\/v2\/tags?post=27147"}],"curies":[{"name":"wp","href":"https:\/\/api.w.org\/{rel}","templated":true}]}}