{"id":27213,"date":"2022-12-13T15:38:03","date_gmt":"2022-12-13T18:38:03","guid":{"rendered":"https:\/\/corrientesdetarde.com\/?p=27213"},"modified":"2022-12-13T15:38:08","modified_gmt":"2022-12-13T18:38:08","slug":"la-variante-bq-1-de-omicron-ya-representa-mas-del-60-de-los-casos","status":"publish","type":"post","link":"https:\/\/corrientesdetarde.com\/index.php\/informacion-general\/la-variante-bq-1-de-omicron-ya-representa-mas-del-60-de-los-casos\/","title":{"rendered":"La variante BQ.1 de \u00d3micron ya representa m\u00e1s del 60% de los casos"},"content":{"rendered":"\n<p>Los especialistas informaron que al tratarse de una subvariante &#8220;con mutaciones asociadas con evasi\u00f3n inmune&#8221;, recomiendan reforzar las medidas de cuidado y la aplicaci\u00f3n de dosis de refuerzos.<\/p>\n\n\n\n<p>El linaje BQ.1 de \u00d3micron y sus derivados<strong>&nbsp;ya representan m\u00e1s del 60 por ciento de los casos de coronavirus detectados en la zona del \u00c1rea Metropolitana de Buenos Aires<\/strong>&nbsp;(AMBA), seg\u00fan un informe de Proyecto Argentino Interinstitucional de Gen\u00f3mica de SARS-CoV-2 (PAIS) que concluy\u00f3 que al tratarse de una subvariante &#8220;con mutaciones asociadas con evasi\u00f3n inmune se recomienda reforzar medidas de cuidado y la aplicaci\u00f3n de dosis de refuerzos&#8221;.<\/p>\n\n\n\n<p>No obstante,&nbsp;<strong>los expertos advierten que &#8220;gracias a la inmunidad natural y por vacunas no se espera un impacto sanitario importante&#8221;.<\/strong><\/p>\n\n\n\n<p>&#8220;El linaje BQ.1 y sus derivados (como BQ.1.1) comenzaron a detectarse en el AMBA en las semanas epidemiol\u00f3gicas 41-42 (del 10 al 23 de octubre), y para las semanas 47 y 48 (21 de noviembre al 4 de diciembre) se asociaron con el 62,5% de los casos analizados. Tambi\u00e9n se realiz\u00f3 la detecci\u00f3n de otros linajes emergentes como el linaje recombinante XBB (dos casos) y linajes derivados del BA.2.75 (linajes BN y BY)&#8221;, indic\u00f3 el informe.<\/p>\n\n\n\n<p><strong>El vir\u00f3logo Humberto Debat, integrante del Proyecto Pa\u00eds<\/strong>, se\u00f1al\u00f3 que &#8220;en el informe anterior del Ministerio de Salud avisaba que BQ.1 y XBB hab\u00edan sido detectadas; este reporte actual lo que muestra es la evoluci\u00f3n de la frecuencia de estas versiones del virus que se caracterizan por estar asociadas a mayor escape inmune y una ventaja de crecimiento&#8221;.<\/p>\n\n\n\n<blockquote class=\"wp-block-quote is-layout-flow wp-block-quote-is-layout-flow\"><p>&#8220;Es importante destacar que esta subvariante nos encuentra en otro momento de la pandemia con muchas personas vacunadas y muchas que han tenido infecciones previas&#8221;<\/p><\/blockquote>\n\n\n\n<p>Y continu\u00f3<strong>: &#8220;Estas propiedades explican su aumento de frecuencia y desplazamiento de otros sublinajes de \u00d3micron como ba.4 y ba.5 que ahora son minoritarios al menos en el AMBA&#8221;.<\/strong><\/p>\n\n\n\n<p>&#8220;Sin embargo, es importante destacar que esta subvariante nos encuentra en otro momento de la pandemia con muchas personas vacunadas y muchas que han tenido infecciones previas. Si estas variantes hubieran sido previas a esta situaci\u00f3n su impacto sanitario hubiera sido terrible; en cambio hoy en el escenario que estamos no se esperan hospitalizaciones y muertes en cantidad, aunque por supuesto que van a haber algunas&#8221;, sostuvo.<\/p>\n\n\n\n<p>En este contexto,\u00a0<strong>el informe\u00a0<\/strong>se\u00f1al\u00f3 que &#8220;el linaje BQ.1 y sus derivados presentan mutaciones asociadas con evasi\u00f3n inmune (es decir que son capaces de generar mecanismos que evaden la respuesta generada en el sistema inmunol\u00f3gico por infecciones previas o vacunas), por lo que se recomienda reforzar las medidas de cuidado y la aplicaci\u00f3n de refuerzos para la prevenci\u00f3n de la Covid-19 severa&#8221;.<\/p>\n\n\n\n<h2 class=\"wp-block-heading\">Autoridades confirmaron el aumento de casos<\/h2>\n\n\n\n<p>Por su parte,\u00a0<strong>el jefe de asesores del Ministerio de Salud de la provincia de Buenos Aires, Enio Garc\u00eda<\/strong>, dijo este martes que se registra un aumento de los casos de coronavirus pero que hasta ahora\u00a0<strong>no se detecta &#8220;una suba de los casos graves o de internaciones&#8221;<\/strong>, al tiempo que inst\u00f3 a\u00a0completar todo el esquema de vacunaci\u00f3n.<\/p>\n\n\n\n<p>&#8220;Cerramos la semana el domingo, y ah\u00ed registramos que la semana anterior hubo un aumento de 140% de los casos, pero comparando con la de hace dos semanas ya vimos registrado un aumento de cerca 400% de los casos&#8221;, dijo este martes el asesor en declaraciones a radio Provincia.<\/p>\n\n\n\n<p>El funcionario reconoci\u00f3 que<strong>&nbsp;&#8220;viene subiendo la cantidad de casos&#8221; y precis\u00f3: &#8220;Est\u00e1bamos en un promedio de 780 casos por d\u00eda y pasamos a un promedio de 1.700 casos por d\u00eda&#8221;.<\/strong><\/p>\n\n\n\n<blockquote class=\"wp-block-quote is-layout-flow wp-block-quote-is-layout-flow\"><p>&#8220;Cerramos la semana el domingo, y ah\u00ed registramos que la semana anterior hubo un aumento de 140% de los casos&#8221;<\/p><cite>Enio Garc\u00eda,&nbsp;jefe de asesores del Ministerio de Salud de la provincia de Buenos Aires<\/cite><\/blockquote>\n\n\n\n<p>&#8220;Hay que matizar el tema de los casos porque tambi\u00e9n cambi\u00f3 el modo de vigilancia, en otro momento el modelo de vigilancia era exhaustivo, se hac\u00eda el diagn\u00f3stico por test o nexo epidemiol\u00f3gico, hab\u00eda baja circulaci\u00f3n de otros virus, pero ahora estamos en un contexto donde el Covid entra en el escenario junto con otros virus que est\u00e1n circulando&#8221;, coment\u00f3 Garc\u00eda.<\/p>\n\n\n\n<p>En esa l\u00ednea,&nbsp;<strong>el asesor provincial agreg\u00f3 que, adem\u00e1s, &#8220;hay un contacto generalizado (entre las personas), entonces no se hace m\u00e1s una vigilancia exclusiva de Covid-19, y por eso los n\u00fameros no son tan representativos como en otras etapas de la pandemia&#8221;.<\/strong><\/p>\n\n\n\n<p>&#8220;Los n\u00fameros marcan una tendencia y la tendencia, es una tendencia de suba de casos, m\u00e1s acelerada en las \u00faltimas semanas&#8221;, precis\u00f3.<\/p>\n\n\n\n<p>No obstante, Garc\u00eda dijo que &#8220;la buena noticia en este contexto es que no estamos viendo un correlato en t\u00e9rminos de casos graves o internaciones en terapia intensiva&#8221;, y que eso &#8220;puede tener que ver con dos<\/p>\n\n\n\n<p>&#8220;Una cuesti\u00f3n es la vacunaci\u00f3n, conseguimos los \u00edndices de vacunaci\u00f3n m\u00e1s altos a nivel mundial, tenemos m\u00e1s del 90% de cobertura en provincia de Buenos Aires&#8221;, detall\u00f3.<\/p>\n\n\n\n<p>Por otro lado, el funcionario mencion\u00f3 la &#8220;hip\u00f3tesis de que los virus van mutando y este virus tiene mucha capacidad de mutaci\u00f3n; pareciera que estas mutaciones generan una cierta convivencia de los virus con la sociedad en general&#8221;.<\/p>\n\n\n\n<p>Asimismo,<strong>&nbsp;asegur\u00f3 que es necesario para aquellos que no tienen los esfuerzos acercarse a los vacunatorios.<\/strong><\/p>\n\n\n\n<p>&#8220;Empez\u00f3 a haber demanda y ahora son los municipios los que gestionan los vacunatorios, nosotros desde la provincia estamos ayudando a los municipios&#8221;, afirm\u00f3 Garc\u00eda tras aclarar que &#8220;la l\u00f3gica es que la gente pueda vacunarse para que cortemos la circulaci\u00f3n o sigamos con esta racha de no tener tantos casos graves&#8221;.<\/p>\n\n\n\n<blockquote class=\"wp-block-quote is-layout-flow wp-block-quote-is-layout-flow\"><p>&#8220;Empez\u00f3 a haber demanda y ahora son los municipios los que gestionan los vacunatorios, nosotros desde la provincia estamos ayudando a los municipios&#8221;<\/p><\/blockquote>\n\n\n\n<p>El pasado lunes, frente a la suba de casos de coronavirus el Ministerio de Salud de la Naci\u00f3n renov\u00f3 las recomendaciones sobre el uso de barbijos en lugares cerrados y transporte p\u00fablico, asegurar la ventilaci\u00f3n de los ambientes y no acudir a actividades laborales, educativas, sociales o lugares p\u00fablicos en caso de presentar s\u00edntomas.<\/p>\n","protected":false},"excerpt":{"rendered":"<p>Los especialistas informaron que al tratarse de una subvariante &#8220;con mutaciones asociadas con evasi\u00f3n inmune&#8221;, recomiendan reforzar las medidas de cuidado y la aplicaci\u00f3n de dosis de refuerzos. El linaje&hellip; <\/p>\n","protected":false},"author":8,"featured_media":27214,"comment_status":"closed","ping_status":"open","sticky":false,"template":"","format":"standard","meta":{"footnotes":""},"categories":[1],"tags":[],"class_list":["post-27213","post","type-post","status-publish","format-standard","has-post-thumbnail","hentry","category-informacion-general"],"_links":{"self":[{"href":"https:\/\/corrientesdetarde.com\/index.php\/wp-json\/wp\/v2\/posts\/27213","targetHints":{"allow":["GET"]}}],"collection":[{"href":"https:\/\/corrientesdetarde.com\/index.php\/wp-json\/wp\/v2\/posts"}],"about":[{"href":"https:\/\/corrientesdetarde.com\/index.php\/wp-json\/wp\/v2\/types\/post"}],"author":[{"embeddable":true,"href":"https:\/\/corrientesdetarde.com\/index.php\/wp-json\/wp\/v2\/users\/8"}],"replies":[{"embeddable":true,"href":"https:\/\/corrientesdetarde.com\/index.php\/wp-json\/wp\/v2\/comments?post=27213"}],"version-history":[{"count":1,"href":"https:\/\/corrientesdetarde.com\/index.php\/wp-json\/wp\/v2\/posts\/27213\/revisions"}],"predecessor-version":[{"id":27215,"href":"https:\/\/corrientesdetarde.com\/index.php\/wp-json\/wp\/v2\/posts\/27213\/revisions\/27215"}],"wp:featuredmedia":[{"embeddable":true,"href":"https:\/\/corrientesdetarde.com\/index.php\/wp-json\/wp\/v2\/media\/27214"}],"wp:attachment":[{"href":"https:\/\/corrientesdetarde.com\/index.php\/wp-json\/wp\/v2\/media?parent=27213"}],"wp:term":[{"taxonomy":"category","embeddable":true,"href":"https:\/\/corrientesdetarde.com\/index.php\/wp-json\/wp\/v2\/categories?post=27213"},{"taxonomy":"post_tag","embeddable":true,"href":"https:\/\/corrientesdetarde.com\/index.php\/wp-json\/wp\/v2\/tags?post=27213"}],"curies":[{"name":"wp","href":"https:\/\/api.w.org\/{rel}","templated":true}]}}