{"id":27216,"date":"2022-12-13T15:45:59","date_gmt":"2022-12-13T18:45:59","guid":{"rendered":"https:\/\/corrientesdetarde.com\/?p=27216"},"modified":"2022-12-13T15:47:22","modified_gmt":"2022-12-13T18:47:22","slug":"la-provincia-concluyo-el-recapado-de-17-cuadras-del-barrio-beron-de-astrada","status":"publish","type":"post","link":"https:\/\/corrientesdetarde.com\/index.php\/informacion-general\/la-provincia-concluyo-el-recapado-de-17-cuadras-del-barrio-beron-de-astrada\/","title":{"rendered":"La Provincia concluy\u00f3 el recapado de 17 cuadras del barrio Ber\u00f3n de Astrada"},"content":{"rendered":"\n<p>El Gobierno provincial concluy\u00f3 los trabajos&nbsp;de reasfaltado con concreto caliente de 17 cuadras del barrio Ber\u00f3n de Astrada, que comenzaron a mediados de la semana pasada por&nbsp;la calle bulevar, Rep\u00fablica de El L\u00edbano, frente a la zona de un conocido complejo escolar.<\/p>\n\n\n\n<p>Estas obras, fueron llevadas adelante por el ministerio de Obras y Servicios P\u00fablicos a trav\u00e9s de Vialidad Urbana, siguiendo los lineamientos expresos del propio gobernador&nbsp;Gustavo Vald\u00e9s,&nbsp;en el marco de asistencia a la comuna capitalina.<\/p>\n\n\n\n<p>Este reasfaltado&nbsp;incluy\u00f3 a las calles Fray Luis Beltr\u00e1n, Lamadrid,&nbsp;Las Heras, Necochea, Plumerillo y Sargento Baigorria entre Rep\u00fablica del L\u00edbano y avenida Maip\u00fa, as\u00ed como Rep\u00fablica del L\u00edbano entre la avenida Sarmiento y Aviador J. Correa Fern\u00e1ndez.<\/p>\n\n\n\n<p>En dichas calles, luego del trabajo de sellado de juntas se volc\u00f3 una carpeta&nbsp;de asfalto caliente de entre 5 y 8 cent\u00edmetros de espesor, totalizando&nbsp;&nbsp;m\u00e1s de 1.700 metros lineales de asfalto caliente sobre calzada promedio de 7 metros de ancho.<\/p>\n\n\n\n<p>Esta obra fue ejecutada por administraci\u00f3n, con personal y maquinarias propias del Gobierno Provincial exclusivamente, hecho que\u00a0posibilit\u00f3 un importante ahorro en el costo final de los trabajos.<\/p>\n\n\n\n<figure class=\"wp-block-image size-full\"><img loading=\"lazy\" decoding=\"async\" width=\"768\" height=\"513\" src=\"https:\/\/corrientesdetarde.com\/wp-content\/uploads\/2022\/12\/image-181.png\" alt=\"\" class=\"wp-image-27220\" srcset=\"https:\/\/corrientesdetarde.com\/wp-content\/uploads\/2022\/12\/image-181.png 768w, https:\/\/corrientesdetarde.com\/wp-content\/uploads\/2022\/12\/image-181-300x200.png 300w, https:\/\/corrientesdetarde.com\/wp-content\/uploads\/2022\/12\/image-181-272x182.png 272w\" sizes=\"auto, (max-width: 768px) 100vw, 768px\" \/><\/figure>\n","protected":false},"excerpt":{"rendered":"<p>El Gobierno provincial concluy\u00f3 los trabajos&nbsp;de reasfaltado con concreto caliente de 17 cuadras del barrio Ber\u00f3n de Astrada, que comenzaron a mediados de la semana pasada por&nbsp;la calle bulevar, Rep\u00fablica&hellip; <\/p>\n","protected":false},"author":8,"featured_media":27217,"comment_status":"closed","ping_status":"open","sticky":false,"template":"","format":"standard","meta":{"footnotes":""},"categories":[1],"tags":[],"class_list":["post-27216","post","type-post","status-publish","format-standard","has-post-thumbnail","hentry","category-informacion-general"],"_links":{"self":[{"href":"https:\/\/corrientesdetarde.com\/index.php\/wp-json\/wp\/v2\/posts\/27216","targetHints":{"allow":["GET"]}}],"collection":[{"href":"https:\/\/corrientesdetarde.com\/index.php\/wp-json\/wp\/v2\/posts"}],"about":[{"href":"https:\/\/corrientesdetarde.com\/index.php\/wp-json\/wp\/v2\/types\/post"}],"author":[{"embeddable":true,"href":"https:\/\/corrientesdetarde.com\/index.php\/wp-json\/wp\/v2\/users\/8"}],"replies":[{"embeddable":true,"href":"https:\/\/corrientesdetarde.com\/index.php\/wp-json\/wp\/v2\/comments?post=27216"}],"version-history":[{"count":2,"href":"https:\/\/corrientesdetarde.com\/index.php\/wp-json\/wp\/v2\/posts\/27216\/revisions"}],"predecessor-version":[{"id":27221,"href":"https:\/\/corrientesdetarde.com\/index.php\/wp-json\/wp\/v2\/posts\/27216\/revisions\/27221"}],"wp:featuredmedia":[{"embeddable":true,"href":"https:\/\/corrientesdetarde.com\/index.php\/wp-json\/wp\/v2\/media\/27217"}],"wp:attachment":[{"href":"https:\/\/corrientesdetarde.com\/index.php\/wp-json\/wp\/v2\/media?parent=27216"}],"wp:term":[{"taxonomy":"category","embeddable":true,"href":"https:\/\/corrientesdetarde.com\/index.php\/wp-json\/wp\/v2\/categories?post=27216"},{"taxonomy":"post_tag","embeddable":true,"href":"https:\/\/corrientesdetarde.com\/index.php\/wp-json\/wp\/v2\/tags?post=27216"}],"curies":[{"name":"wp","href":"https:\/\/api.w.org\/{rel}","templated":true}]}}