{"id":27225,"date":"2022-12-13T17:05:32","date_gmt":"2022-12-13T20:05:32","guid":{"rendered":"https:\/\/corrientesdetarde.com\/?p=27225"},"modified":"2022-12-13T17:05:35","modified_gmt":"2022-12-13T20:05:35","slug":"el-icaa-brindo-capacitacion-en-taller-sobre-agenda-ambiental","status":"publish","type":"post","link":"https:\/\/corrientesdetarde.com\/index.php\/medio-ambiente\/el-icaa-brindo-capacitacion-en-taller-sobre-agenda-ambiental\/","title":{"rendered":"El ICAA brind\u00f3 capacitaci\u00f3n en taller sobre Agenda Ambiental"},"content":{"rendered":"\n<p>Las misiones y funciones del Instituto Correntino del Agua y del Ambiente (ICAA), en particular el procedimiento de Evaluaci\u00f3n de Impacto Ambiental (EIA) que se realiza en la Provincia, fueron presentados en el taller Agenda Ambiental realizado en Santo Tom\u00e9, dando inicio a las capacitaciones en convenio con la Escuela de Formaci\u00f3n Profesional de la Universidad Nacional del Nordeste (UNNE). El curso tuvo lugar en la sede de la extensi\u00f3n \u00e1ulica de la UNNE en dicha ciudad, el 7 de diciembre reciente, en la que representantes del ICAA expusieron sobre aspectos institucionales y t\u00e9cnicos ante un nutrido grupo de autoridades, funcionarios y agentes&nbsp;de municipios de la regi\u00f3n que se dedican a la gesti\u00f3n ambiental de sus localidades.<\/p>\n\n\n\n<p>La apertura del encuentro estuvo a cargo del coordinador de la Escuela Profesional de la UNNE, Emilio Moralez Hanuch, qui\u00e9n explic\u00f3 los alcances del convenio de cooperaci\u00f3n con las distintas instituciones. Posteriormente, Paula Gonz\u00e1lez, en representaci\u00f3n del ICAA present\u00f3 a los expositores. En primer lugar, el administrador general del ICAA, Mario Salvia, efectu\u00f3 la presentaci\u00f3n institucional del organismo provincial dedicado a los procedimientos t\u00e9cnicos y administrativos relacionados con la gesti\u00f3n ambiental, de los recursos h\u00eddricos, recursos mineros, tierras e islas fiscales de la Provincia.<\/p>\n\n\n\n<p>A su turno, la gerente de Gesti\u00f3n Ambiental del ICAA, Carolina Sartirana, se explay\u00f3 sobre los aspectos t\u00e9cnicos del procedimiento de EIA, que inicia con la presentaci\u00f3n del Aviso de Proyecto para diferentes propuestas tanto de obras de infraestructura como de desarrollo productivo en general, seg\u00fan lo establece la Ley N\u00ba 5067 y otras normativas ambientales. Asimismo, el presidente de la Fundaci\u00f3n IngeCap, Carlos Meo D\u00b4Ecclesiis, brind\u00f3 una capacitaci\u00f3n en el marco de la tem\u00e1tica desarrollada en la jornada.<\/p>\n\n\n\n<p>Estuvieron presentes, el director de Extensi\u00f3n \u00c1ulica de la UNNE, Daniel G\u00f3mez; la viceintendenta de la Municipalidad de Alvear, Carina Nazer; de la Municipalidad de Santo Tom\u00e9, el director de Industria, Carlos Cabral; el secretario Juan Pablo Arroniz y el secretario de Ambiente, entre otros. Los talleres de Agenda Ambiental de la Escuela de Formaci\u00f3n Profesional de la UNNE continuar\u00e1n pr\u00f3ximamente en varias localidades del interior provincial.\u00a0<\/p>\n\n\n\n<figure class=\"wp-block-image size-large\"><img loading=\"lazy\" decoding=\"async\" width=\"1024\" height=\"768\" src=\"https:\/\/corrientesdetarde.com\/wp-content\/uploads\/2022\/12\/image-182-1024x768.png\" alt=\"\" class=\"wp-image-27226\" srcset=\"https:\/\/corrientesdetarde.com\/wp-content\/uploads\/2022\/12\/image-182-1024x768.png 1024w, https:\/\/corrientesdetarde.com\/wp-content\/uploads\/2022\/12\/image-182-300x225.png 300w, https:\/\/corrientesdetarde.com\/wp-content\/uploads\/2022\/12\/image-182-768x576.png 768w, https:\/\/corrientesdetarde.com\/wp-content\/uploads\/2022\/12\/image-182.png 1280w\" sizes=\"auto, (max-width: 1024px) 100vw, 1024px\" \/><\/figure>\n","protected":false},"excerpt":{"rendered":"<p>Las misiones y funciones del Instituto Correntino del Agua y del Ambiente (ICAA), en particular el procedimiento de Evaluaci\u00f3n de Impacto Ambiental (EIA) que se realiza en la Provincia, fueron&hellip; <\/p>\n","protected":false},"author":8,"featured_media":27227,"comment_status":"closed","ping_status":"open","sticky":false,"template":"","format":"standard","meta":{"footnotes":""},"categories":[6],"tags":[],"class_list":["post-27225","post","type-post","status-publish","format-standard","has-post-thumbnail","hentry","category-medio-ambiente"],"_links":{"self":[{"href":"https:\/\/corrientesdetarde.com\/index.php\/wp-json\/wp\/v2\/posts\/27225","targetHints":{"allow":["GET"]}}],"collection":[{"href":"https:\/\/corrientesdetarde.com\/index.php\/wp-json\/wp\/v2\/posts"}],"about":[{"href":"https:\/\/corrientesdetarde.com\/index.php\/wp-json\/wp\/v2\/types\/post"}],"author":[{"embeddable":true,"href":"https:\/\/corrientesdetarde.com\/index.php\/wp-json\/wp\/v2\/users\/8"}],"replies":[{"embeddable":true,"href":"https:\/\/corrientesdetarde.com\/index.php\/wp-json\/wp\/v2\/comments?post=27225"}],"version-history":[{"count":1,"href":"https:\/\/corrientesdetarde.com\/index.php\/wp-json\/wp\/v2\/posts\/27225\/revisions"}],"predecessor-version":[{"id":27228,"href":"https:\/\/corrientesdetarde.com\/index.php\/wp-json\/wp\/v2\/posts\/27225\/revisions\/27228"}],"wp:featuredmedia":[{"embeddable":true,"href":"https:\/\/corrientesdetarde.com\/index.php\/wp-json\/wp\/v2\/media\/27227"}],"wp:attachment":[{"href":"https:\/\/corrientesdetarde.com\/index.php\/wp-json\/wp\/v2\/media?parent=27225"}],"wp:term":[{"taxonomy":"category","embeddable":true,"href":"https:\/\/corrientesdetarde.com\/index.php\/wp-json\/wp\/v2\/categories?post=27225"},{"taxonomy":"post_tag","embeddable":true,"href":"https:\/\/corrientesdetarde.com\/index.php\/wp-json\/wp\/v2\/tags?post=27225"}],"curies":[{"name":"wp","href":"https:\/\/api.w.org\/{rel}","templated":true}]}}