{"id":27300,"date":"2022-12-13T23:16:12","date_gmt":"2022-12-14T02:16:12","guid":{"rendered":"https:\/\/corrientesdetarde.com\/?p=27300"},"modified":"2022-12-13T23:16:16","modified_gmt":"2022-12-14T02:16:16","slug":"con-siete-oradores-se-realizo-la-audiencia-publica-por-el-boleto-urbano-en-corrientes","status":"publish","type":"post","link":"https:\/\/corrientesdetarde.com\/index.php\/sociales\/con-siete-oradores-se-realizo-la-audiencia-publica-por-el-boleto-urbano-en-corrientes\/","title":{"rendered":"Con siete oradores, se realiz\u00f3 la audiencia p\u00fablica por el boleto urbano en Corrientes"},"content":{"rendered":"\n<p>Este martes, en el recinto de sesiones del Honorable Concejo Deliberante (HCD) de la Ciudad de Corrientes se realiz\u00f3 la audiencia p\u00fablica por el Proyecto de Ordenanza de Actualizaci\u00f3n Tarifaria del Transporte Urbano de Pasajeros. El encuentro arranc\u00f3 puntual a las 8 horas, con la presencia de 16 concejales, incluido el presidente Alfredo Vallejos.<\/p>\n\n\n\n<p>En la ocasi\u00f3n, asistieron siete, de los nueve oradores inscriptos, quienes brindaron su opini\u00f3n respecto a este proyecto y a cuestiones vinculadas a la calidad del servicio. Entre ellos, hubo representantes de la Defensor\u00eda de los Vecinos, del Foro de Comisiones Vecinales, de la C\u00e1mara Empresaria del Transporte Urbano (CETUC) y particulares.<\/p>\n\n\n\n<p>Durante la audiencia se respet\u00f3 el tiempo estipulado por la Ordenanza 5345, por lo que todos los participantes hicieron uso de la palabra por un lapso m\u00e1ximo de diez minutos. Es de resaltar que todo se desarroll\u00f3 en el marco de un clima participativo y de respeto.<\/p>\n\n\n\n<p>Entre los conceptos que se pudieron escuchar en la ocasi\u00f3n se encuentran la actualizaci\u00f3n de tarifas supeditada a mejoras en la calidad del servicio, nuevas unidades, mejor frecuencia, garitas, refugios y mayores controles al sistema.<\/p>\n\n\n\n<p>Sobre el expediente, hay que especificar que el empresariado local solicit\u00f3 que el boleto de colectivos sea de 145,12 pesos, mientras que el dictamen t\u00e9cnico del Sistema Integrado de Movilidad Urbana (SIMU) recomend\u00f3 fijarlo en 116,96 pesos. Posteriormente, y habi\u00e9ndose conocido con exactitud los montos destinados a subsidios por parte del gobierno provincial, un nuevo c\u00e1lculo arroj\u00f3 una tarifa de 100,63 pesos.<\/p>\n\n\n\n<p>Cabe se\u00f1alar que, si bien la audiencia es de car\u00e1cter no vinculante, todas las opiniones y propuestas formar\u00e1n parte de un informe que ser\u00e1 analizado por los concejales en las Comisiones de Obras, Legislaci\u00f3n y Hacienda.<\/p>\n","protected":false},"excerpt":{"rendered":"<p>Este martes, en el recinto de sesiones del Honorable Concejo Deliberante (HCD) de la Ciudad de Corrientes se realiz\u00f3 la audiencia p\u00fablica por el Proyecto de Ordenanza de Actualizaci\u00f3n Tarifaria&hellip; <\/p>\n","protected":false},"author":1,"featured_media":27307,"comment_status":"closed","ping_status":"open","sticky":false,"template":"","format":"standard","meta":{"footnotes":""},"categories":[17],"tags":[],"class_list":["post-27300","post","type-post","status-publish","format-standard","has-post-thumbnail","hentry","category-sociales"],"_links":{"self":[{"href":"https:\/\/corrientesdetarde.com\/index.php\/wp-json\/wp\/v2\/posts\/27300","targetHints":{"allow":["GET"]}}],"collection":[{"href":"https:\/\/corrientesdetarde.com\/index.php\/wp-json\/wp\/v2\/posts"}],"about":[{"href":"https:\/\/corrientesdetarde.com\/index.php\/wp-json\/wp\/v2\/types\/post"}],"author":[{"embeddable":true,"href":"https:\/\/corrientesdetarde.com\/index.php\/wp-json\/wp\/v2\/users\/1"}],"replies":[{"embeddable":true,"href":"https:\/\/corrientesdetarde.com\/index.php\/wp-json\/wp\/v2\/comments?post=27300"}],"version-history":[{"count":1,"href":"https:\/\/corrientesdetarde.com\/index.php\/wp-json\/wp\/v2\/posts\/27300\/revisions"}],"predecessor-version":[{"id":27308,"href":"https:\/\/corrientesdetarde.com\/index.php\/wp-json\/wp\/v2\/posts\/27300\/revisions\/27308"}],"wp:featuredmedia":[{"embeddable":true,"href":"https:\/\/corrientesdetarde.com\/index.php\/wp-json\/wp\/v2\/media\/27307"}],"wp:attachment":[{"href":"https:\/\/corrientesdetarde.com\/index.php\/wp-json\/wp\/v2\/media?parent=27300"}],"wp:term":[{"taxonomy":"category","embeddable":true,"href":"https:\/\/corrientesdetarde.com\/index.php\/wp-json\/wp\/v2\/categories?post=27300"},{"taxonomy":"post_tag","embeddable":true,"href":"https:\/\/corrientesdetarde.com\/index.php\/wp-json\/wp\/v2\/tags?post=27300"}],"curies":[{"name":"wp","href":"https:\/\/api.w.org\/{rel}","templated":true}]}}