{"id":27310,"date":"2022-12-13T23:41:15","date_gmt":"2022-12-14T02:41:15","guid":{"rendered":"https:\/\/corrientesdetarde.com\/?p=27310"},"modified":"2022-12-13T23:41:19","modified_gmt":"2022-12-14T02:41:19","slug":"nacieron-pecaries-de-collar-en-el-parque-ibera","status":"publish","type":"post","link":"https:\/\/corrientesdetarde.com\/index.php\/medio-ambiente\/nacieron-pecaries-de-collar-en-el-parque-ibera\/","title":{"rendered":"Nacieron pecar\u00edes de collar en el parque iber\u00e1"},"content":{"rendered":"\n<p>El pecar\u00ed de collar se extingui\u00f3 hace unos 50 a\u00f1os de la provincia de Corrientes. Pero ha vuelto a Iber\u00e1 de la mano de uno de los proyectos m\u00e1s exitosos que gestiona la Fundaci\u00f3n Rewilding Argentina en el parque, desde el a\u00f1o 2015.<\/p>\n\n\n\n<p>&#8220;En octubre y noviembre, como cada a\u00f1o, observamos nuevas cr\u00edas de pecar\u00ed de collar. Esta vez en los cinco n\u00facleos del parque donde reintrodujimos la especie&#8221;, mencionaron desde la fundaci\u00f3n.<\/p>\n\n\n\n<p>Extinto por varias d\u00e9cadas, este peque\u00f1o &#8220;cerdo&#8221; nativo volvi\u00f3 a ser parte del Iber\u00e1, de su naturaleza y su cultura.<\/p>\n\n\n\n<figure class=\"wp-block-image\"><img decoding=\"async\" src=\"https:\/\/www.diarioepoca.com\/content\/bucket\/1\/1268631h720.jpg.webp\" alt=\"rewilding_argentina_319659137_2054344858094399_6150609607327655097_n.jpg\"\/><figcaption>Fotos: Sebasti\u00e1n Navajas<\/figcaption><\/figure>\n\n\n\n<figure class=\"wp-block-image\"><img decoding=\"async\" src=\"https:\/\/www.diarioepoca.com\/content\/bucket\/2\/1268632h720.jpg.webp\" alt=\"rewilding_argentina_319329050_140499161856307_7434093428200658394_n.jpg\"\/><figcaption>Fotos: Sebasti\u00e1n Navajas<\/figcaption><\/figure>\n","protected":false},"excerpt":{"rendered":"<p>El pecar\u00ed de collar se extingui\u00f3 hace unos 50 a\u00f1os de la provincia de Corrientes. Pero ha vuelto a Iber\u00e1 de la mano de uno de los proyectos m\u00e1s exitosos&hellip; <\/p>\n","protected":false},"author":1,"featured_media":27314,"comment_status":"closed","ping_status":"open","sticky":false,"template":"","format":"standard","meta":{"footnotes":""},"categories":[6],"tags":[],"class_list":["post-27310","post","type-post","status-publish","format-standard","has-post-thumbnail","hentry","category-medio-ambiente"],"_links":{"self":[{"href":"https:\/\/corrientesdetarde.com\/index.php\/wp-json\/wp\/v2\/posts\/27310","targetHints":{"allow":["GET"]}}],"collection":[{"href":"https:\/\/corrientesdetarde.com\/index.php\/wp-json\/wp\/v2\/posts"}],"about":[{"href":"https:\/\/corrientesdetarde.com\/index.php\/wp-json\/wp\/v2\/types\/post"}],"author":[{"embeddable":true,"href":"https:\/\/corrientesdetarde.com\/index.php\/wp-json\/wp\/v2\/users\/1"}],"replies":[{"embeddable":true,"href":"https:\/\/corrientesdetarde.com\/index.php\/wp-json\/wp\/v2\/comments?post=27310"}],"version-history":[{"count":1,"href":"https:\/\/corrientesdetarde.com\/index.php\/wp-json\/wp\/v2\/posts\/27310\/revisions"}],"predecessor-version":[{"id":27315,"href":"https:\/\/corrientesdetarde.com\/index.php\/wp-json\/wp\/v2\/posts\/27310\/revisions\/27315"}],"wp:featuredmedia":[{"embeddable":true,"href":"https:\/\/corrientesdetarde.com\/index.php\/wp-json\/wp\/v2\/media\/27314"}],"wp:attachment":[{"href":"https:\/\/corrientesdetarde.com\/index.php\/wp-json\/wp\/v2\/media?parent=27310"}],"wp:term":[{"taxonomy":"category","embeddable":true,"href":"https:\/\/corrientesdetarde.com\/index.php\/wp-json\/wp\/v2\/categories?post=27310"},{"taxonomy":"post_tag","embeddable":true,"href":"https:\/\/corrientesdetarde.com\/index.php\/wp-json\/wp\/v2\/tags?post=27310"}],"curies":[{"name":"wp","href":"https:\/\/api.w.org\/{rel}","templated":true}]}}