{"id":27574,"date":"2022-12-15T09:42:23","date_gmt":"2022-12-15T12:42:23","guid":{"rendered":"https:\/\/corrientesdetarde.com\/?p=27574"},"modified":"2022-12-15T09:42:26","modified_gmt":"2022-12-15T12:42:26","slug":"adelanto-la-fiesta-nacional-del-chamame-tiene-sus-primeros-artistas-confirmados","status":"publish","type":"post","link":"https:\/\/corrientesdetarde.com\/index.php\/cultura\/adelanto-la-fiesta-nacional-del-chamame-tiene-sus-primeros-artistas-confirmados\/","title":{"rendered":"Adelanto: la Fiesta Nacional del Chamam\u00e9 tiene sus primeros artistas confirmados"},"content":{"rendered":"\n<p>El Instituto de Cultura dio a conocer un adelanto de los m\u00fasicos que se presentar\u00e1n en el anfiteatro Cocomarola.\u00a0<\/p>\n\n\n\n<p>El presidente del Instituto de Cultura, Gabriel Romero, dio a conocer este mi\u00e9rcoles un adelanto de la grilla de la Fiesta Nacional del Chamam\u00e9, que se llevar\u00e1 adelante desde el viernes 13 de enero del 2023.<\/p>\n\n\n\n<p>Entre los m\u00fasicos destacados se encuentran&nbsp;&nbsp;<strong>Antonio Tarrag\u00f3 Ros, Ofelia Leiva, Teresa Parodi,&nbsp;Chango Spasiuk,&nbsp;Los de Imaguar\u00e9,&nbsp;La Princesita Karina,&nbsp;Nahuel Penissi y&nbsp;Zoe Gotusso<\/strong>,&nbsp; entre otros.&nbsp;<\/p>\n\n\n\n<p><strong>GRILLA PRELIMINAR<\/strong><\/p>\n\n\n\n<p><strong>13\/01<\/strong><\/p>\n\n\n\n<p>Antonio Tarrag\u00f3 Ros<\/p>\n\n\n\n<p>Cacho Esp\u00edndola<\/p>\n\n\n\n<p>Hugo Leiva y la nueva estirpe<\/p>\n\n\n\n<p>Tajy<\/p>\n\n\n\n<p>Grupo Ip\u00fa Por\u00e1<\/p>\n\n\n\n<p>Analia Espindola<\/p>\n\n\n\n<p><strong>14\/01<\/strong><\/p>\n\n\n\n<p>Ofelia Leiva<\/p>\n\n\n\n<p>Gabriel Cocomarola<\/p>\n\n\n\n<p>Poquito Aranda<\/p>\n\n\n\n<p>Orquesta Folcl\u00f3rica de Corrientes&nbsp;<\/p>\n\n\n\n<p>Chamam\u00e9 Ku\u00f1\u00e1<\/p>\n\n\n\n<p><strong>15\/01<\/strong><\/p>\n\n\n\n<p>Teresa Parodi<\/p>\n\n\n\n<p>Amanday\u00e9<\/p>\n\n\n\n<p>Coquimarola y su conjunto<\/p>\n\n\n\n<p>Pancho Figueroa<\/p>\n\n\n\n<p>Cesar Frette Tr\u00edo<\/p>\n\n\n\n<p>Tupa Noy<\/p>\n\n\n\n<p><strong>16\/01<\/strong><\/p>\n\n\n\n<p>Chango Spasiuk y su grupo + Taco y suela<\/p>\n\n\n\n<p>Conjunto Vera &#8211; Monz\u00f3n&nbsp;<\/p>\n\n\n\n<p>Demir Hannah Chamam\u00e9<\/p>\n\n\n\n<p>Las Guaynas Por\u00e1&nbsp;<\/p>\n\n\n\n<p>Alan Guill\u00e9n<\/p>\n\n\n\n<p>Tallar\u00edn y las Espuelas del Litoral<\/p>\n\n\n\n<p><strong>17\/01<\/strong><\/p>\n\n\n\n<p>Nahuel Penissi&nbsp;<\/p>\n\n\n\n<p>N\u00e9lida Argentina Zen\u00f3n<\/p>\n\n\n\n<p>Juancito G\u00fcenaga y su conjunto<\/p>\n\n\n\n<p>Las Damas del Litoral<\/p>\n\n\n\n<p>Los cuatro de C\u00f3rdoba&nbsp;<\/p>\n\n\n\n<p>Mirian Asuad<\/p>\n\n\n\n<p><strong>18\/01<\/strong><\/p>\n\n\n\n<p>Zoe Gotusso con ensamble de la OFP<\/p>\n\n\n\n<p>Los Hijos de los Barrios con Yhosva<\/p>\n\n\n\n<p>Grupo Irundy<\/p>\n\n\n\n<p>Patricia G\u00f3mez Grupo<\/p>\n\n\n\n<p>Manuel Cruz y su Cuarteto Estampa Correntina<\/p>\n\n\n\n<p>L\u00e1zaro Caballero<\/p>\n\n\n\n<p><strong>19\/01<\/strong><\/p>\n\n\n\n<p>Chingoli y Mario Bofill<\/p>\n\n\n\n<p>Hermanas Vera<\/p>\n\n\n\n<p>Karina con ensamble de la OFP<\/p>\n\n\n\n<p>Rudi Flores Tr\u00edo<\/p>\n\n\n\n<p>Ver\u00f3nica Noguera<\/p>\n\n\n\n<p>Chamameceros de Ley<\/p>\n\n\n\n<p><strong>20\/01<\/strong><\/p>\n\n\n\n<p>Bocha Sheridan<\/p>\n\n\n\n<p>Los N\u00fa\u00f1ez<\/p>\n\n\n\n<p>Mar\u00eda Ofelia<\/p>\n\n\n\n<p>Mateo Villalba<\/p>\n\n\n\n<p>Juan Manuel Silveyra y su conjunto<\/p>\n\n\n\n<p>Jorge Guedes y Familia<\/p>\n\n\n\n<p><strong>21\/01<\/strong><\/p>\n\n\n\n<p>Los de Imaguar\u00e9&nbsp;<\/p>\n\n\n\n<p>N\u00e9stor y Ariel Acu\u00f1a con Roc\u00edo Ayel\u00e9n<\/p>\n\n\n\n<p>Gente de Ley<\/p>\n\n\n\n<p>Ernestito Montiel y su Cuarteto Santa Ana&nbsp;<\/p>\n\n\n\n<p>Tilo Escobar<\/p>\n\n\n\n<p>Gicela M\u00e9ndez Ribeiro<\/p>\n\n\n\n<p>Graciela Linares y Roberto Romero<\/p>\n\n\n\n<p>22\/01<\/p>\n\n\n\n<p>Los Alonsitos<\/p>\n\n\n\n<p>Franco Luciani y Victoria Birchner<\/p>\n\n\n\n<p>Susy De Pompert<\/p>\n\n\n\n<p>La Pilarcita<\/p>\n\n\n\n<p>Los Matu\u00e1 Mercede\u00f1os<\/p>\n\n\n\n<p>Mat\u00edas Barb\u00e1s y su conjunto<\/p>\n","protected":false},"excerpt":{"rendered":"<p>El Instituto de Cultura dio a conocer un adelanto de los m\u00fasicos que se presentar\u00e1n en el anfiteatro Cocomarola.\u00a0 El presidente del Instituto de Cultura, Gabriel Romero, dio a conocer&hellip; <\/p>\n","protected":false},"author":4,"featured_media":27575,"comment_status":"closed","ping_status":"open","sticky":false,"template":"","format":"standard","meta":{"footnotes":""},"categories":[15],"tags":[],"class_list":["post-27574","post","type-post","status-publish","format-standard","has-post-thumbnail","hentry","category-cultura"],"_links":{"self":[{"href":"https:\/\/corrientesdetarde.com\/index.php\/wp-json\/wp\/v2\/posts\/27574","targetHints":{"allow":["GET"]}}],"collection":[{"href":"https:\/\/corrientesdetarde.com\/index.php\/wp-json\/wp\/v2\/posts"}],"about":[{"href":"https:\/\/corrientesdetarde.com\/index.php\/wp-json\/wp\/v2\/types\/post"}],"author":[{"embeddable":true,"href":"https:\/\/corrientesdetarde.com\/index.php\/wp-json\/wp\/v2\/users\/4"}],"replies":[{"embeddable":true,"href":"https:\/\/corrientesdetarde.com\/index.php\/wp-json\/wp\/v2\/comments?post=27574"}],"version-history":[{"count":1,"href":"https:\/\/corrientesdetarde.com\/index.php\/wp-json\/wp\/v2\/posts\/27574\/revisions"}],"predecessor-version":[{"id":27576,"href":"https:\/\/corrientesdetarde.com\/index.php\/wp-json\/wp\/v2\/posts\/27574\/revisions\/27576"}],"wp:featuredmedia":[{"embeddable":true,"href":"https:\/\/corrientesdetarde.com\/index.php\/wp-json\/wp\/v2\/media\/27575"}],"wp:attachment":[{"href":"https:\/\/corrientesdetarde.com\/index.php\/wp-json\/wp\/v2\/media?parent=27574"}],"wp:term":[{"taxonomy":"category","embeddable":true,"href":"https:\/\/corrientesdetarde.com\/index.php\/wp-json\/wp\/v2\/categories?post=27574"},{"taxonomy":"post_tag","embeddable":true,"href":"https:\/\/corrientesdetarde.com\/index.php\/wp-json\/wp\/v2\/tags?post=27574"}],"curies":[{"name":"wp","href":"https:\/\/api.w.org\/{rel}","templated":true}]}}