{"id":27720,"date":"2022-12-15T23:43:49","date_gmt":"2022-12-16T02:43:49","guid":{"rendered":"https:\/\/corrientesdetarde.com\/?p=27720"},"modified":"2022-12-15T23:43:50","modified_gmt":"2022-12-16T02:43:50","slug":"la-noche-historica-del-13-regatas-homenajeara-a-paolo-quinteros-este-viernes","status":"publish","type":"post","link":"https:\/\/corrientesdetarde.com\/index.php\/deportes\/la-noche-historica-del-13-regatas-homenajeara-a-paolo-quinteros-este-viernes\/","title":{"rendered":"La noche hist\u00f3rica del 13: Regatas homenajear\u00e1 a Paolo Quinteros este viernes"},"content":{"rendered":"\n<p>Tras 24 temporadas en el m\u00e1ximo nivel, el escolta colonense decidi\u00f3 ponerle fin a una brillante carrera basquetbol\u00edstica, donde supo brillar en la liga dom\u00e9stica, torneos internacionales, en ligas extranjeras y hasta se gan\u00f3 un lugar en la Generaci\u00f3n Dorada.<\/p>\n\n\n\n<p>En esa tremenda trayectoria que llev\u00f3 adelante, sus \u00faltimas 11 temporadas las vivi\u00f3 en el equipo del parque Mitre, donde supo transformarse en referente e \u00eddolo a base de puntos y t\u00edtulos.<\/p>\n\n\n\n<p>Es por eso que la instituci\u00f3n del parque Mitre decidi\u00f3 brindarle un homenaje por su dedicaci\u00f3n, por defender los colores regatenses y siempre dejarlos en lo m\u00e1s alto.<\/p>\n\n\n\n<p>En el juego del d\u00eda viernes el Club de Regatas Corrientes retirar\u00e1 la camiseta n\u00famero 13, el ya hist\u00f3rico n\u00famero que visti\u00f3 Polo en sus 482 partidos de Liga Nacional con la camiseta del Remero, con la cual convirti\u00f3 6948 puntos que lo posicionan como el m\u00e1ximo anotador hist\u00f3rico del club, y tantos otros r\u00e9cords. &nbsp;<\/p>\n\n\n\n<p>Las entradas para el partido donde ser\u00e1 homenajeado Paolo Quinteros se vender\u00e1n a partir del mi\u00e9rcoles de 8 a 12 y de 16 a 20 en el Club de Regatas. Las populares tienen un costo de $200 para socios y $400 para no socios, mientras que las plateas cuestan $1000 para socios y $1500 para no socios.<\/p>\n","protected":false},"excerpt":{"rendered":"<p>Tras 24 temporadas en el m\u00e1ximo nivel, el escolta colonense decidi\u00f3 ponerle fin a una brillante carrera basquetbol\u00edstica, donde supo brillar en la liga dom\u00e9stica, torneos internacionales, en ligas extranjeras&hellip; <\/p>\n","protected":false},"author":1,"featured_media":27738,"comment_status":"closed","ping_status":"open","sticky":false,"template":"","format":"standard","meta":{"footnotes":""},"categories":[4],"tags":[],"class_list":["post-27720","post","type-post","status-publish","format-standard","has-post-thumbnail","hentry","category-deportes"],"_links":{"self":[{"href":"https:\/\/corrientesdetarde.com\/index.php\/wp-json\/wp\/v2\/posts\/27720","targetHints":{"allow":["GET"]}}],"collection":[{"href":"https:\/\/corrientesdetarde.com\/index.php\/wp-json\/wp\/v2\/posts"}],"about":[{"href":"https:\/\/corrientesdetarde.com\/index.php\/wp-json\/wp\/v2\/types\/post"}],"author":[{"embeddable":true,"href":"https:\/\/corrientesdetarde.com\/index.php\/wp-json\/wp\/v2\/users\/1"}],"replies":[{"embeddable":true,"href":"https:\/\/corrientesdetarde.com\/index.php\/wp-json\/wp\/v2\/comments?post=27720"}],"version-history":[{"count":1,"href":"https:\/\/corrientesdetarde.com\/index.php\/wp-json\/wp\/v2\/posts\/27720\/revisions"}],"predecessor-version":[{"id":27748,"href":"https:\/\/corrientesdetarde.com\/index.php\/wp-json\/wp\/v2\/posts\/27720\/revisions\/27748"}],"wp:featuredmedia":[{"embeddable":true,"href":"https:\/\/corrientesdetarde.com\/index.php\/wp-json\/wp\/v2\/media\/27738"}],"wp:attachment":[{"href":"https:\/\/corrientesdetarde.com\/index.php\/wp-json\/wp\/v2\/media?parent=27720"}],"wp:term":[{"taxonomy":"category","embeddable":true,"href":"https:\/\/corrientesdetarde.com\/index.php\/wp-json\/wp\/v2\/categories?post=27720"},{"taxonomy":"post_tag","embeddable":true,"href":"https:\/\/corrientesdetarde.com\/index.php\/wp-json\/wp\/v2\/tags?post=27720"}],"curies":[{"name":"wp","href":"https:\/\/api.w.org\/{rel}","templated":true}]}}