{"id":27727,"date":"2022-12-15T23:22:04","date_gmt":"2022-12-16T02:22:04","guid":{"rendered":"https:\/\/corrientesdetarde.com\/?p=27727"},"modified":"2022-12-15T23:22:08","modified_gmt":"2022-12-16T02:22:08","slug":"pedro-castillo-pasara-18-meses-de-prision-preventiva-por-autogolpe-de-estado-rebelion-conspiracion-y-abuso-de-autoridad","status":"publish","type":"post","link":"https:\/\/corrientesdetarde.com\/index.php\/internacionales\/pedro-castillo-pasara-18-meses-de-prision-preventiva-por-autogolpe-de-estado-rebelion-conspiracion-y-abuso-de-autoridad\/","title":{"rendered":"Pedro Castillo pasar\u00e1 18 meses de prisi\u00f3n preventiva por autogolpe de Estado, rebeli\u00f3n, conspiraci\u00f3n y abuso de autoridad"},"content":{"rendered":"\n<h2 class=\"wp-block-heading\">El juez Juan Carlos Checkley ley\u00f3 esta tarde la resoluci\u00f3n que ordena que el vacado presidente permanezca en el penal de Barbadillo<\/h2>\n\n\n\n<p><strong>Pedro Castillo<\/strong>&nbsp;cumplir\u00e1 una prisi\u00f3n preventiva de 18 meses, tal como hab\u00eda pedido la<strong>&nbsp;Fiscal\u00eda de la Naci\u00f3n<\/strong>&nbsp;y seg\u00fan determin\u00f3 este jueves el juez supremo<strong>&nbsp;Juan Carlos Checkley<\/strong>. El Juzgado Supremo de Investigaci\u00f3n Preparatoria retom\u00f3 la audiencia esta tarde para leer la resoluci\u00f3n. De esta manera, el expresidente permanecer\u00e1 recluido en las instalaciones del&nbsp;<strong>penal de Barbadillo<\/strong>&nbsp;en el distrito de Ate.<\/p>\n\n\n\n<p>El magistrado lo dispuso as\u00ed al encontrar fundados elementos de convicci\u00f3n, eventual condena superior a cuatro a\u00f1os de pena privativa de la libertad y peligro procesal. Tambi\u00e9n orden\u00f3 comparecencia con restricciones y reglas de conducta para expremier&nbsp;<strong>An\u00edbal Torres<\/strong>, investigado en el mismo caso.<\/p>\n\n\n\n<p>En la audiencia virtual particip\u00f3 el fiscal Alcides Chinchay, quien sustent\u00f3&nbsp;<strong>el pedido del Ministerio P\u00fablico de 18 meses de prisi\u00f3n preventiva<\/strong>&nbsp;en contra de las exautoridades.<\/p>\n\n\n\n<p>Al inicio de la audiencia en la ma\u00f1ana de este jueves 15 de diciembre, se dej\u00f3 constancia de que&nbsp;<strong>Pedro Castillo<\/strong>&nbsp;se neg\u00f3 a ser notificado del requerimiento en su contra. El maestro no se present\u00f3 con sus abogados anteriormente acreditados,&nbsp;<strong>Ronald Atencio y Ra\u00fal Noblecilla<\/strong>, por lo que su defensa qued\u00f3 a cargo de un letrado de oficio.<\/p>\n\n\n\n<p>Los letrados explicaron las razones para desistir en presentarse a defender a su patrocinado.<\/p>\n\n\n\n<p>\u201cPedro Castillo Terrones, yo y Ra\u00fal Noblecilla no participaremos en la audiencia de prisi\u00f3n preventiva. Son muchos los argumentos que \u2014en conversaci\u00f3n con Pedro\u2014 nos impulsaron a tomar esa decisi\u00f3n\u201d, escribi\u00f3 Atencio en su cuenta personal de Facebook. En esa l\u00ednea, enumer\u00f3 cada uno de sus argumentos:<\/p>\n\n\n\n<p>1. Vacancia ilegal y expr\u00e9s<\/p>\n\n\n\n<p>2. Levantamiento del antejuicio ilegal y expr\u00e9s<\/p>\n\n\n\n<p>3. Programaci\u00f3n de una audiencia expr\u00e9s para seguir manteniendo detenido a Pedro Castillo Terrones<\/p>\n\n\n\n<p>4. Convalidaci\u00f3n ilegal del juez del levantamiento del antejuicio<\/p>\n\n\n\n<p>5. A la fecha no resuelven los habeas corpus cuestionando lo anterior.<\/p>\n\n\n\n<p>En tanto, el expresidente del Poder Judicial&nbsp;<strong>Duberl\u00ed Rodr\u00edguez<\/strong>&nbsp;particip\u00f3 en la audiencia virtual en calidad de abogado de&nbsp;<strong>An\u00edbal Torres<\/strong>. Adem\u00e1s, el expremier tuvo una intervenci\u00f3n durante la audiencia desde la clandestinidad, donde manifest\u00f3 estar de acuerdo con los alegatos de su defensa.<\/p>\n\n\n\n<p>A&nbsp;<strong>Pedro Castillo y An\u00edbal Torres<\/strong>&nbsp;se les investiga por los presuntos delitos de rebeli\u00f3n, y alternativamente conspiraci\u00f3n.<\/p>\n","protected":false},"excerpt":{"rendered":"<p>El juez Juan Carlos Checkley ley\u00f3 esta tarde la resoluci\u00f3n que ordena que el vacado presidente permanezca en el penal de Barbadillo Pedro Castillo&nbsp;cumplir\u00e1 una prisi\u00f3n preventiva de 18 meses,&hellip; <\/p>\n","protected":false},"author":1,"featured_media":27728,"comment_status":"closed","ping_status":"open","sticky":false,"template":"","format":"standard","meta":{"footnotes":""},"categories":[11],"tags":[],"class_list":["post-27727","post","type-post","status-publish","format-standard","has-post-thumbnail","hentry","category-internacionales"],"_links":{"self":[{"href":"https:\/\/corrientesdetarde.com\/index.php\/wp-json\/wp\/v2\/posts\/27727","targetHints":{"allow":["GET"]}}],"collection":[{"href":"https:\/\/corrientesdetarde.com\/index.php\/wp-json\/wp\/v2\/posts"}],"about":[{"href":"https:\/\/corrientesdetarde.com\/index.php\/wp-json\/wp\/v2\/types\/post"}],"author":[{"embeddable":true,"href":"https:\/\/corrientesdetarde.com\/index.php\/wp-json\/wp\/v2\/users\/1"}],"replies":[{"embeddable":true,"href":"https:\/\/corrientesdetarde.com\/index.php\/wp-json\/wp\/v2\/comments?post=27727"}],"version-history":[{"count":1,"href":"https:\/\/corrientesdetarde.com\/index.php\/wp-json\/wp\/v2\/posts\/27727\/revisions"}],"predecessor-version":[{"id":27729,"href":"https:\/\/corrientesdetarde.com\/index.php\/wp-json\/wp\/v2\/posts\/27727\/revisions\/27729"}],"wp:featuredmedia":[{"embeddable":true,"href":"https:\/\/corrientesdetarde.com\/index.php\/wp-json\/wp\/v2\/media\/27728"}],"wp:attachment":[{"href":"https:\/\/corrientesdetarde.com\/index.php\/wp-json\/wp\/v2\/media?parent=27727"}],"wp:term":[{"taxonomy":"category","embeddable":true,"href":"https:\/\/corrientesdetarde.com\/index.php\/wp-json\/wp\/v2\/categories?post=27727"},{"taxonomy":"post_tag","embeddable":true,"href":"https:\/\/corrientesdetarde.com\/index.php\/wp-json\/wp\/v2\/tags?post=27727"}],"curies":[{"name":"wp","href":"https:\/\/api.w.org\/{rel}","templated":true}]}}