{"id":27730,"date":"2022-12-15T23:25:16","date_gmt":"2022-12-16T02:25:16","guid":{"rendered":"https:\/\/corrientesdetarde.com\/?p=27730"},"modified":"2022-12-15T23:25:22","modified_gmt":"2022-12-16T02:25:22","slug":"fuerte-reclamo-de-la-comunidad-internacional-por-la-condena-a-muerte-del-futbolista-irani-amir-nasr-azadani","status":"publish","type":"post","link":"https:\/\/corrientesdetarde.com\/index.php\/internacionales\/fuerte-reclamo-de-la-comunidad-internacional-por-la-condena-a-muerte-del-futbolista-irani-amir-nasr-azadani\/","title":{"rendered":"Fuerte reclamo de la comunidad internacional por la condena a muerte del futbolista iran\u00ed Amir Nasr-Azadani"},"content":{"rendered":"\n<h2 class=\"wp-block-heading\">El deportista hab\u00eda participado de las protestas en favor de los derechos humanos de las mujeres que sacuden al pa\u00eds y ahora enfrenta la pena m\u00e1xima<\/h2>\n\n\n\n<p>El mundo se ha levantado en contra de\u00a0la reciente decisi\u00f3n del r\u00e9gimen de\u00a0<strong>Ir\u00e1n\u00a0<\/strong>de\u00a0<strong>ejecutar a un jugador de f\u00fatbol que particip\u00f3 en las protestas que llevan varios meses en el pa\u00eds<\/strong>. Se trata de\u00a0<strong>Amir Nasr-Azadani<\/strong>, de 26 a\u00f1os, que este martes fue\u00a0<strong>condenado a muerte<\/strong>, en l\u00ednea con las sentencias ya ejecutadas en las \u00faltimas semanas contra los manifestantes\u00a0<strong>Mohsen Shekari\u00a0<\/strong>y<strong>\u00a0Majid Reza Rahnavard<\/strong>.<\/p>\n\n\n\n<p>Nasr-Azadani est\u00e1 acusado de un delito conocido como \u2018miharebeh\u2019, que traducido significa \u2018enemistad con Dios\u2019.<\/p>\n\n\n\n<p>La&nbsp;<strong>Federaci\u00f3n Internacional de Asociaciones de Futbolistas Profesionales (FIFPRO)&nbsp;<\/strong>expres\u00f3 su repudio y conmoci\u00f3n ante el hecho y pidi\u00f3 a las autoridades iran\u00edes que levanten la pena que pesa sobre el joven.<\/p>\n\n\n\n<p>\u201cFIFPRO est\u00e1 conmocionada y asqueada por las informaciones de que el futbolista profesional Amir Nasr-Azadani se enfrenta a la ejecuci\u00f3n en Ir\u00e1n despu\u00e9s de hacer campa\u00f1a por los derechos de las mujeres y las libertades b\u00e1sicas en su pa\u00eds. Nos solidarizamos con Amir y pedimos la eliminaci\u00f3n inmediata de su castigo\u201d, escribi\u00f3 el organismo en su cuenta de Twitter este lunes.<\/p>\n\n\n\n<p><img loading=\"lazy\" decoding=\"async\" alt=\"FIFPRO expres\u00f3 su preocupaci\u00f3n sobre el caso\" height=\"878\" width=\"461\" class=\"\" src=\"https:\/\/cloudfront-us-east-1.images.arcpublishing.com\/infobae\/7TKXGXZY4FDRNJBRQVCCPGHM2A.PNG\" srcset=\"https:\/\/www.infobae.com\/new-resizer\/hJt1nT3RK14pGzk1IPGEry4ZvxY=\/420x747\/filters:format(webp):quality(85)\/cloudfront-us-east-1.images.arcpublishing.com\/infobae\/7TKXGXZY4FDRNJBRQVCCPGHM2A.PNG 420w,https:\/\/www.infobae.com\/new-resizer\/3SQpYQQ7nVOsvtcXM8mHegVl-q4=\/768x1365\/filters:format(webp):quality(85)\/cloudfront-us-east-1.images.arcpublishing.com\/infobae\/7TKXGXZY4FDRNJBRQVCCPGHM2A.PNG 768w,https:\/\/www.infobae.com\/new-resizer\/JDt8TMPLyjyzoplobSXrTFopOsc=\/992x1764\/filters:format(webp):quality(85)\/cloudfront-us-east-1.images.arcpublishing.com\/infobae\/7TKXGXZY4FDRNJBRQVCCPGHM2A.PNG 992w,https:\/\/www.infobae.com\/new-resizer\/Zd_v8kg4HIyy7bBBcyGWwU2lPXM=\/1200x2133\/filters:format(webp):quality(85)\/cloudfront-us-east-1.images.arcpublishing.com\/infobae\/7TKXGXZY4FDRNJBRQVCCPGHM2A.PNG 1200w\">FIFPRO expres\u00f3 su preocupaci\u00f3n sobre el caso<\/p>\n\n\n\n<p>Sin embargo, ante el silencio de las autoridades y la falta de respuesta al respecto, celebridades de todo el mundo se han pronunciado en apoyo al ex jugador del Rah-Ahan, el Tractor y el Gol-e-Rayhan.<\/p>\n\n\n\n<p>El futbolista espa\u00f1ol<strong>&nbsp;Marc Bartra Aregall<\/strong>, actualmente desempe\u00f1\u00e1ndose como defensor en el Trabzonspor de la Superliga de Turqu\u00eda, fue uno de los que alz\u00f3 su voz ante esta injusticia y cualquiera similar que pudiera darse o ya haya ocurrido. \u201c\u00bfNos vamos a quedar con los brazos cruzados y mirando hacia otro lado?\u201d, sentenci\u00f3 y agreg\u00f3: \u201c<strong>No se puede aceptar algo as\u00ed<\/strong>, de ninguna manera.<strong>&nbsp;Todos con Amir Nasr-Azadani&nbsp;<\/strong>y con todas las personas que pasan y han pasado por algo as\u00ed. BASTA. STOP\u201d.<\/p>\n\n\n\n<p><img loading=\"lazy\" decoding=\"async\" alt=\"Mensaje de Marc Bartra en apoyo a Amir Nasr-Azadani\" height=\"115\" width=\"585\" class=\"\" src=\"https:\/\/cloudfront-us-east-1.images.arcpublishing.com\/infobae\/7S5WBUN2MNCQFDURB2FCN4UEC4.PNG\">Mensaje de Marc Bartra en apoyo a Amir Nasr-Azadani<\/p>\n\n\n\n<p><strong>Diego God\u00edn Leal<\/strong>, futbolista uruguayo y jugador en el Club Atl\u00e9tico V\u00e9lez Sarsfield de Argentina tambi\u00e9n se refiri\u00f3 a la condena y asegur\u00f3: \u201c\u00a1No me cabe en la cabeza que en el mundo en el que vivimos sucedan cosas como esta!\u201d. Resalt\u00f3, tambi\u00e9n, la importancia de extender el reclamo para cesar con este tipo de penas.<\/p>\n\n\n\n<p><img loading=\"lazy\" decoding=\"async\" alt=\"Mensaje de Diego God\u00edn en apoyo a Amir Nasr-Azadani\" height=\"112\" width=\"581\" class=\"\" src=\"https:\/\/cloudfront-us-east-1.images.arcpublishing.com\/infobae\/FY3GQHASGZA4PLS2H3KRNL6HPM.PNG\">Mensaje de Diego God\u00edn en apoyo a Amir Nasr-Azadani<\/p>\n\n\n\n<p>Otro de los jugadores espa\u00f1oles que se sum\u00f3 a la condena fue&nbsp;<strong>Borja Iglesias Quint\u00e1s<\/strong>, delantero del Real Betis, que asegur\u00f3 que esto es \u201ctotalmente incomprensible\u201d y&nbsp;<strong>\u201ces responsabilidad de todos acabar con esto\u201d<\/strong>. Por su parte,&nbsp;<strong>\u00d3liver Torres Mu\u00f1oz -del Sevilla F\u00fatbol Club<\/strong>&#8211; mencion\u00f3 que \u201cluchar por los derechos humanos siempre tendr\u00eda que ser un premio, no un castigo\u201d.<\/p>\n\n\n\n<p><img loading=\"lazy\" decoding=\"async\" alt=\"Mensaje de Borja Iglesias en apoyo a Amir Nasr-Azadani\" height=\"101\" width=\"585\" class=\"\" src=\"https:\/\/cloudfront-us-east-1.images.arcpublishing.com\/infobae\/UENF5QHV3BEY7HBMVOYF5RRGL4.PNG\">Mensaje de Borja Iglesias en apoyo a Amir Nasr-Azadani<\/p>\n\n\n\n<p><img loading=\"lazy\" decoding=\"async\" alt=\"Mensaje de \u00d3liver Torres Mu\u00f1oz en apoyo a Amir Nasr-Azadani\" height=\"80\" width=\"583\" class=\"\" src=\"https:\/\/cloudfront-us-east-1.images.arcpublishing.com\/infobae\/OA3BH65MH5BSPNPF7PR5RNJMF4.PNG\">Mensaje de \u00d3liver Torres Mu\u00f1oz en apoyo a Amir Nasr-Azadani<\/p>\n\n\n\n<p>Tambi\u00e9n, el colombiano&nbsp;<strong>Radamel Falcao Garc\u00eda&nbsp;<\/strong>-m\u00e1s conocido s\u00f3lo como Falcao-, jugador en el Rayo Vallecano, tambi\u00e9n denunci\u00f3 que<strong>&nbsp;\u201cesto es inaceptable\u201d<\/strong>.<\/p>\n\n\n\n<p><img loading=\"lazy\" decoding=\"async\" alt=\"Mensaje de Radamel Falcao en apoyo a Amir Nasr-Azadani\" height=\"62\" width=\"573\" class=\"\" src=\"https:\/\/cloudfront-us-east-1.images.arcpublishing.com\/infobae\/QXDLQ5FBIFGPLGFTD3YY2C6ZYI.PNG\">Mensaje de Radamel Falcao en apoyo a Amir Nasr-Azadani<\/p>\n\n\n\n<p>A los m\u00faltiples pedidos en las redes, embanderados bajo el lema&nbsp;<strong>\u201cTodos con Amir Nasr-Azadani\u201d&nbsp;<\/strong>se sum\u00f3 una&nbsp;<strong>solicitud de Change.org<\/strong>&nbsp;que busca frenar la ejecuci\u00f3n, que ya cuenta con&nbsp;<strong>93.370 firmas<\/strong>. Inclusive, de llegar a las 150.000 se convertir\u00eda en<strong>&nbsp;una de las m\u00e1s firmadas en la plataforma<\/strong>.<\/p>\n\n\n\n<p>Entre los comentarios de la publicaci\u00f3n s\u00f3lo se leen mensajes de apoyo y solidaridad con el jugador, su familia y todos los que atraviesan una situaci\u00f3n similar.<\/p>\n\n\n\n<p>\u201cUn valiente\u2026<strong>&nbsp;\u00a1frenemos esta bestialidad!<\/strong>\u201d, \u201cEl respeto a la vida y la justicia es lo m\u00e1s importante del planeta\u201d y \u201cLa vida es un derecho inalienable\u2026&nbsp;<strong>digamos s\u00ed a la vida y que terminen los abusos y las barbaries\u201d<\/strong>, son algunas de las palabras que acompa\u00f1an.<\/p>\n\n\n\n<p><img loading=\"lazy\" decoding=\"async\" alt=\"Change lanz\u00f3 una petici\u00f3n para frenar la ejecuci\u00f3n del j\u00f3ven que ya cuenta con casi 100.000 firmas\" height=\"763\" width=\"881\" class=\"\" src=\"https:\/\/cloudfront-us-east-1.images.arcpublishing.com\/infobae\/6YKZXNRAJJFPZKA5PHCZAR5CDE.PNG\" srcset=\"https:\/\/www.infobae.com\/new-resizer\/rkGa9iYy_641n1tryYC8pF5p3Jg=\/992x850\/filters:format(webp):quality(85)\/cloudfront-us-east-1.images.arcpublishing.com\/infobae\/6YKZXNRAJJFPZKA5PHCZAR5CDE.PNG 992w\">Change lanz\u00f3 una petici\u00f3n para frenar la ejecuci\u00f3n del j\u00f3ven que ya cuenta con casi 100.000 firmas<\/p>\n\n\n\n<p>Otras voces se manifestaron en las redes para condenar, tambi\u00e9n,&nbsp;<strong>el silencio de las principales instituciones del f\u00fatbol en el mundo y de organismos de derechos humanos<\/strong>&nbsp;que han omitido referirse al caso y, por el contrario, parecen estar disfrutando de la&nbsp;<strong>Copa del Mundo&nbsp;<\/strong>que por estos d\u00edas tiene lugar en&nbsp;<strong>Qatar<\/strong>.<\/p>\n\n\n\n<p>El activista por los derechos humanos&nbsp;<strong>Agustin Antonetti&nbsp;<\/strong>escribi\u00f3 en ese sentido que<strong>&nbsp;\u201cel mundo del deporte debe levantar la voz y evitarlo. Sin palabras\u201d<\/strong>, a lo que se sum\u00f3 el posteo en Instagram del jugador colombiano&nbsp;<strong>Juan Guillermo Cuadrado<\/strong>, quien manifest\u00f3 que&nbsp;<strong>\u201ccreo que en el mundo del f\u00fatbol debemos estar con Amir\u201d.<\/strong><\/p>\n\n\n\n<p><img loading=\"lazy\" decoding=\"async\" alt=\"En las \u00faltimas horas aument\u00f3 la presi\u00f3n sobre la FIFA y dem\u00e1s organismos para que se pronuncien sobre el caso\" height=\"140\" width=\"577\" class=\"\" src=\"https:\/\/cloudfront-us-east-1.images.arcpublishing.com\/infobae\/W3UG4BJERBGOJA37GV5TDCZUKQ.PNG\">En las \u00faltimas horas aument\u00f3 la presi\u00f3n sobre la FIFA y dem\u00e1s organismos para que se pronuncien sobre el caso<\/p>\n\n\n\n<p>En las \u00faltimas horas, inclusive, aument\u00f3 la presi\u00f3n sobre la<strong>&nbsp;Federaci\u00f3n Internacional de F\u00fatbol Asociado (FIFA)<\/strong>&nbsp;y los seleccionados para que se pronuncien al respecto. Algunos usuarios en Twitter hasta pidieron que se tome alguna medida durante la&nbsp;<strong>final de la copa del mundo&nbsp;<\/strong>que tendr\u00e1 lugar este domingo en Qatar, donde los ojos de pr\u00e1cticamente todo el planeta est\u00e1n y estar\u00e1n puestos y donde, a su vez, estar\u00e1n presentes importantes referentes, tanto dentro como fuera de la cancha.<\/p>\n","protected":false},"excerpt":{"rendered":"<p>El deportista hab\u00eda participado de las protestas en favor de los derechos humanos de las mujeres que sacuden al pa\u00eds y ahora enfrenta la pena m\u00e1xima El mundo se ha&hellip; <\/p>\n","protected":false},"author":1,"featured_media":27731,"comment_status":"closed","ping_status":"open","sticky":false,"template":"","format":"standard","meta":{"footnotes":""},"categories":[11],"tags":[],"class_list":["post-27730","post","type-post","status-publish","format-standard","has-post-thumbnail","hentry","category-internacionales"],"_links":{"self":[{"href":"https:\/\/corrientesdetarde.com\/index.php\/wp-json\/wp\/v2\/posts\/27730","targetHints":{"allow":["GET"]}}],"collection":[{"href":"https:\/\/corrientesdetarde.com\/index.php\/wp-json\/wp\/v2\/posts"}],"about":[{"href":"https:\/\/corrientesdetarde.com\/index.php\/wp-json\/wp\/v2\/types\/post"}],"author":[{"embeddable":true,"href":"https:\/\/corrientesdetarde.com\/index.php\/wp-json\/wp\/v2\/users\/1"}],"replies":[{"embeddable":true,"href":"https:\/\/corrientesdetarde.com\/index.php\/wp-json\/wp\/v2\/comments?post=27730"}],"version-history":[{"count":1,"href":"https:\/\/corrientesdetarde.com\/index.php\/wp-json\/wp\/v2\/posts\/27730\/revisions"}],"predecessor-version":[{"id":27732,"href":"https:\/\/corrientesdetarde.com\/index.php\/wp-json\/wp\/v2\/posts\/27730\/revisions\/27732"}],"wp:featuredmedia":[{"embeddable":true,"href":"https:\/\/corrientesdetarde.com\/index.php\/wp-json\/wp\/v2\/media\/27731"}],"wp:attachment":[{"href":"https:\/\/corrientesdetarde.com\/index.php\/wp-json\/wp\/v2\/media?parent=27730"}],"wp:term":[{"taxonomy":"category","embeddable":true,"href":"https:\/\/corrientesdetarde.com\/index.php\/wp-json\/wp\/v2\/categories?post=27730"},{"taxonomy":"post_tag","embeddable":true,"href":"https:\/\/corrientesdetarde.com\/index.php\/wp-json\/wp\/v2\/tags?post=27730"}],"curies":[{"name":"wp","href":"https:\/\/api.w.org\/{rel}","templated":true}]}}