{"id":27734,"date":"2022-12-15T23:28:29","date_gmt":"2022-12-16T02:28:29","guid":{"rendered":"https:\/\/corrientesdetarde.com\/?p=27734"},"modified":"2022-12-15T23:28:35","modified_gmt":"2022-12-16T02:28:35","slug":"el-gobierno-acordo-que-los-medicamentos-no-podran-aumentar-mas-del-38-por-mes-hasta-marzo","status":"publish","type":"post","link":"https:\/\/corrientesdetarde.com\/index.php\/nacionales\/el-gobierno-acordo-que-los-medicamentos-no-podran-aumentar-mas-del-38-por-mes-hasta-marzo\/","title":{"rendered":"El Gobierno acord\u00f3 que los medicamentos no podr\u00e1n aumentar m\u00e1s del 3,8% por mes hasta marzo"},"content":{"rendered":"\n<h2 class=\"wp-block-heading\">El Ministerio de Econom\u00eda firm\u00f3 un convenio con las c\u00e1maras farmac\u00e9uticas para que los incrementos de los pr\u00f3ximos meses tengan un tope. Quedar\u00e1n incluidos los remedios bajo receta<\/h2>\n\n\n\n<p>El ministro de Econom\u00eda<strong>\u00a0Sergio Massa<\/strong>\u00a0junto con el secretario de Comercio,<strong>\u00a0Mat\u00edas Tombolini\u00a0<\/strong>acordaron hoy con las c\u00e1maras del\u00a0<strong>sector farmac\u00e9utico\u00a0<\/strong>un sendero de aumentos de precios con tope desde diciembre hasta el 31 de marzo para los medicamentos.<\/p>\n\n\n\n<p>De esta manera, el precio de los medicamentos s\u00f3lo podr\u00e1 aumentar&nbsp;<strong>hasta un 3,8% mensual<\/strong>, al tomar en consideraci\u00f3n el \u00faltimo precio sugerido de venta al p\u00fablico que haya registrado noviembre. De la misma forma, el convenio incluir\u00e1 una cl\u00e1usula gatillo por la cual, en caso de que la inflaci\u00f3n supere el&nbsp;<strong>5%<\/strong>, al mes siguiente las empresas podr\u00e1n aplicar un aumento hasta&nbsp;<strong>un punto por debajo<\/strong>&nbsp;de la medici\u00f3n del Indec. Forman parte de dicho entendimiento con el sector los medicamentos de venta bajo receta y quedan excluidos los de venta libre.<\/p>\n\n\n\n<p>En ese marco, recalc\u00f3 que \u201clos medicamentos en la vida cotidiana de la gente son s\u00faper importantes\u201d por lo que agradeci\u00f3 \u201cel&nbsp;<strong>esfuerzo<\/strong>\u201d de los empresarios al participar en este acuerdo.<\/p>\n\n\n\n<p>\u201cEstamos convencidos de que nosotros tenemos la responsabilidad de ordenar macroecon\u00f3micamente la Argentina. En el mientras tanto tenemos la tarea de construir juntos un sendero a la baja de los precios que le de tranquilidad a la gente y que nos permita recuperar el ingreso\u201d, indic\u00f3.<\/p>\n\n\n\n<p>Por su parte, Tombolini, destac\u00f3 que \u201ceste acuerdo que es muy importante porque es una se\u00f1al que construye&nbsp;<strong>previsibilidad<\/strong>&nbsp;para las empresas, pero por sobre todas las cosas, para quien compra los remedios todos los meses\u201d.<\/p>\n\n\n\n<p>\u201cEste paso significa seguir consolidando la hoja de ruta del ministro desde el d\u00eda que asumi\u00f3. Esta semana cerramos acuerdos con distintos sectores de la econom\u00eda argentina como celulares, insumos difundidos, calzado deportivo y ahora logramos cerrar este que para nosotros tambi\u00e9n es fundamental\u201d, se\u00f1al\u00f3 el secretario de Comercio.<\/p>\n\n\n\n<p>De esta manera, el Ministerio de Econom\u00eda \u201ccontin\u00faa con la implementaci\u00f3n de herramientas para poner orden en los precios y llevar previsibilidad y alivio a los argentinos y argentinas. En este caso, tambi\u00e9n se busca asegurar el acceso a algo tan fundamental como son los medicamentos\u201d, mencionaron desde el Ministerio de Econom\u00eda.<\/p>\n\n\n\n<p><img loading=\"lazy\" decoding=\"async\" alt=\"El acuerdo de precios incluir\u00e1 medicamentos con venta bajo receta.  REUTERS\/Agustin Marcarian\" height=\"1080\" width=\"1920\" class=\"\" src=\"https:\/\/cloudfront-us-east-1.images.arcpublishing.com\/infobae\/EAELOWDGVNCABLOQ6FLMB7GLWI.jpg\" srcset=\"https:\/\/www.infobae.com\/new-resizer\/XaCyG4MwpSOJmBoBYtg-LKROZRc=\/420x236\/filters:format(webp):quality(85)\/cloudfront-us-east-1.images.arcpublishing.com\/infobae\/EAELOWDGVNCABLOQ6FLMB7GLWI.jpg 420w,https:\/\/www.infobae.com\/new-resizer\/bBKHHEd35J-RLsud-tKzwPvwkyQ=\/768x432\/filters:format(webp):quality(85)\/cloudfront-us-east-1.images.arcpublishing.com\/infobae\/EAELOWDGVNCABLOQ6FLMB7GLWI.jpg 768w,https:\/\/www.infobae.com\/new-resizer\/s9Bbxf0Zio0KlXnCWuhuBelfYOM=\/992x558\/filters:format(webp):quality(85)\/cloudfront-us-east-1.images.arcpublishing.com\/infobae\/EAELOWDGVNCABLOQ6FLMB7GLWI.jpg 992w,https:\/\/www.infobae.com\/new-resizer\/zMd8HioM9L8qeujl6Oe75z6ZVIo=\/1200x675\/filters:format(webp):quality(85)\/cloudfront-us-east-1.images.arcpublishing.com\/infobae\/EAELOWDGVNCABLOQ6FLMB7GLWI.jpg 1200w,https:\/\/www.infobae.com\/new-resizer\/fCGya5J8fAGP96GchM7NW3m5olU=\/1440x810\/filters:format(webp):quality(85)\/cloudfront-us-east-1.images.arcpublishing.com\/infobae\/EAELOWDGVNCABLOQ6FLMB7GLWI.jpg 1440w\">El acuerdo de precios incluir\u00e1 medicamentos con venta bajo receta. REUTERS\/Agustin Marcarian<\/p>\n\n\n\n<p>\u201cCon la incorporaci\u00f3n de los medicamentos al programa estamos en casi<strong>&nbsp;40.000 productos<\/strong>&nbsp;y bienes de la vida cotidiana de los argentinos que est\u00e1n en el marco de un programa y que tienen un sendero para adelante: desde&nbsp;<strong>alimentos<\/strong>,<strong>&nbsp;bebidas<\/strong>, productos de&nbsp;<strong>higiene personal<\/strong>, de productos de<strong>&nbsp;limpieza&nbsp;<\/strong>qu\u00edmicos que ustedes nos usan para producir. Lo que tiene que ver con el aluminio, con el cart\u00f3n. En<strong>&nbsp;indumentaria<\/strong>&nbsp;lo que es prendas y lo que es&nbsp;<strong>calzado<\/strong>\u201d, mencion\u00f3 el ministro de Econom\u00eda.<\/p>\n\n\n\n<p>\u201cRealmente estamos convencidos de que nosotros tenemos la responsabilidad de ordenar macroecon\u00f3micamente a la Argentina y mientras tanto tenemos la tarea de construir juntos un sendero a la baja de los precios que le d\u00e9 tranquilidad a la gente que nos permita recuperar el ingreso\u201d, continu\u00f3 el jefe del Palacio de Hacienda.<\/p>\n\n\n\n<p>Participaron del encuentro, por la Secretar\u00eda de Comercio, el subsecretario de Pol\u00edtica y Gesti\u00f3n Comercial,&nbsp;<strong>Germ\u00e1n Cervantes<\/strong>, y la subsecretaria de Pol\u00edticas para el Mercado Interno,&nbsp;<strong>Anastasia Daicich<\/strong>; mientras que por el Ministerio de Salud estuvo presente la subsecretaria de Medicamentos,&nbsp;<strong>Natalia Grinblat<\/strong>.<\/p>\n\n\n\n<p>Tambi\u00e9n estuvieron presentes, el presidente de la C\u00e1mara Industrial de Laboratorios Farmac\u00e9uticos Argentinos (Cilfa),&nbsp;<strong>Eduardo Macchiavello<\/strong>, y el apoderado de esa organizaci\u00f3n,<strong>&nbsp;Claudio Riganti<\/strong>.<\/p>\n\n\n\n<p>Por la C\u00e1mara Empresaria de Laboratorios Farmac\u00e9uticos Cooperala, estuvieron su presidente,<strong>&nbsp;Marcelo Burstein<\/strong>; el gerente,<strong>&nbsp;Juan Jos\u00e9 Marconi<\/strong>; el secretario,&nbsp;<strong>Jorge Besser<\/strong>; el vocal<strong>&nbsp;Fernando Casais<\/strong>; y el revisor de Cuentas&nbsp;<strong>Mario Weintraub<\/strong>.<\/p>\n\n\n\n<p>En tanto, por la C\u00e1mara Argentina de Especialidades Medicinales (Caeme), participaron el presidente,&nbsp;<strong>Gast\u00f3n Dom\u00ednguez Caetano<\/strong>; el director Ejecutivo,&nbsp;<strong>Carlos Escobar Herr\u00e1n<\/strong>; y la directora de Asuntos Externos,&nbsp;<strong>Daniela Raposo<\/strong>.<\/p>\n\n\n\n<p>Tambi\u00e9n participaron<strong>&nbsp;Carlos Soto<\/strong>&nbsp;(Federaci\u00f3n Argentina de C\u00e1maras de Farmacias),&nbsp;<strong>Carlos Aranguren<\/strong>&nbsp;(Confederaci\u00f3n Farmac\u00e9utica Argentina),&nbsp;<strong>Dami\u00e1n Sudano<\/strong>&nbsp;(Federaci\u00f3n Farmac\u00e9utica), y<strong>&nbsp;Federico Fischer<\/strong>&nbsp;(Asociaci\u00f3n de Propietarios de Farmacias Argentinas).<\/p>\n","protected":false},"excerpt":{"rendered":"<p>El Ministerio de Econom\u00eda firm\u00f3 un convenio con las c\u00e1maras farmac\u00e9uticas para que los incrementos de los pr\u00f3ximos meses tengan un tope. Quedar\u00e1n incluidos los remedios bajo receta El ministro&hellip; <\/p>\n","protected":false},"author":1,"featured_media":27736,"comment_status":"closed","ping_status":"open","sticky":false,"template":"","format":"standard","meta":{"footnotes":""},"categories":[10],"tags":[],"class_list":["post-27734","post","type-post","status-publish","format-standard","has-post-thumbnail","hentry","category-nacionales"],"_links":{"self":[{"href":"https:\/\/corrientesdetarde.com\/index.php\/wp-json\/wp\/v2\/posts\/27734","targetHints":{"allow":["GET"]}}],"collection":[{"href":"https:\/\/corrientesdetarde.com\/index.php\/wp-json\/wp\/v2\/posts"}],"about":[{"href":"https:\/\/corrientesdetarde.com\/index.php\/wp-json\/wp\/v2\/types\/post"}],"author":[{"embeddable":true,"href":"https:\/\/corrientesdetarde.com\/index.php\/wp-json\/wp\/v2\/users\/1"}],"replies":[{"embeddable":true,"href":"https:\/\/corrientesdetarde.com\/index.php\/wp-json\/wp\/v2\/comments?post=27734"}],"version-history":[{"count":1,"href":"https:\/\/corrientesdetarde.com\/index.php\/wp-json\/wp\/v2\/posts\/27734\/revisions"}],"predecessor-version":[{"id":27737,"href":"https:\/\/corrientesdetarde.com\/index.php\/wp-json\/wp\/v2\/posts\/27734\/revisions\/27737"}],"wp:featuredmedia":[{"embeddable":true,"href":"https:\/\/corrientesdetarde.com\/index.php\/wp-json\/wp\/v2\/media\/27736"}],"wp:attachment":[{"href":"https:\/\/corrientesdetarde.com\/index.php\/wp-json\/wp\/v2\/media?parent=27734"}],"wp:term":[{"taxonomy":"category","embeddable":true,"href":"https:\/\/corrientesdetarde.com\/index.php\/wp-json\/wp\/v2\/categories?post=27734"},{"taxonomy":"post_tag","embeddable":true,"href":"https:\/\/corrientesdetarde.com\/index.php\/wp-json\/wp\/v2\/tags?post=27734"}],"curies":[{"name":"wp","href":"https:\/\/api.w.org\/{rel}","templated":true}]}}