{"id":27739,"date":"2022-12-15T23:31:34","date_gmt":"2022-12-16T02:31:34","guid":{"rendered":"https:\/\/corrientesdetarde.com\/?p=27739"},"modified":"2022-12-15T23:43:36","modified_gmt":"2022-12-16T02:43:36","slug":"avatar-el-camino-del-agua-james-cameron-vuelve-a-pandora-y-el-espectaculo-ecologico-deslumbra-otra-vez","status":"publish","type":"post","link":"https:\/\/corrientesdetarde.com\/index.php\/espectaculos\/avatar-el-camino-del-agua-james-cameron-vuelve-a-pandora-y-el-espectaculo-ecologico-deslumbra-otra-vez\/","title":{"rendered":"\u201cAvatar, el camino del agua\u201d: James Cameron vuelve a Pandora y el espect\u00e1culo ecol\u00f3gico deslumbra otra vez"},"content":{"rendered":"\n<p>A 13 a\u00f1os del estreno de la primera entrega del film, el director m\u00e1s taquillero de la historia lanz\u00f3 la secuela del proyecto de su vida.<\/p>\n\n\n\n<p><strong>James Cameron<\/strong>, el director m\u00e1s taquillero de la historia estrena la secuela del proyecto de su vida, trece a\u00f1os despu\u00e9s de&nbsp;<em>Avatar&nbsp;<\/em>y seis antes de completar una<strong>&nbsp;serie de cinco pel\u00edculas<\/strong>&nbsp;en las que viene trabajando por los \u00faltimos veinticinco a\u00f1os. Con sus m\u00e1s de tres horas,&nbsp;<em><strong>El camino del agua<\/strong><\/em>&nbsp;regala una aventura s\u00faper disfrutable, una especie de&nbsp;<strong>experiencia inmersiva<\/strong>, en la que el relato y la acci\u00f3n est\u00e1n en primer plano.<\/p>\n\n\n\n<p>Si&nbsp;<em>Avatar&nbsp;<\/em>te pareci\u00f3 bella pero no tan revolucionaria como a muchos cr\u00edticos en su momento, con su insistencia&nbsp;<em>new age<\/em>&nbsp;un poco remanida, vale confirmar que<em><strong>El camino del agua<\/strong><\/em><strong>&nbsp;mejora la apuesta.<\/strong>&nbsp;La tecnolog\u00eda 3D no ser\u00e1 ya una novedad, pero aqu\u00ed llega a niveles extraordinarios, meti\u00e9ndonos en la jungla de la historia con las hojas de los \u00e1rboles golpe\u00e1ndonos la cara.&nbsp;<strong>Con el agua hasta el cuello<\/strong>.<\/p>\n\n\n\n<h2 class=\"wp-block-heading\">\u00bfDe qu\u00e9 trata \u201cAvatar, el camino del agua\u201d?<\/h2>\n\n\n\n<p>La acci\u00f3n se ubica&nbsp;<strong>un tiempo despu\u00e9s de lo que pas\u00f3 en la primera pel\u00edcula<\/strong>. Con la familia de Jake Sully (Sam Worthington) viviendo una vida apacible en Pandora, donde&nbsp;<strong>los esbeltos Na\u2019vi<\/strong>, piel azul, larga cola, cr\u00edan a sus ni\u00f1os sin mayores preocupaciones. Cada uno con su pasado, cargando sus mochilas, Jake, su esposa Neytiri (Zoe Salda\u00f1a), sus hijos adolescentes Lo\u2019ak y Neteyam, m\u00e1s la menor, Tuk, a los que se suman Kiri (Sigourney Weaver) y Spider (Jack Champion),&nbsp;<strong>son felices en su plena comuni\u00f3n con la naturaleza<\/strong>.<\/p>\n\n\n\n<figure class=\"wp-block-image\"><img decoding=\"async\" src=\"https:\/\/tn.com.ar\/resizer\/HA6JumVgJLNd1O_7ATUanTLDaP0=\/767x0\/smart\/filters:format(webp)\/cloudfront-us-east-1.images.arcpublishing.com\/artear\/MI22JVSBUJB7JM6WCE4Z7N3JYY.JPG\" alt=\"A 13 a\u00f1os del estreno de la primera entrega del film James Cameron lanz\u00f3 la secuela del proyecto de su vida. (Foto: 20th Century Studios)\"\/><figcaption>A 13 a\u00f1os del estreno de la primera entrega del film James Cameron lanz\u00f3 la secuela del proyecto de su vida. (Foto: 20th Century Studios)<\/figcaption><\/figure>\n\n\n\n<p>La madre tierra, preservada como para\u00edso de los males de la civilizaci\u00f3n, homenajeada en toda su belleza con este artilugio que pega la vuelta:<strong>&nbsp;un extraordinario despliegue de FX<\/strong>. Por oposici\u00f3n, la Tierra, ya devastada,&nbsp;<strong>necesita desesperadamente conquistar nuevos territorios para sobrevivir<\/strong>. Y ah\u00ed llega la invasi\u00f3n militar, con su tecnolog\u00eda para la guerra, sus armas para matar todo lo que vive, su aspecto perversamente clonado.<\/p>\n\n\n\n<p>Para salvar a los suyos, y preservar su mundo,&nbsp;<strong>Sully convence a su familia y parte al exilio<\/strong>. Ser\u00e1 recibido por una comunidad que vive en los arrecifes: gente de mar que, primero a rega\u00f1adientes,&nbsp;<strong>acepta darles asilo a los del bosque<\/strong>. Todas las citas y referencias, desde Ray Bradbury a los relatos de la conquista a<em>&nbsp;Apocalypse Now<\/em>&nbsp;y, s\u00ed,&nbsp;<em>Titanic<\/em>, vienen a cuento en la nueva aventura de los Sully, aunque las heridas poscoloniales, de refugiados, y sobre todo medio ambientales sean lamentablemente tan del presente.<\/p>\n\n\n\n<figure class=\"wp-block-image\"><img decoding=\"async\" src=\"https:\/\/tn.com.ar\/resizer\/hib5FoDOgwkseF4e3lanKXr9xSg=\/767x0\/smart\/filters:format(webp)\/cloudfront-us-east-1.images.arcpublishing.com\/artear\/5PE3ZHVRRREU7IHX5Z4SY4G5LM.JPG\" alt=\"El despliegue del 3D en &quot;Avatar: el camino del agua&quot; es maravilloso (Foto: 20th Century Studios).\"\/><figcaption>El despliegue del 3D en &#8220;Avatar: el camino del agua&#8221; es maravilloso (Foto: 20th Century Studios).<\/figcaption><\/figure>\n\n\n\n<p>Con todo eso dialoga una pel\u00edcula que, sin embargo, y por suerte,&nbsp;<strong>diluye esta vez sus manifiestos discursivos<\/strong>, un poco pomposos y sentimentales, para poner primera y entregar, sobre todo a partir de la mitad,<strong>&nbsp;largas y espectaculares secuencias de acci\u00f3n<\/strong>. James Cameron vuelve a demostrar que es capaz de contar una historia con tanto br\u00edo y convicci\u00f3n, con tanto nervio y dramatismo, que el involucramiento es total.<\/p>\n\n\n\n<p>Imposible no salir de<em>&nbsp;El camino del agua<\/em>&nbsp;impregnado, agotado despu\u00e9s de&nbsp;<strong>la intensidad de un espect\u00e1culo en el que todo nos involucra<\/strong>, todo nos importa. En un mundo saturado de pantallitas, donde nada sorprende y cualquier cosa es viral,&nbsp;<strong>Cameron trae una invitaci\u00f3n a gritar, aplaudir, llorar, como chicos<\/strong>, en una sala de cine (eso s\u00ed, en versi\u00f3n 3D subtitulada). Nada m\u00e1s y nada menos que todo eso.<\/p>\n\n\n\n<figure class=\"wp-block-image\"><img decoding=\"async\" src=\"https:\/\/tn.com.ar\/resizer\/G3bDQqe_2N-h_uugfVyUy6utpug=\/767x0\/smart\/filters:format(webp)\/cloudfront-us-east-1.images.arcpublishing.com\/artear\/GQMYSTR5PFCOBB3COBOUC2RVZE.JPG\" alt=\"&quot;Avatar: el camino del agua&quot; cuenta con largas y espectaculares secuencias de acci\u00f3n (Foto: 20th Century Studios).\"\/><figcaption>&#8220;Avatar: el camino del agua&#8221; cuenta con largas y espectaculares secuencias de acci\u00f3n (Foto: 20th Century Studios).<\/figcaption><\/figure>\n\n\n\n<figure class=\"wp-block-embed is-type-video is-provider-youtube wp-block-embed-youtube wp-embed-aspect-16-9 wp-has-aspect-ratio\"><div class=\"wp-block-embed__wrapper\">\n<iframe loading=\"lazy\" title=\"Avatar: El Camino del Agua | Tr\u00e1iler Oficial | Subtitulado\" width=\"1110\" height=\"624\" src=\"https:\/\/www.youtube.com\/embed\/bDFKIs4v0B4?feature=oembed\" frameborder=\"0\" allow=\"accelerometer; autoplay; clipboard-write; encrypted-media; gyroscope; picture-in-picture\" allowfullscreen><\/iframe>\n<\/div><\/figure>\n","protected":false},"excerpt":{"rendered":"<p>A 13 a\u00f1os del estreno de la primera entrega del film, el director m\u00e1s taquillero de la historia lanz\u00f3 la secuela del proyecto de su vida. James Cameron, el director&hellip; <\/p>\n","protected":false},"author":1,"featured_media":27740,"comment_status":"closed","ping_status":"open","sticky":false,"template":"","format":"standard","meta":{"footnotes":""},"categories":[19],"tags":[],"class_list":["post-27739","post","type-post","status-publish","format-standard","has-post-thumbnail","hentry","category-espectaculos"],"_links":{"self":[{"href":"https:\/\/corrientesdetarde.com\/index.php\/wp-json\/wp\/v2\/posts\/27739","targetHints":{"allow":["GET"]}}],"collection":[{"href":"https:\/\/corrientesdetarde.com\/index.php\/wp-json\/wp\/v2\/posts"}],"about":[{"href":"https:\/\/corrientesdetarde.com\/index.php\/wp-json\/wp\/v2\/types\/post"}],"author":[{"embeddable":true,"href":"https:\/\/corrientesdetarde.com\/index.php\/wp-json\/wp\/v2\/users\/1"}],"replies":[{"embeddable":true,"href":"https:\/\/corrientesdetarde.com\/index.php\/wp-json\/wp\/v2\/comments?post=27739"}],"version-history":[{"count":3,"href":"https:\/\/corrientesdetarde.com\/index.php\/wp-json\/wp\/v2\/posts\/27739\/revisions"}],"predecessor-version":[{"id":27747,"href":"https:\/\/corrientesdetarde.com\/index.php\/wp-json\/wp\/v2\/posts\/27739\/revisions\/27747"}],"wp:featuredmedia":[{"embeddable":true,"href":"https:\/\/corrientesdetarde.com\/index.php\/wp-json\/wp\/v2\/media\/27740"}],"wp:attachment":[{"href":"https:\/\/corrientesdetarde.com\/index.php\/wp-json\/wp\/v2\/media?parent=27739"}],"wp:term":[{"taxonomy":"category","embeddable":true,"href":"https:\/\/corrientesdetarde.com\/index.php\/wp-json\/wp\/v2\/categories?post=27739"},{"taxonomy":"post_tag","embeddable":true,"href":"https:\/\/corrientesdetarde.com\/index.php\/wp-json\/wp\/v2\/tags?post=27739"}],"curies":[{"name":"wp","href":"https:\/\/api.w.org\/{rel}","templated":true}]}}