{"id":27743,"date":"2022-12-15T23:41:17","date_gmt":"2022-12-16T02:41:17","guid":{"rendered":"https:\/\/corrientesdetarde.com\/?p=27743"},"modified":"2022-12-15T23:41:23","modified_gmt":"2022-12-16T02:41:23","slug":"la-madre-de-lucio-dupuy-declaro-en-el-juicio-cuando-lo-deje-en-mi-casa-me-saludo-y-estaba-vivo","status":"publish","type":"post","link":"https:\/\/corrientesdetarde.com\/index.php\/crimen-y-justicia\/la-madre-de-lucio-dupuy-declaro-en-el-juicio-cuando-lo-deje-en-mi-casa-me-saludo-y-estaba-vivo\/","title":{"rendered":"La madre de Lucio Dupuy declar\u00f3 en el juicio: \u201cCuando lo dej\u00e9 en mi casa, me salud\u00f3 y estaba vivo\u201d"},"content":{"rendered":"\n<h2 class=\"wp-block-heading\">En la sexta semana del proceso en su contra, Magdalena Esp\u00f3sito Valenti se neg\u00f3 a responder preguntas. Adem\u00e1s, el abogado defensor proyect\u00f3 fotos y videos de la imputada y de su hijo para mostrar c\u00f3mo era la vida cotidiana entre ambos. \u201cSigo sin poder creerlo\u201d, asegur\u00f3.<\/h2>\n\n\n\n<p>El juicio por el crimen de<strong>Lucio Dupuy<\/strong>, el nene de 5 a\u00f1os asesinado en\u00a0noviembre del 2021, continu\u00f3 este jueves en\u00a0<strong>La Pampa<\/strong>\u00a0con la declaraci\u00f3n de la madre del menor.\u00a0<strong>Magdalena Esp\u00f3sito Valenti\u00a0<\/strong>y su pareja\u00a0<strong>Abigail P\u00e1ez<\/strong>llegaron al debate oral con prisi\u00f3n preventiva, acusadas por el homicidio del chico, que muri\u00f3 producto de los\u00a0<strong>golpes, mordeduras y quemaduras<\/strong>\u00a0y a quien tambi\u00e9n habr\u00edan sometido a un<strong>\u00a0abuso sexual<\/strong>.<\/p>\n\n\n\n<p>En su exposici\u00f3n ante los jueces del&nbsp;<strong>Tribunal de Santa Rosa<\/strong>, integrado por la jueza Alejandro Ongaro, y los jueces Andr\u00e9s Oli\u00e9 y Daniel S\u00e1ez Zamora, Esp\u00f3sito se neg\u00f3 a responder preguntas pero expuso su versi\u00f3n. Record\u00f3 que la ma\u00f1ana del hecho&nbsp;<strong>dej\u00f3 a su hijo \u201ccon vida\u201d<\/strong>&nbsp;al cuidado de su novia. Adem\u00e1s se\u00f1al\u00f3 que al d\u00eda de hoy sigue sin poder creer lo que le ocurri\u00f3.<\/p>\n\n\n\n<p><\/p>\n\n\n\n<p>\u201cCuando lo dej\u00e9 en mi casa, me salud\u00f3, estaba con vida. Al d\u00eda de hoy sigo sin poder creerlo. A muchos les parecer\u00e1 mal que no est\u00e9 llorando, pero me mentalic\u00e9 ser lo m\u00e1s fuerte posible para poder hablar claramente.&nbsp;<strong>Yo a Lucio lo lloro en privado<\/strong>, me parece m\u00e1s humano que hacerlo delante de personas que no me conocen a m\u00ed, ni conocieron a Lucio y dijeron un mont\u00f3n de cosas sobre mi supuesto rechazo a la maternidad\u201d, dijo la mujer en la \u00faltima audiencia del juicio que ya lleva seis semanas desde el inicio.<\/p>\n\n\n\n<figure class=\"wp-block-image\"><img decoding=\"async\" src=\"https:\/\/tn.com.ar\/resizer\/XI2fz15PV9HhpC2NSSbP7_e2wKw=\/767x0\/smart\/filters:format(webp)\/cloudfront-us-east-1.images.arcpublishing.com\/artear\/JNZDVYP6KFBQ3JQNATRNXCXT6M.jpg\" alt=\"Magdalena Esp\u00f3sito Valenti, madre de Lucio Dupuy. (Foto: Superior Tribunal de Justicia de la Provincia de La Pampa)\"\/><figcaption>Magdalena Esp\u00f3sito Valenti, madre de Lucio Dupuy. (Foto: Superior Tribunal de Justicia de la Provincia de La Pampa)<\/figcaption><\/figure>\n\n\n\n<p>Durante su testimonio,<strong>&nbsp;Pablo De Biasi<\/strong>&nbsp;-abogado defensor de la acusada-proyect\u00f3&nbsp;<strong>fotos y videos de ella junto a su hijo<\/strong>&nbsp;para mostrar c\u00f3mo era su vida cotidiana. Al terminar su declaraci\u00f3n, la imputada se neg\u00f3 a responder preguntas.<\/p>\n\n\n\n<h2 class=\"wp-block-heading\">La pareja de la madre de Lucio neg\u00f3 la acusaci\u00f3n por el asesinato<\/h2>\n\n\n\n<p>La segunda imputada por el crimen de Lucio es\u00a0<strong>Abigail P\u00e1ez<\/strong>, pareja de la madre del menor, quien ya hab\u00eda declarado la semana pasada.\u00a0\u201c<strong>Mi intenci\u00f3n jam\u00e1s fue lastimarlo y mucho menos matarlo<\/strong>. Me duele en el alma, lo extra\u00f1o mucho\u201d, afirm\u00f3.<\/p>\n\n\n\n<p><\/p>\n\n\n\n<p>El Supremo Tribunal de Justicia de La Pampa inform\u00f3 a trav\u00e9s de la Oficina de Comunicaci\u00f3n Institucional que en su exposici\u00f3n P\u00e1ez&nbsp;<strong>\u201chizo un relato detallado\u201d<\/strong>&nbsp;del viernes 26 de noviembre de 2021, cuando muri\u00f3 Lucio, \u201cdesde que se levant\u00f3 a las 6:15 hasta que termin\u00f3 detenida\u201d. Durante la declaraci\u00f3n de P\u00e1ez, Magdalena Esp\u00f3sito Valenti,<strong>&nbsp;no estuvo presente&nbsp;<\/strong>ni escuch\u00f3 la exposici\u00f3n.<\/p>\n\n\n\n<p>En la misma audiencia&nbsp;<strong>declararon ocho testigos&nbsp;<\/strong>propuestos por las defensas p\u00fablicas de P\u00e1ez y Esp\u00f3sito Valenti, quienes conviv\u00edan con la v\u00edctima en una casa de la calle Allan Kardec de Santa Rosa, cuando ocurri\u00f3 el crimen.<\/p>\n\n\n\n<p>En total ya&nbsp;<strong>se presentaron 71 testigos<\/strong>&nbsp;ante el Tribunal de Audiencias de Santa Rosa. A priori solo quedan dos jornadas para que concluya el proceso. El martes pr\u00f3ximo se escuchar\u00e1n a los \u00faltimos testigos y el jueves 22 ser\u00e1 el turno de los alegatos.<\/p>\n\n\n\n<p><\/p>\n\n\n\n<p>El Ministerio P\u00fablico Fiscal acusa a la madre de Lucio por los delitos de \u201c<strong>abuso sexual&nbsp;<\/strong>gravemente agravado por ser la ascendiente, por ser cometido por dos personas y por existir convivencia entre ella y la v\u00edctima menor de 18 a\u00f1os, en concurso real con&nbsp;<strong>homicidio<\/strong>\u201d. En tanto, a P\u00e1ez<strong>&nbsp;se le imputa el mismo delito<\/strong>, pero sin el agravante de ser la ascendiente. Durante los alegatos de apertura, el fiscal le a\u00f1adi\u00f3 a esa calificaci\u00f3n la agravante de homicidio por&nbsp;<strong>odio de g\u00e9nero<\/strong>.<\/p>\n\n\n\n<figure class=\"wp-block-image\"><img decoding=\"async\" src=\"https:\/\/tn.com.ar\/resizer\/rG5FKoIEDZXKTQrz3cFap3Ytj-c=\/767x0\/smart\/filters:format(webp)\/cloudfront-us-east-1.images.arcpublishing.com\/artear\/GSPNZTNSONFCJJIHKA37XFM32A.png\" alt=\"Lucio Dupuy fue abusado sexualmente y asesinado a golpes por su madre y la pareja de ella.\"\/><figcaption>Lucio Dupuy fue abusado sexualmente y asesinado a golpes por su madre y la pareja de ella.<\/figcaption><\/figure>\n\n\n\n<p>Entre los&nbsp;<strong>testimonios clave&nbsp;<\/strong>en el juicio estuvieron&nbsp;<strong>dos m\u00e9dicas<\/strong>&nbsp;del hospital Gobernador Centeno, ubicado en General Pico. Ambas atendieron a Lucio en la guardia en 2019 y 2020 por una herida cortante superficial, un traumatismo, una otitis y una faringitis.<\/p>\n\n\n\n<p>Tambi\u00e9n declar\u00f3&nbsp;<strong>una empleada municipal&nbsp;<\/strong>que entrevist\u00f3 a las dos acusadas cuando se acercaron a la Direcci\u00f3n de Pol\u00edticas de G\u00e9nero y Diversidad con Lucio para consultar por cuestiones relacionadas con \u201cel cumplimiento de la cuota alimentaria, el maltrato verbal, la ley de identidad de g\u00e9nero y la asistencia econ\u00f3mica del Estado a personas en situaciones de vulnerabilidad\u201d.<\/p>\n\n\n\n<p><\/p>\n\n\n\n<h2 class=\"wp-block-heading\">Crimen y abuso sexual: el juicio es a puertas cerradas<\/h2>\n\n\n\n<p>El juicio, que se desarrolla a puertas cerradas ya que la v\u00edctima era menor de edad y se debate un<strong>&nbsp;delito contra la integridad sexual<\/strong>, se lleva a cabo en la sede de la Ciudad Judicial de Santa Rosa. La misma est\u00e1 situada en las avenidas Uruguay y Per\u00f3n, hasta donde las acusadas fueron trasladadas procedentes de la Penitenciar\u00eda 1 de San Luis, lugar en el que<strong>&nbsp;cumplen sus prisiones preventivas<\/strong>.<\/p>\n\n\n\n<p>Es que cuando se conoci\u00f3 el caso el 26 de noviembre del a\u00f1o pasado, los vecinos salieron a la calle para expresar su reclamo por el crimen del ni\u00f1o y<strong>&nbsp;hubo serios incidentes en la comisar\u00eda&nbsp;<\/strong>donde estaban alojadas las detenidas.<\/p>\n\n\n\n<p><\/p>\n\n\n\n<p>Seg\u00fan la autopsia, solicitada por la Fiscal\u00eda de Investigaciones Administrativas (FIA), el ni\u00f1o ten\u00eda politraumatismos por&nbsp;<strong>golpes, mordeduras y quemaduras<\/strong>, que eran de vieja y reciente data. Asimismo, indicaron que el deceso se produjo por una \u201chemorragia interna\u201d producto de las agresiones.<\/p>\n\n\n\n<p>\u201cEn mis casi 30 a\u00f1os de profesi\u00f3n&nbsp;<strong>nunca vi algo as\u00ed<\/strong>\u201d, hab\u00eda dicho a&nbsp;<em>T\u00e9lam<\/em>&nbsp;el forense Juan Carlos Toulouse antes de iniciarse el debate, lo que luego reafirm\u00f3 al declarar como testigo.<\/p>\n\n\n\n<p><\/p>\n\n\n\n<p>Tras la muerte de Lucio se determin\u00f3 que el ni\u00f1o fue asistido al menos cinco veces -en un lapso de tres meses- por politraumatismos en distintos centros asistenciales de La Pampa. Sin embargo,&nbsp;<strong>no hab\u00eda denuncias&nbsp;<\/strong>de los m\u00e9dicos al respecto, como as\u00ed tampoco de las autoridades del jard\u00edn de infantes al que asist\u00eda.<\/p>\n\n\n\n<p>Por este motivo, se inici\u00f3 una investigaci\u00f3n administrativa a nivel gubernamental para&nbsp;<strong>establecer responsabilidades de funcionarios&nbsp;<\/strong>en la omisi\u00f3n de denuncias que pudieron haber evitado este desenlace.<\/p>\n","protected":false},"excerpt":{"rendered":"<p>En la sexta semana del proceso en su contra, Magdalena Esp\u00f3sito Valenti se neg\u00f3 a responder preguntas. Adem\u00e1s, el abogado defensor proyect\u00f3 fotos y videos de la imputada y de&hellip; <\/p>\n","protected":false},"author":1,"featured_media":27744,"comment_status":"closed","ping_status":"open","sticky":false,"template":"","format":"standard","meta":{"footnotes":""},"categories":[5],"tags":[],"class_list":["post-27743","post","type-post","status-publish","format-standard","has-post-thumbnail","hentry","category-crimen-y-justicia"],"_links":{"self":[{"href":"https:\/\/corrientesdetarde.com\/index.php\/wp-json\/wp\/v2\/posts\/27743","targetHints":{"allow":["GET"]}}],"collection":[{"href":"https:\/\/corrientesdetarde.com\/index.php\/wp-json\/wp\/v2\/posts"}],"about":[{"href":"https:\/\/corrientesdetarde.com\/index.php\/wp-json\/wp\/v2\/types\/post"}],"author":[{"embeddable":true,"href":"https:\/\/corrientesdetarde.com\/index.php\/wp-json\/wp\/v2\/users\/1"}],"replies":[{"embeddable":true,"href":"https:\/\/corrientesdetarde.com\/index.php\/wp-json\/wp\/v2\/comments?post=27743"}],"version-history":[{"count":1,"href":"https:\/\/corrientesdetarde.com\/index.php\/wp-json\/wp\/v2\/posts\/27743\/revisions"}],"predecessor-version":[{"id":27745,"href":"https:\/\/corrientesdetarde.com\/index.php\/wp-json\/wp\/v2\/posts\/27743\/revisions\/27745"}],"wp:featuredmedia":[{"embeddable":true,"href":"https:\/\/corrientesdetarde.com\/index.php\/wp-json\/wp\/v2\/media\/27744"}],"wp:attachment":[{"href":"https:\/\/corrientesdetarde.com\/index.php\/wp-json\/wp\/v2\/media?parent=27743"}],"wp:term":[{"taxonomy":"category","embeddable":true,"href":"https:\/\/corrientesdetarde.com\/index.php\/wp-json\/wp\/v2\/categories?post=27743"},{"taxonomy":"post_tag","embeddable":true,"href":"https:\/\/corrientesdetarde.com\/index.php\/wp-json\/wp\/v2\/tags?post=27743"}],"curies":[{"name":"wp","href":"https:\/\/api.w.org\/{rel}","templated":true}]}}