{"id":27752,"date":"2022-12-15T23:50:49","date_gmt":"2022-12-16T02:50:49","guid":{"rendered":"https:\/\/corrientesdetarde.com\/?p=27752"},"modified":"2022-12-15T23:50:53","modified_gmt":"2022-12-16T02:50:53","slug":"le-robaron-la-pileta-la-busco-con-un-drone-y-descubrio-que-su-vecino-la-estaba-instalando-en-el-patio","status":"publish","type":"post","link":"https:\/\/corrientesdetarde.com\/index.php\/crimen-y-justicia\/le-robaron-la-pileta-la-busco-con-un-drone-y-descubrio-que-su-vecino-la-estaba-instalando-en-el-patio\/","title":{"rendered":"Le robaron la pileta, la busc\u00f3 con un drone y descubri\u00f3 que su vecino la estaba instalando en el patio"},"content":{"rendered":"\n<h2 class=\"wp-block-heading\">La piscina fue sacada de un dep\u00f3sito y el due\u00f1o la encontr\u00f3 en una quinta, a 400 metros del lugar donde fue sustra\u00edda. El ins\u00f3lito hecho ocurri\u00f3 en Santa Fe.<\/h2>\n\n\n\n<p>Un hombre de 43 a\u00f1os logr\u00f3 recuperar una pileta de fibra de vidrio que le robaron de su dep\u00f3sito. El propietario comenz\u00f3 a buscarla con un drone en la ciudad de San Jos\u00e9 del Rinc\u00f3n, en<strong>Santa Fe<\/strong>,y\u00a0<strong>la encontr\u00f3 en la casa de un vecino<\/strong>.<\/p>\n\n\n\n<p>El hecho fue denunciado este martes por un hombre que vende piletas de fibra sobre la ruta 1, a la altura del km 5,2. La v\u00edctima relat\u00f3 ante los efectivos de la comisar\u00eda N\u00ba14 que le faltaba una de las que<strong>\u00a0ten\u00eda dentro de su predio<\/strong>.<\/p>\n\n\n\n<p>Una vez que sali\u00f3 de la dependencia policial, utiliz\u00f3&nbsp;<strong>su propio drone&nbsp;<\/strong>para tratar de ubicarla por la zona, creyendo que quien la rob\u00f3 no pudo haber ido muy lejos.<\/p>\n\n\n\n<figure class=\"wp-block-image\"><img decoding=\"async\" src=\"https:\/\/tn.com.ar\/resizer\/pBCkDoEiK2tEnw6pVIRUS9Gjtvc=\/767x0\/smart\/filters:format(webp)\/cloudfront-us-east-1.images.arcpublishing.com\/artear\/FIDULACIDRHF3ML272MZLYDSYQ.jpg\" alt=\"La Polic\u00eda de Santa Fe fue hasta la casa donde estaban amurando la pileta robada. (Foto: gentileza El Litoral)\"\/><figcaption>La Polic\u00eda de Santa Fe fue hasta la casa donde estaban amurando la pileta robada. (Foto: gentileza El Litoral)<\/figcaption><\/figure>\n\n\n\n<p>De esta manera, comenz\u00f3 a sobrevolar con el drone las casas con el objetivo de recuperarla. Tan solo a unos 400 metros, encontr\u00f3 la obra en donde&nbsp;<strong>estaban amurando la piscina<\/strong>.<\/p>\n\n\n\n<p>El propietario de la pileta fue hasta la comisar\u00eda otra vez para avisarles a los efectivos que la hab\u00eda encontrado. La polic\u00eda se dirigi\u00f3 hasta el lugar y all\u00ed se encontr\u00f3 con un hombre de 31 a\u00f1os, que dijo que en realidad \u00e9l era el due\u00f1o.<\/p>\n\n\n\n<p><\/p>\n\n\n\n<p>Al ladr\u00f3n le abrieron una causa por el delito de \u201cencubrimiento\u201d,<strong>&nbsp;pero qued\u00f3 en libertad<\/strong>. La fiscal Rosana Peres\u00edn se encuentra a cargo de la investigaci\u00f3n.<\/p>\n\n\n\n<h2 class=\"wp-block-heading\">Otro ins\u00f3lito robo en Santa Fe: entraron a una casa, vaciaron la pileta de lona y se la llevaron<\/h2>\n\n\n\n<p>La semana pasada, delincuentes ingresaron a una casa en el norte de Rosario,<strong>vaciaron la pileta de lona que estaba en la parte delantera de la vivienda y se la llevaron<\/strong>.<\/p>\n\n\n\n<p>El hecho ocurri\u00f3 en el barrio Sarmiento, mientras la due\u00f1a dorm\u00eda la siesta junto a sus dos peque\u00f1os hijos. Los ladrones, adem\u00e1s,\u00a0<strong>se llevaron juguetes de los nenes<\/strong>.<\/p>\n\n\n\n<p>En di\u00e1logo con<em>&nbsp;Telenoche Rosario,<\/em>&nbsp;Daiana, la v\u00edctima del asalto, cont\u00f3 cu\u00e1l fue su reacci\u00f3n al darse cuenta de que la pileta no estaba. A su vez, denunci\u00f3 una ola de robos en el barrio. \u201cFueron cinco minutos de shock, porque era mirar y ver el pasto, los juguetes, los chicos. El nene de 10 a\u00f1os que estuvo todo el d\u00eda dici\u00e9ndome<strong>&nbsp;\u2018mam\u00e1 \u00bfd\u00f3nde est\u00e1 la pileta?\u2019\u201d<\/strong>, relat\u00f3.<\/p>\n\n\n\n<p>En este sentido, la mujer se\u00f1al\u00f3 que siente angustia de pensar en que se llevaron algo que era \u201cpara los chicos\u201d y cont\u00f3 que<strong>&nbsp;la compr\u00f3 hace menos de un mes<\/strong>, con un gran esfuerzo econ\u00f3mico.<\/p>\n\n\n\n<p>\u201cEs una casa humilde. Ingresaron, vieron la pileta, los juguetes. Estamos hablando de dos criaturas, que para poder pasar el verano y soportar el calor, ten\u00edan la pileta.&nbsp;<strong>No les interesa nada<\/strong>\u201d, agreg\u00f3.<\/p>\n","protected":false},"excerpt":{"rendered":"<p>La piscina fue sacada de un dep\u00f3sito y el due\u00f1o la encontr\u00f3 en una quinta, a 400 metros del lugar donde fue sustra\u00edda. El ins\u00f3lito hecho ocurri\u00f3 en Santa Fe.&hellip; <\/p>\n","protected":false},"author":1,"featured_media":27755,"comment_status":"closed","ping_status":"open","sticky":false,"template":"","format":"standard","meta":{"footnotes":""},"categories":[5],"tags":[],"class_list":["post-27752","post","type-post","status-publish","format-standard","has-post-thumbnail","hentry","category-crimen-y-justicia"],"_links":{"self":[{"href":"https:\/\/corrientesdetarde.com\/index.php\/wp-json\/wp\/v2\/posts\/27752","targetHints":{"allow":["GET"]}}],"collection":[{"href":"https:\/\/corrientesdetarde.com\/index.php\/wp-json\/wp\/v2\/posts"}],"about":[{"href":"https:\/\/corrientesdetarde.com\/index.php\/wp-json\/wp\/v2\/types\/post"}],"author":[{"embeddable":true,"href":"https:\/\/corrientesdetarde.com\/index.php\/wp-json\/wp\/v2\/users\/1"}],"replies":[{"embeddable":true,"href":"https:\/\/corrientesdetarde.com\/index.php\/wp-json\/wp\/v2\/comments?post=27752"}],"version-history":[{"count":1,"href":"https:\/\/corrientesdetarde.com\/index.php\/wp-json\/wp\/v2\/posts\/27752\/revisions"}],"predecessor-version":[{"id":27756,"href":"https:\/\/corrientesdetarde.com\/index.php\/wp-json\/wp\/v2\/posts\/27752\/revisions\/27756"}],"wp:featuredmedia":[{"embeddable":true,"href":"https:\/\/corrientesdetarde.com\/index.php\/wp-json\/wp\/v2\/media\/27755"}],"wp:attachment":[{"href":"https:\/\/corrientesdetarde.com\/index.php\/wp-json\/wp\/v2\/media?parent=27752"}],"wp:term":[{"taxonomy":"category","embeddable":true,"href":"https:\/\/corrientesdetarde.com\/index.php\/wp-json\/wp\/v2\/categories?post=27752"},{"taxonomy":"post_tag","embeddable":true,"href":"https:\/\/corrientesdetarde.com\/index.php\/wp-json\/wp\/v2\/tags?post=27752"}],"curies":[{"name":"wp","href":"https:\/\/api.w.org\/{rel}","templated":true}]}}