{"id":27753,"date":"2022-12-15T23:50:54","date_gmt":"2022-12-16T02:50:54","guid":{"rendered":"https:\/\/corrientesdetarde.com\/?p=27753"},"modified":"2022-12-16T07:24:30","modified_gmt":"2022-12-16T10:24:30","slug":"causa-schaerer-casacion-fallo-contra-las-libertades-de-salgan-barbieri-y-sudo","status":"publish","type":"post","link":"https:\/\/corrientesdetarde.com\/index.php\/crimen-y-justicia\/causa-schaerer-casacion-fallo-contra-las-libertades-de-salgan-barbieri-y-sudo\/","title":{"rendered":"Causa Schaerer: Casaci\u00f3n fall\u00f3 contra las libertades de Salgan, Barbieri y Sudo"},"content":{"rendered":"\n<p>Se conocieron ayer diversas resoluciones de la C\u00e1mara Federal de Casaci\u00f3n Penal que fall\u00f3 contra las libertades de tres condenados por el secuestro de Cristian Schaerer, las cuales se dieron a pocos d\u00edas del inicio de la feria judicial de fin de a\u00f1o.<\/p>\n\n\n\n<p>De este modo, resolvieron contra los beneficios que hab\u00edan adquirido Jorge Gabriel Sudo, Oscar Salg\u00e1n y el abogado Angel Barbieri, quienes deber\u00e1n regresar a prisi\u00f3n.<\/p>\n\n\n\n<p>Cabe se\u00f1alar que los tres recibieron distintas condenas por la causa del secuestro del joven correntino, ocurrido en 21 de septiembre de 2003 y pese al tiempo transcurrido, siguen sin localizar su cuerpo. El caso de Jorge Gabriel Sudo, que ten\u00eda un r\u00e9gimen de libertad asistida se resolvi\u00f3 dejar sin efecto el beneficio.<\/p>\n\n\n\n<p>En cuanto a Pedro Angel Barbieri ordenaron dejar sin efecto las salidas transitorias que fueron concedidas por el Tribunal Oral en lo Criminal Federal de Corrientes el 22 de septiembre pasado.<\/p>\n\n\n\n<p>Y la tercera resoluci\u00f3n fue por el caso de Oscar Antonio Salg\u00e1n, quien desde el 16 de septiembre se adhiri\u00f3 al r\u00e9gimen de salidas transitorias. Al igual que los anteriores, Casaci\u00f3n resolvi\u00f3 dejar sin efecto este beneficio.<\/p>\n","protected":false},"excerpt":{"rendered":"<p>Se conocieron ayer diversas resoluciones de la C\u00e1mara Federal de Casaci\u00f3n Penal que fall\u00f3 contra las libertades de tres condenados por el secuestro de Cristian Schaerer, las cuales se dieron&hellip; <\/p>\n","protected":false},"author":1,"featured_media":27754,"comment_status":"closed","ping_status":"open","sticky":false,"template":"","format":"standard","meta":{"footnotes":""},"categories":[5],"tags":[],"class_list":["post-27753","post","type-post","status-publish","format-standard","has-post-thumbnail","hentry","category-crimen-y-justicia"],"_links":{"self":[{"href":"https:\/\/corrientesdetarde.com\/index.php\/wp-json\/wp\/v2\/posts\/27753","targetHints":{"allow":["GET"]}}],"collection":[{"href":"https:\/\/corrientesdetarde.com\/index.php\/wp-json\/wp\/v2\/posts"}],"about":[{"href":"https:\/\/corrientesdetarde.com\/index.php\/wp-json\/wp\/v2\/types\/post"}],"author":[{"embeddable":true,"href":"https:\/\/corrientesdetarde.com\/index.php\/wp-json\/wp\/v2\/users\/1"}],"replies":[{"embeddable":true,"href":"https:\/\/corrientesdetarde.com\/index.php\/wp-json\/wp\/v2\/comments?post=27753"}],"version-history":[{"count":1,"href":"https:\/\/corrientesdetarde.com\/index.php\/wp-json\/wp\/v2\/posts\/27753\/revisions"}],"predecessor-version":[{"id":27757,"href":"https:\/\/corrientesdetarde.com\/index.php\/wp-json\/wp\/v2\/posts\/27753\/revisions\/27757"}],"wp:featuredmedia":[{"embeddable":true,"href":"https:\/\/corrientesdetarde.com\/index.php\/wp-json\/wp\/v2\/media\/27754"}],"wp:attachment":[{"href":"https:\/\/corrientesdetarde.com\/index.php\/wp-json\/wp\/v2\/media?parent=27753"}],"wp:term":[{"taxonomy":"category","embeddable":true,"href":"https:\/\/corrientesdetarde.com\/index.php\/wp-json\/wp\/v2\/categories?post=27753"},{"taxonomy":"post_tag","embeddable":true,"href":"https:\/\/corrientesdetarde.com\/index.php\/wp-json\/wp\/v2\/tags?post=27753"}],"curies":[{"name":"wp","href":"https:\/\/api.w.org\/{rel}","templated":true}]}}