{"id":27758,"date":"2022-12-15T23:56:45","date_gmt":"2022-12-16T02:56:45","guid":{"rendered":"https:\/\/corrientesdetarde.com\/?p=27758"},"modified":"2022-12-15T23:56:51","modified_gmt":"2022-12-16T02:56:51","slug":"cierre-anual-de-la-jr-provincial","status":"publish","type":"post","link":"https:\/\/corrientesdetarde.com\/index.php\/politica\/cierre-anual-de-la-jr-provincial\/","title":{"rendered":"CIERRE ANUAL DE LA JR PROVINCIAL"},"content":{"rendered":"\n<p>En el club San Mart\u00edn de la ciudad de Corrientes, este jueves la Juventud Radical del Comit\u00e9 Central realiz\u00f3 su acto de cierre anual con la presencia del gobernador Gustavo Vald\u00e9s y representantes de todas las localidades provinciales. All\u00ed, el Mandatario le pidi\u00f3 a los j\u00f3venes militantes que se mantengan unidos y preparados para gobernar el pa\u00eds el pr\u00f3ximo a\u00f1o con Juntos por el Cambio.<\/p>\n\n\n\n<p>J\u00f3venes militantes de la UCR colmaron la cancha de basquet principal del capitalino club San Mart\u00edn, durante la noche de este jueves, con la participaci\u00f3n de legisladores, funcionarios y la presidente de la JR Nacional, Valeria Pav\u00f3n, adem\u00e1s del Gobernador.<\/p>\n\n\n\n<p>Valdes cerr\u00f3 los discursos del encuentro y agradeci\u00f3 la invitaci\u00f3n de la JR, considerando que el radicalismo en Corrientes est\u00e1 realizando una &#8220;reivindicaci\u00f3n&#8221; de la militancia por la democracia, citando a Ra\u00fal Alfons\u00edn y recordando la epopeya que recuper\u00f3 la democracia ininterrumpida hasta la actualidad.<\/p>\n\n\n\n<p>&#8220;Como partido pol\u00edtico somos la paz, la educaci\u00f3n y el trabajo&#8221;, areng\u00f3 el mandatario provincial. &#8220;Pero como democracia tenemos todav\u00eda mucho trabajo y como UCR tenemos que asumir una responsabilidad en la Naci\u00f3n el pr\u00f3ximo a\u00f1o&#8221;, advirti\u00f3 luego.<\/p>\n\n\n\n<p>Por ello fue que Vald\u00e9s pidi\u00f3 unidad en el radicalismo para &#8220;poner la Patria de pie y tenemos que hacerlo con Juntos por el Cambio&#8221;. Traz\u00f3 as\u00ed la necesidad de comulgar con &#8220;partidos republicanos con ideas parecidas&#8221; para alcanzar dicho objetivo pol\u00edtico.&nbsp;<\/p>\n\n\n\n<p>&#8220;La UCR es el \u00fanico partido que tiene organizaci\u00f3n y fuerza para liderar el proceso que se viene el pr\u00f3ximo a\u00f1o&#8221;, sostuvo, convencido de que Juntos por el Cambio ganar\u00e1 las elecciones nacionales en este 2023.<\/p>\n\n\n\n<p>En este marco, Vald\u00e9s le pidi\u00f3 a la Juventud Radical que se prepare para ello con capacitaci\u00f3n y unidad.&nbsp;<\/p>\n\n\n\n<p>Luego mencion\u00f3 a Gerardo Morales como uno de los candidatos a Presidente de la Naci\u00f3n por parte de la UCR, dentro de Juntos por el Cambio. &#8220;Nosostros le decimos al pa\u00eds que los radicales sabemos gobernar&#8221;, exclam\u00f3 luego, tras remarcar las exitosas gestiones provinciales de Jujuy y Corrientes.<\/p>\n\n\n\n<p>&#8220;Estamos viviendo momentos duros, pero somos nosotros los que vamos a cambiar la realidad del pa\u00eds&#8221;, asegur\u00f3 Vald\u00e9s.&nbsp;<\/p>\n\n\n\n<p>Antes, Valeria Pav\u00f3n,&nbsp; presidente de la JR Nacional dijo que &#8220;los j\u00f3venes radicales estamos ac\u00e1 todos juntos haciendo pol\u00edtica, por eso desde el Comit\u00e9 Nacional de la JR le digo muchas gracias a la juventud radical de Corrientes&#8221;. Cuestion\u00f3 luego el recorte al presupuesto a las universidades nacionales y las pol\u00edticas econ\u00f3micas del Gobierno nacional que perjudican a las familias, entendiendo por ello que &#8220;el pueblo argentino est\u00e1 pidiendo un&nbsp; gran triunfo radical para cambiar el pa\u00eds &#8220;.<\/p>\n\n\n\n<p>Por su parte, el anfitri\u00f3n del acto, Mat\u00edas Velazco, presidente de la JR provincial asegur\u00f3 que &#8220;todo el a\u00f1o trabajamos juntos todos los j\u00f3venes, codo a codo&#8221;. Y consider\u00f3 que &#8220;a nivel nacional hay una crisis sin nombre que el gobernador Gustavo Vald\u00e9s trata de paliar con pol\u00edticas de Estado para que en Corrientes haya industrias que generen empleo,&nbsp; pero estoy seguro que el a\u00f1o que viene le vamos a devolver la dignidad a los argentinos y ser\u00e1 de la mano del radicalismo correntino&#8221;.<\/p>\n\n\n\n<p><strong>Otras expresiones de la JR<\/strong><\/p>\n\n\n\n<p>Lilian Cano, Vicepresidente JR Provincial: &#8220;La experiencias de los mayores con la fuerza de los j\u00f3venes es lo que va a seguir manteniendo al radicalismo conduciendo los destinos de la provincia&#8221;. &#8220;Hoy venimos a cerrar un gran a\u00f1o de trabajo con encuentros zonales, vamos a seguir trabajando por m\u00e1s y mejor radicalismo en toda la provincia&#8221;<\/p>\n\n\n\n<p>Santiago Merino, presidente de la JR Capital: &#8220;Estos encuentros nos llenan de energ\u00eda y nos dan ganas de salir a comernos la cancha para que el a\u00f1o que viene el radicalismo sea protagonista de la decisi\u00f3n nacional. &#8221; Este partido es la garant\u00eda moral que le va a devolver la esperanza al pueblo, los pro lemas los vamos a resolver con m\u00e1s radicalismo en las calles y m\u00e1s Franja Morada en las Universidades.<\/p>\n\n\n\n<p>Liciana Benitez, presidente JR Bella Vista, en representaci\u00f3n de la regi\u00f3n R\u00edo Santa Luc\u00eda: &#8220;Busquemos nosotros los j\u00f3venes ser protagonistas, porque la gente encuentra esperanza en los j\u00f3venes&#8221;.<\/p>\n\n\n\n<p>Maxi Olivieri, presidente JR Monte Caseros en representaci\u00f3n de la regi\u00f3n Centro Sur: &#8220;Nuestra juventud se banc\u00f3 pr\u00e1cicamente el 90 por ciento de la campa\u00f1a y ahora estamos en cada una de las \u00e1reas del Gobierno municipal&#8221; .<\/p>\n\n\n\n<p>Caro Sanchez, presidente JR San Luis del Palmar en representaci\u00f3n de la regi\u00f3n Noroeste: &#8220;Estamos celebrando las leyes impulsadas por el gobernador Gustavo Valdes de Vito Joven y Paridad de G\u00e9nero &#8220;.<\/p>\n\n\n\n<p>Axel Vargas, JR Saladas en representaci\u00f3n de la regi\u00f3n Humedales: &#8220;Hace mucho no ten\u00edamos en nuestro municipio un gobierno radical y ahora estamos todos los d\u00edas recorriendo los barrios&#8221;.<\/p>\n\n\n\n\r\n\t<div class=\"msacwl-slider-wrap msacwl-row-clearfix \" data-conf=\"{&quot;autoplay&quot;:&quot;true&quot;,&quot;autoplay_speed&quot;:3000,&quot;speed&quot;:300,&quot;arrows&quot;:&quot;true&quot;,&quot;dots&quot;:&quot;true&quot;,&quot;lazyload&quot;:&quot;&quot;}\">\r\n\t\t<div id=\"msacwl-slider-1\" class=\"msacwl-slider msacwl-common-slider msacwl-slider-popup\">\r\n\t\t\t\t\t\t<div class=\"msacwl-slide\" data-item-index=\"1\" >\r\n\t\t\t\t<a class=\"msacwl-img-link\" href=\"javascript:void(0);\" data-mfp-src=\"https:\/\/corrientesdetarde.com\/wp-content\/uploads\/2022\/12\/20221215_234525.jpg\">\r\n\t\t\t\t\t<img decoding=\"async\" class=\"msacwl-img\" src=\"https:\/\/corrientesdetarde.com\/wp-content\/uploads\/2022\/12\/20221215_234525.jpg\"  data-title=\"\" alt=\"\" \/>\r\n\t\t\t\t<\/a>\r\n\t\t\t\t\t\t\t\t\t<div class=\"msacwl-gallery-caption\">\r\n\t\t\t\t\t\t\t\t\t\t\t\t\t<span class=\"image_title\"><\/span>\r\n\t\t\t\t\t\t\t\t\t\t\t\t\t<span><\/span>\r\n\t\t\t\t\t\t \t\t\t\t\t<\/div>\r\n\t\t\t\t\t\t\t<\/div>\r\n\t\t\t\t\t\t<div class=\"msacwl-slide\" data-item-index=\"2\" >\r\n\t\t\t\t<a class=\"msacwl-img-link\" href=\"javascript:void(0);\" data-mfp-src=\"https:\/\/corrientesdetarde.com\/wp-content\/uploads\/2022\/12\/20221215_234521.jpg\">\r\n\t\t\t\t\t<img decoding=\"async\" class=\"msacwl-img\" src=\"https:\/\/corrientesdetarde.com\/wp-content\/uploads\/2022\/12\/20221215_234521.jpg\"  data-title=\"\" alt=\"\" \/>\r\n\t\t\t\t<\/a>\r\n\t\t\t\t\t\t\t\t\t<div class=\"msacwl-gallery-caption\">\r\n\t\t\t\t\t\t\t\t\t\t\t\t\t<span class=\"image_title\"><\/span>\r\n\t\t\t\t\t\t\t\t\t\t\t\t\t<span><\/span>\r\n\t\t\t\t\t\t \t\t\t\t\t<\/div>\r\n\t\t\t\t\t\t\t<\/div>\r\n\t\t\t\t\t\t<div class=\"msacwl-slide\" data-item-index=\"3\" >\r\n\t\t\t\t<a class=\"msacwl-img-link\" href=\"javascript:void(0);\" data-mfp-src=\"https:\/\/corrientesdetarde.com\/wp-content\/uploads\/2022\/12\/20221215_234506.jpg\">\r\n\t\t\t\t\t<img decoding=\"async\" class=\"msacwl-img\" src=\"https:\/\/corrientesdetarde.com\/wp-content\/uploads\/2022\/12\/20221215_234506.jpg\"  data-title=\"\" alt=\"\" \/>\r\n\t\t\t\t<\/a>\r\n\t\t\t\t\t\t\t\t\t<div class=\"msacwl-gallery-caption\">\r\n\t\t\t\t\t\t\t\t\t\t\t\t\t<span class=\"image_title\"><\/span>\r\n\t\t\t\t\t\t\t\t\t\t\t\t\t<span><\/span>\r\n\t\t\t\t\t\t \t\t\t\t\t<\/div>\r\n\t\t\t\t\t\t\t<\/div>\r\n\t\t\t\t\t<\/div>\r\n\t<\/div>\r\n\r\n\t\n","protected":false},"excerpt":{"rendered":"<p>En el club San Mart\u00edn de la ciudad de Corrientes, este jueves la Juventud Radical del Comit\u00e9 Central realiz\u00f3 su acto de cierre anual con la presencia del gobernador Gustavo&hellip; <\/p>\n","protected":false},"author":1,"featured_media":27761,"comment_status":"closed","ping_status":"open","sticky":false,"template":"","format":"standard","meta":{"footnotes":""},"categories":[8,3],"tags":[],"class_list":["post-27758","post","type-post","status-publish","format-standard","has-post-thumbnail","hentry","category-locales","category-politica"],"_links":{"self":[{"href":"https:\/\/corrientesdetarde.com\/index.php\/wp-json\/wp\/v2\/posts\/27758","targetHints":{"allow":["GET"]}}],"collection":[{"href":"https:\/\/corrientesdetarde.com\/index.php\/wp-json\/wp\/v2\/posts"}],"about":[{"href":"https:\/\/corrientesdetarde.com\/index.php\/wp-json\/wp\/v2\/types\/post"}],"author":[{"embeddable":true,"href":"https:\/\/corrientesdetarde.com\/index.php\/wp-json\/wp\/v2\/users\/1"}],"replies":[{"embeddable":true,"href":"https:\/\/corrientesdetarde.com\/index.php\/wp-json\/wp\/v2\/comments?post=27758"}],"version-history":[{"count":1,"href":"https:\/\/corrientesdetarde.com\/index.php\/wp-json\/wp\/v2\/posts\/27758\/revisions"}],"predecessor-version":[{"id":27764,"href":"https:\/\/corrientesdetarde.com\/index.php\/wp-json\/wp\/v2\/posts\/27758\/revisions\/27764"}],"wp:featuredmedia":[{"embeddable":true,"href":"https:\/\/corrientesdetarde.com\/index.php\/wp-json\/wp\/v2\/media\/27761"}],"wp:attachment":[{"href":"https:\/\/corrientesdetarde.com\/index.php\/wp-json\/wp\/v2\/media?parent=27758"}],"wp:term":[{"taxonomy":"category","embeddable":true,"href":"https:\/\/corrientesdetarde.com\/index.php\/wp-json\/wp\/v2\/categories?post=27758"},{"taxonomy":"post_tag","embeddable":true,"href":"https:\/\/corrientesdetarde.com\/index.php\/wp-json\/wp\/v2\/tags?post=27758"}],"curies":[{"name":"wp","href":"https:\/\/api.w.org\/{rel}","templated":true}]}}