{"id":27793,"date":"2022-12-16T08:45:02","date_gmt":"2022-12-16T11:45:02","guid":{"rendered":"https:\/\/corrientesdetarde.com\/?p=27793"},"modified":"2022-12-16T08:47:27","modified_gmt":"2022-12-16T11:47:27","slug":"aseguran-que-el-accidente-del-operario-de-la-dpec-fue-por-un-error-humano","status":"publish","type":"post","link":"https:\/\/corrientesdetarde.com\/index.php\/sociales\/aseguran-que-el-accidente-del-operario-de-la-dpec-fue-por-un-error-humano\/","title":{"rendered":"Aseguran que el accidente del operario de la DPEC fue por &#8220;un error humano&#8221;"},"content":{"rendered":"\n<p>As\u00ed lo confirm\u00f3 el interventor de la DPEC, Alfredo Aun.&nbsp; El trabajador podr\u00eda sufrir la amputaci\u00f3n de uno de sus brazos y parte de su pierna izquierda, como consecuencia del da\u00f1o generado por los miles de voltios que atravesaron su cuerpo.<\/p>\n\n\n\n<p>Un hombre llamado \u00c1ngel Robledo se encuentra internado en el Hospital Escuela bajo especial atenci\u00f3n m\u00e9dica tras haber sufrido una descarga el\u00e9ctrica de miles de voltios en el mediod\u00eda del martes. &nbsp;El hecho ocurri\u00f3 mientras realizaban conexiones en cableados de alta tensi\u00f3n en las afueras de San Miguel, Corrientes.&nbsp;<\/p>\n\n\n\n<p>&#8220;Todos los d\u00edas se ven\u00eda este trabajando para desconectar la l\u00ednea y comenzar el pase que estaba en postaci\u00f3n de madera a hormig\u00f3n. Se le instruy\u00f3 que actuara sobre una cruceta de la l\u00ednea que se entend\u00eda que estaba sin tensi\u00f3n y cuando procedi\u00f3 a tocarla ocurri\u00f3 este accidente&#8221;, dijo a LT7 el interventor de la DPEC, Alfredo Aun.&nbsp;<\/p>\n\n\n\n<p>&#8220;Ten\u00eda las medidas de seguridad, la puesta a tierra hacia Loreto y los guantes y trabajaban con calzados de seguridad&#8221;, indic\u00f3.&nbsp;<\/p>\n\n\n\n<p>&#8220;Se trata de un error humano. Nosotros tenemos un departamento de Higiene y Seguridad que trabaja permanentemente con los empleados intentando capacitar y dotarle de los elementos de seguridad. Como empresa es muy preocupante porque ven\u00edamos con un bajo \u00edndice de accidentes&#8221;, asegur\u00f3 el interventor.&nbsp;<\/p>\n\n\n\n<figure class=\"wp-block-embed is-type-rich is-provider-gestor-del-servicio wp-block-embed-gestor-del-servicio wp-embed-aspect-16-9 wp-has-aspect-ratio\"><div class=\"wp-block-embed__wrapper\">\n<iframe loading=\"lazy\" title=\"Cortes, inversiones y la realidad de la DPEC: charlamos con el Contador Alfredo A\u00fan\" width=\"1110\" height=\"624\" src=\"https:\/\/www.youtube.com\/embed\/KjFOTx_P93U?feature=oembed\" frameborder=\"0\" allow=\"accelerometer; autoplay; clipboard-write; encrypted-media; gyroscope; picture-in-picture\" allowfullscreen><\/iframe>\n<\/div><\/figure>\n\n\n\n<p>Fuente:LT7.<\/p>\n","protected":false},"excerpt":{"rendered":"<p>As\u00ed lo confirm\u00f3 el interventor de la DPEC, Alfredo Aun.&nbsp; El trabajador podr\u00eda sufrir la amputaci\u00f3n de uno de sus brazos y parte de su pierna izquierda, como consecuencia del&hellip; <\/p>\n","protected":false},"author":4,"featured_media":27795,"comment_status":"closed","ping_status":"open","sticky":false,"template":"","format":"standard","meta":{"footnotes":""},"categories":[17],"tags":[],"class_list":["post-27793","post","type-post","status-publish","format-standard","has-post-thumbnail","hentry","category-sociales"],"_links":{"self":[{"href":"https:\/\/corrientesdetarde.com\/index.php\/wp-json\/wp\/v2\/posts\/27793","targetHints":{"allow":["GET"]}}],"collection":[{"href":"https:\/\/corrientesdetarde.com\/index.php\/wp-json\/wp\/v2\/posts"}],"about":[{"href":"https:\/\/corrientesdetarde.com\/index.php\/wp-json\/wp\/v2\/types\/post"}],"author":[{"embeddable":true,"href":"https:\/\/corrientesdetarde.com\/index.php\/wp-json\/wp\/v2\/users\/4"}],"replies":[{"embeddable":true,"href":"https:\/\/corrientesdetarde.com\/index.php\/wp-json\/wp\/v2\/comments?post=27793"}],"version-history":[{"count":2,"href":"https:\/\/corrientesdetarde.com\/index.php\/wp-json\/wp\/v2\/posts\/27793\/revisions"}],"predecessor-version":[{"id":27797,"href":"https:\/\/corrientesdetarde.com\/index.php\/wp-json\/wp\/v2\/posts\/27793\/revisions\/27797"}],"wp:featuredmedia":[{"embeddable":true,"href":"https:\/\/corrientesdetarde.com\/index.php\/wp-json\/wp\/v2\/media\/27795"}],"wp:attachment":[{"href":"https:\/\/corrientesdetarde.com\/index.php\/wp-json\/wp\/v2\/media?parent=27793"}],"wp:term":[{"taxonomy":"category","embeddable":true,"href":"https:\/\/corrientesdetarde.com\/index.php\/wp-json\/wp\/v2\/categories?post=27793"},{"taxonomy":"post_tag","embeddable":true,"href":"https:\/\/corrientesdetarde.com\/index.php\/wp-json\/wp\/v2\/tags?post=27793"}],"curies":[{"name":"wp","href":"https:\/\/api.w.org\/{rel}","templated":true}]}}