{"id":27823,"date":"2022-12-16T09:52:10","date_gmt":"2022-12-16T12:52:10","guid":{"rendered":"https:\/\/corrientesdetarde.com\/?p=27823"},"modified":"2022-12-16T09:52:16","modified_gmt":"2022-12-16T12:52:16","slug":"entrenamiento-argentino-messi-en-el-gimnasio-di-maria-a-la-par-papu-ausente-y-la-visita-de-aguero","status":"publish","type":"post","link":"https:\/\/corrientesdetarde.com\/index.php\/deportes\/entrenamiento-argentino-messi-en-el-gimnasio-di-maria-a-la-par-papu-ausente-y-la-visita-de-aguero\/","title":{"rendered":"Entrenamiento argentino: Messi en el gimnasio, Di Mar\u00eda a la par, &#8220;Papu&#8221; ausente y la visita de Ag\u00fcero"},"content":{"rendered":"\n<p>La pr\u00e1ctica fue realizada por los jugadores que fueron suplentes en la semifinal ante Croacia y tuvo la ausencia de Alejandro &#8220;Papu&#8221; G\u00f3mez, quien sigue con la rehabilitaci\u00f3n del esguince de tobillo que sufri\u00f3 en octavos de final ante Australia.<\/p>\n\n\n\n<p>El plantel del seleccionado argentino inici\u00f3 la preparaci\u00f3n para la final del Mundial de Qatar 2022 del domingo ante Francia con Lionel Messi y el resto de los titulares en el gimnasio, con \u00c1ngel Di Mar\u00eda a la par, sin Alejandro &#8220;Papu&#8221; G\u00f3mez y la visita de Sergio &#8220;Kun&#8221; Ag\u00fcero.<\/p>\n\n\n\n<p>En los primeros quince minutos abiertos a la prensa del entrenamiento realizado este mediod\u00eda en la Universidad de Qatar, el cuerpo t\u00e9cnico de Lionel Scaloni guard\u00f3 al capit\u00e1n Lionel Messi y al resto de los que fueron titulares en la victoria contra Croacia (3-0) y dispuso que inicien la actividad con trabajos de recuperaci\u00f3n en el gimnasio.&nbsp;<\/p>\n\n\n\n<figure class=\"wp-block-image\"><img decoding=\"async\" src=\"https:\/\/www.lt7noticias.com\/content\/bucket\/0\/39030w770h513c.jpg.webp\" alt=\"\"\/><\/figure>\n\n\n\n<p>Los \u00fanicos que salieron a las dos canchas del predio fueron \u00c1ngel Di Mar\u00eda, quien realiz\u00f3 los primeros movimientos a la par del resto de los que fueron suplentes en la semifinal ante los croatas.<\/p>\n\n\n\n<p>En este grupo llam\u00f3 la atenci\u00f3n la ausencia de Alejandro &#8220;Papu&#8221; G\u00f3mez, quien sigue con la rehabilitaci\u00f3n del esguince de tobillo que sufri\u00f3 ante Australia.<\/p>\n\n\n\n<p>En el sector de los arqueros tampoco estuvo Emiliano &#8220;Dibu&#8221; Mart\u00ednez y los que se ejercitaron junto a Mart\u00edn Tocalli y Dami\u00e1n Albil fueron Ger\u00f3nimo Rulli, Franco Armani y el juvenil Federico Gomes Gerth.<\/p>\n\n\n\n<p>Sobre el final de la ventana permitida para los medios de comunicaci\u00f3n, desde el vestuario salieron Sergio &#8220;Kun&#8221; Ag\u00fcero junto a Leandro Paredes y Nicol\u00e1s Otamendi.<\/p>\n\n\n\n<figure class=\"wp-block-embed is-type-rich is-provider-twitter wp-block-embed-twitter\"><div class=\"wp-block-embed__wrapper\">\n<blockquote class=\"twitter-tweet\" data-width=\"550\" data-dnt=\"true\"><p lang=\"es\" dir=\"ltr\">\ud83e\uddc9 \u00a1Me cebas un mate, <a href=\"https:\/\/twitter.com\/aguerosergiokun?ref_src=twsrc%5Etfw\">@aguerosergiokun<\/a>! <a href=\"https:\/\/t.co\/4ng3JGGFaP\">pic.twitter.com\/4ng3JGGFaP<\/a><\/p>&mdash; Copa Mundial FIFA \ud83c\udfc6 (@fifaworldcup_es) <a href=\"https:\/\/twitter.com\/fifaworldcup_es\/status\/1603442263622909953?ref_src=twsrc%5Etfw\">December 15, 2022<\/a><\/blockquote><script async src=\"https:\/\/platform.twitter.com\/widgets.js\" charset=\"utf-8\"><\/script>\n<\/div><\/figure>\n\n\n\n<p>Justo cuando se cumpli\u00f3 un a\u00f1o del d\u00eda en el que anunci\u00f3 su retiro del f\u00fatbol por un problema card\u00edaco, el exdelantero de Barcelona, campe\u00f3n de Am\u00e9rica en 2021, pas\u00f3 una vez m\u00e1s por la concentraci\u00f3n &#8220;albiceleste&#8221; para visitar a sus amigos y excompa\u00f1eros en la previa de la gran final del domingo ante el vigente campe\u00f3n del Mundo.<\/p>\n\n\n\n<figure class=\"wp-block-image\"><img decoding=\"async\" src=\"https:\/\/www.lt7noticias.com\/content\/bucket\/8\/39028w770h573c.jpg.webp\" alt=\"\"\/><\/figure>\n\n\n\n<p>Ag\u00fcero se sent\u00f3 en el banco de suplentes junto a Paredes y Otamendi y luego se uni\u00f3 a la charla el entrenador Lionel Scaloni.<\/p>\n\n\n\n<figure class=\"wp-block-embed is-type-rich is-provider-twitter wp-block-embed-twitter\"><div class=\"wp-block-embed__wrapper\">\n<blockquote class=\"twitter-tweet\" data-width=\"550\" data-dnt=\"true\"><p lang=\"und\" dir=\"ltr\"><a href=\"https:\/\/twitter.com\/hashtag\/SeleccionArgentina?src=hash&amp;ref_src=twsrc%5Etfw\">#SeleccionArgentina<\/a> \ud83c\udde6\ud83c\uddf7\ud83d\udcaa\ud83c\udffb\ud83e\udee1 <a href=\"https:\/\/t.co\/RtygoCR1Ge\">pic.twitter.com\/RtygoCR1Ge<\/a><\/p>&mdash; Nicolas Otamendi (@Notamendi30) <a href=\"https:\/\/twitter.com\/Notamendi30\/status\/1603444798777487361?ref_src=twsrc%5Etfw\">December 15, 2022<\/a><\/blockquote><script async src=\"https:\/\/platform.twitter.com\/widgets.js\" charset=\"utf-8\"><\/script>\n<\/div><\/figure>\n\n\n\n<p>Despu\u00e9s se sumaron a la charla los cordobeses Juli\u00e1n \u00c1lvarez y Cristian &#8220;Cuti&#8221; Romero.<\/p>\n\n\n\n<p>Con Francia en el horizonte, Scaloni deber\u00e1 definir si mantiene el 4-4-2, si vuelve al 4-3-3 con Di Mar\u00eda de arranque o finalmente se inclina por la l\u00ednea de cinco defensores con Lisandro Mart\u00ednez.<\/p>\n\n\n\n<p>El DT y sus colaboradores Pablo Aimar, Walter Samuel y Roberto Ayala tendr\u00e1n la pr\u00e1ctica de hoy y dos m\u00e1s para resolver estos interrogantes.<\/p>\n\n\n\n<figure class=\"wp-block-image\"><img decoding=\"async\" src=\"https:\/\/www.lt7noticias.com\/content\/bucket\/9\/39029w770h513c.jpg.webp\" alt=\"\"\/><\/figure>\n\n\n\n<p>La actividad de ma\u00f1ana ser\u00e1 a puertas cerradas y el s\u00e1bado habr\u00e1 primero conferencia de prensa de Scaloni y un jugador a designar en el Centro de Medios de Doha y luego una pr\u00e1ctica abierta para los medios en los primeros quince minutos.<\/p>\n\n\n\n<p>Por fuera de la actividad del plantel tambi\u00e9n estuvo expectante por la designaci\u00f3n del \u00e1rbitro, hasta el momento de conocerse que el elegido era el polaco Szymon Marciniak.<\/p>\n\n\n\n<p>El \u00e1rbitro, de 41 a\u00f1os, control\u00f3 el partido de la Argentina contra Australia en octavos de final y con Francia estuvo en la segunda fecha de la fase de grupos durante la victoria sobre Dinamarca (2-1). Una singularidad: naci\u00f3 un 7 de enero (de 1981), el mismo d\u00eda (pero de 1939) que el brasile\u00f1o Romualdo Arppi Filho, quien fue el que control\u00f3 la final del Mundial de M\u00e9xico 1986.<\/p>\n\n\n\n<p>Cabe destacar que pese a ser un \u00e1rbitro de la UEFA, federaci\u00f3n que nuclea a los europeos, pudo ser elegido por la FIFA para controlar el partido pese a la presencia de Francia. Por caso Argentina ante Polonia fue arbitrado por el neerland\u00e9s Danny Makkelie.<\/p>\n\n\n\n<p>Por su parte la AFA invit\u00f3 a Nicol\u00e1s Gonz\u00e1lez y Joaqu\u00edn Correa para que viajen a Qatar a presenciar la final y as\u00ed junto con Giovani Lo Celso, quien ya est\u00e1 en Doha y de hecho ingres\u00f3 al terreno de juego luego del partido con Croacia, el grupo estar\u00e1 completo con ellos tres que se perdieron la Copa del Mundo por lesi\u00f3n.<\/p>\n\n\n\n<p><strong>La final de la Copa del Mundo se disputar\u00e1 el domingo desde las 12 en el estadio Lusail.<\/strong><\/p>\n","protected":false},"excerpt":{"rendered":"<p>La pr\u00e1ctica fue realizada por los jugadores que fueron suplentes en la semifinal ante Croacia y tuvo la ausencia de Alejandro &#8220;Papu&#8221; G\u00f3mez, quien sigue con la rehabilitaci\u00f3n del esguince&hellip; <\/p>\n","protected":false},"author":4,"featured_media":27824,"comment_status":"closed","ping_status":"open","sticky":false,"template":"","format":"standard","meta":{"footnotes":""},"categories":[4],"tags":[],"class_list":["post-27823","post","type-post","status-publish","format-standard","has-post-thumbnail","hentry","category-deportes"],"_links":{"self":[{"href":"https:\/\/corrientesdetarde.com\/index.php\/wp-json\/wp\/v2\/posts\/27823","targetHints":{"allow":["GET"]}}],"collection":[{"href":"https:\/\/corrientesdetarde.com\/index.php\/wp-json\/wp\/v2\/posts"}],"about":[{"href":"https:\/\/corrientesdetarde.com\/index.php\/wp-json\/wp\/v2\/types\/post"}],"author":[{"embeddable":true,"href":"https:\/\/corrientesdetarde.com\/index.php\/wp-json\/wp\/v2\/users\/4"}],"replies":[{"embeddable":true,"href":"https:\/\/corrientesdetarde.com\/index.php\/wp-json\/wp\/v2\/comments?post=27823"}],"version-history":[{"count":1,"href":"https:\/\/corrientesdetarde.com\/index.php\/wp-json\/wp\/v2\/posts\/27823\/revisions"}],"predecessor-version":[{"id":27825,"href":"https:\/\/corrientesdetarde.com\/index.php\/wp-json\/wp\/v2\/posts\/27823\/revisions\/27825"}],"wp:featuredmedia":[{"embeddable":true,"href":"https:\/\/corrientesdetarde.com\/index.php\/wp-json\/wp\/v2\/media\/27824"}],"wp:attachment":[{"href":"https:\/\/corrientesdetarde.com\/index.php\/wp-json\/wp\/v2\/media?parent=27823"}],"wp:term":[{"taxonomy":"category","embeddable":true,"href":"https:\/\/corrientesdetarde.com\/index.php\/wp-json\/wp\/v2\/categories?post=27823"},{"taxonomy":"post_tag","embeddable":true,"href":"https:\/\/corrientesdetarde.com\/index.php\/wp-json\/wp\/v2\/tags?post=27823"}],"curies":[{"name":"wp","href":"https:\/\/api.w.org\/{rel}","templated":true}]}}