{"id":27849,"date":"2022-12-16T10:35:28","date_gmt":"2022-12-16T13:35:28","guid":{"rendered":"https:\/\/corrientesdetarde.com\/?p=27849"},"modified":"2022-12-16T10:35:31","modified_gmt":"2022-12-16T13:35:31","slug":"la-sinfonica-estuvo-en-una-residencia-para-adultos-mayores","status":"publish","type":"post","link":"https:\/\/corrientesdetarde.com\/index.php\/cultura\/la-sinfonica-estuvo-en-una-residencia-para-adultos-mayores\/","title":{"rendered":"La sinf\u00f3nica estuvo en una residencia para adultos mayores"},"content":{"rendered":"\n<p>La Orquesta Sinf\u00f3nica de la provincia de Corrientes, dirigida por la maestra Andrea Fusco, particip\u00f3 ayer del 8\u00ba aniversario de la residencia para adultos mayores \u201cLa Fabiana\u201d, de la Ciudad de Resistencia, Chaco.&nbsp;<\/p>\n\n\n\n<p>En el transcurso de la ma\u00f1ana se pudo disfrutar de diferentes arias de \u00f3pera donde intervinieron cantantes l\u00edricos como Anal\u00eda Estigarribia, Mar\u00eda Griselda Copani, Herman Juli y Lisandro Palomo. Tambi\u00e9n particip\u00f3 en calidad de solista de viol\u00edn Juanjo \u00c1lvarez.&nbsp;<\/p>\n","protected":false},"excerpt":{"rendered":"<p>La Orquesta Sinf\u00f3nica de la provincia de Corrientes, dirigida por la maestra Andrea Fusco, particip\u00f3 ayer del 8\u00ba aniversario de la residencia para adultos mayores \u201cLa Fabiana\u201d, de la Ciudad&hellip; <\/p>\n","protected":false},"author":4,"featured_media":27850,"comment_status":"closed","ping_status":"open","sticky":false,"template":"","format":"standard","meta":{"footnotes":""},"categories":[15],"tags":[],"class_list":["post-27849","post","type-post","status-publish","format-standard","has-post-thumbnail","hentry","category-cultura"],"_links":{"self":[{"href":"https:\/\/corrientesdetarde.com\/index.php\/wp-json\/wp\/v2\/posts\/27849","targetHints":{"allow":["GET"]}}],"collection":[{"href":"https:\/\/corrientesdetarde.com\/index.php\/wp-json\/wp\/v2\/posts"}],"about":[{"href":"https:\/\/corrientesdetarde.com\/index.php\/wp-json\/wp\/v2\/types\/post"}],"author":[{"embeddable":true,"href":"https:\/\/corrientesdetarde.com\/index.php\/wp-json\/wp\/v2\/users\/4"}],"replies":[{"embeddable":true,"href":"https:\/\/corrientesdetarde.com\/index.php\/wp-json\/wp\/v2\/comments?post=27849"}],"version-history":[{"count":1,"href":"https:\/\/corrientesdetarde.com\/index.php\/wp-json\/wp\/v2\/posts\/27849\/revisions"}],"predecessor-version":[{"id":27851,"href":"https:\/\/corrientesdetarde.com\/index.php\/wp-json\/wp\/v2\/posts\/27849\/revisions\/27851"}],"wp:featuredmedia":[{"embeddable":true,"href":"https:\/\/corrientesdetarde.com\/index.php\/wp-json\/wp\/v2\/media\/27850"}],"wp:attachment":[{"href":"https:\/\/corrientesdetarde.com\/index.php\/wp-json\/wp\/v2\/media?parent=27849"}],"wp:term":[{"taxonomy":"category","embeddable":true,"href":"https:\/\/corrientesdetarde.com\/index.php\/wp-json\/wp\/v2\/categories?post=27849"},{"taxonomy":"post_tag","embeddable":true,"href":"https:\/\/corrientesdetarde.com\/index.php\/wp-json\/wp\/v2\/tags?post=27849"}],"curies":[{"name":"wp","href":"https:\/\/api.w.org\/{rel}","templated":true}]}}