{"id":28010,"date":"2022-12-17T10:09:30","date_gmt":"2022-12-17T13:09:30","guid":{"rendered":"https:\/\/corrientesdetarde.com\/?p=28010"},"modified":"2022-12-17T10:09:33","modified_gmt":"2022-12-17T13:09:33","slug":"asueto-feria-administrativa-pago-del-aguinaldo-y-bono-navideno","status":"publish","type":"post","link":"https:\/\/corrientesdetarde.com\/index.php\/sociales\/asueto-feria-administrativa-pago-del-aguinaldo-y-bono-navideno\/","title":{"rendered":"Asueto, feria administrativa, pago del aguinaldo y bono navide\u00f1o"},"content":{"rendered":"\n<p>El Gobierno provincial inform\u00f3 que se decret\u00f3 asueto y feria administrativa para los trabajadores estatales de Corrientes. &nbsp;<\/p>\n\n\n\n<p>A trav\u00e9s del decreto 3680, el gobernador Gustavo Vald\u00e9s declar\u00f3 asueto administrativo los &nbsp;d\u00edas 23 y 30 de diciembre, indicaron desde el Gobierno.<\/p>\n\n\n\n<p>En cuanto a la feria de verano, ser\u00e1 para todo el personal del &nbsp;2 al 6 de enero.&nbsp;<\/p>\n\n\n\n<p>El decreto alcanza a todas las reparticiones de la administraci\u00f3n p\u00fablica provincial central, organismos descentralizados y aut\u00e1rquicos, detallaron.&nbsp;<\/p>\n\n\n\n<p>Vald\u00e9s, adem\u00e1s, anunci\u00f3 ayer el pago de aguinaldo y el primer tramo del bono de fin de a\u00f1o para trabajadores estatales activos y pasivos.&nbsp;<\/p>\n\n\n\n<p>Seg\u00fan detall\u00f3 el mandatario, el cronograma iniciar\u00e1 el lunes 19 con aquellos cuyo documento finaliza en 0 y 1. Los montos estar\u00e1n depositados el s\u00e1bado para quienes cobren por cajeros autom\u00e1ticos.&nbsp;<\/p>\n\n\n\n<p>Continuar\u00e1 el martes 20 con DNI terminados en 2 y 3. El pago se extender\u00e1 a raz\u00f3n de dos d\u00edgitos por d\u00eda hasta finalizar el viernes 23.&nbsp;<\/p>\n\n\n\n<p>El primer tramo del &nbsp;bono de fin de a\u00f1o ser\u00e1 de 20.000 pesos, mientras que la segunda cuota, de $50.000, se pagar\u00e1 en enero<\/p>\n\n\n\n<p>Cronograma<\/p>\n\n\n\n<p>\u2022Lunes 19: 0 y 1<\/p>\n\n\n\n<p>\u2022Martes 20: 2 y 3<\/p>\n\n\n\n<p>\u2022Mi\u00e9rcoles 21: 4 y 5<\/p>\n\n\n\n<p>\u2022Jueves 22: 6 y 7<\/p>\n\n\n\n<p>\u2022Viernes 23: 8 y 9<\/p>\n\n\n\n<p>*En cajeros s\u00e1bado 17.<\/p>\n","protected":false},"excerpt":{"rendered":"<p>El Gobierno provincial inform\u00f3 que se decret\u00f3 asueto y feria administrativa para los trabajadores estatales de Corrientes. &nbsp; A trav\u00e9s del decreto 3680, el gobernador Gustavo Vald\u00e9s declar\u00f3 asueto administrativo&hellip; <\/p>\n","protected":false},"author":3,"featured_media":28011,"comment_status":"closed","ping_status":"open","sticky":false,"template":"","format":"standard","meta":{"footnotes":""},"categories":[17],"tags":[],"class_list":["post-28010","post","type-post","status-publish","format-standard","has-post-thumbnail","hentry","category-sociales"],"_links":{"self":[{"href":"https:\/\/corrientesdetarde.com\/index.php\/wp-json\/wp\/v2\/posts\/28010","targetHints":{"allow":["GET"]}}],"collection":[{"href":"https:\/\/corrientesdetarde.com\/index.php\/wp-json\/wp\/v2\/posts"}],"about":[{"href":"https:\/\/corrientesdetarde.com\/index.php\/wp-json\/wp\/v2\/types\/post"}],"author":[{"embeddable":true,"href":"https:\/\/corrientesdetarde.com\/index.php\/wp-json\/wp\/v2\/users\/3"}],"replies":[{"embeddable":true,"href":"https:\/\/corrientesdetarde.com\/index.php\/wp-json\/wp\/v2\/comments?post=28010"}],"version-history":[{"count":1,"href":"https:\/\/corrientesdetarde.com\/index.php\/wp-json\/wp\/v2\/posts\/28010\/revisions"}],"predecessor-version":[{"id":28012,"href":"https:\/\/corrientesdetarde.com\/index.php\/wp-json\/wp\/v2\/posts\/28010\/revisions\/28012"}],"wp:featuredmedia":[{"embeddable":true,"href":"https:\/\/corrientesdetarde.com\/index.php\/wp-json\/wp\/v2\/media\/28011"}],"wp:attachment":[{"href":"https:\/\/corrientesdetarde.com\/index.php\/wp-json\/wp\/v2\/media?parent=28010"}],"wp:term":[{"taxonomy":"category","embeddable":true,"href":"https:\/\/corrientesdetarde.com\/index.php\/wp-json\/wp\/v2\/categories?post=28010"},{"taxonomy":"post_tag","embeddable":true,"href":"https:\/\/corrientesdetarde.com\/index.php\/wp-json\/wp\/v2\/tags?post=28010"}],"curies":[{"name":"wp","href":"https:\/\/api.w.org\/{rel}","templated":true}]}}