{"id":28013,"date":"2022-12-17T10:10:50","date_gmt":"2022-12-17T13:10:50","guid":{"rendered":"https:\/\/corrientesdetarde.com\/?p=28013"},"modified":"2022-12-17T10:10:53","modified_gmt":"2022-12-17T13:10:53","slug":"bomberos-de-corrientes-recibieron-subsidios-y-equipamientos-para-reforzar-sus-cuarteles","status":"publish","type":"post","link":"https:\/\/corrientesdetarde.com\/index.php\/medio-ambiente\/bomberos-de-corrientes-recibieron-subsidios-y-equipamientos-para-reforzar-sus-cuarteles\/","title":{"rendered":"Bomberos de Corrientes recibieron subsidios y equipamientos para reforzar sus cuarteles"},"content":{"rendered":"\n<p>El gobernado encabez\u00f3 este viernes el acto en Casa de Gobierno.\u00a0<\/p>\n\n\n\n<p>El gobernador Gustavo Vald\u00e9s entrego&nbsp;subsidios y equipamientos a bomberos&nbsp;de diferentes localidades de la provincia de Corrientes,&nbsp;para reforzar sus cuarteles&nbsp;en un acto realizado este viernes en Casa de Gobierno.<\/p>\n\n\n\n<p>Con el objetivo de apoyar y reforzar el trabajo que realizan los bomberos voluntarios en toda la provincia, el Gobierno de Corrientes entreg\u00f3&nbsp;&nbsp;<strong>100 camionetas&nbsp;<\/strong>para las brigadas forestales y&nbsp;&nbsp;<strong>45 autobombas,&nbsp;<\/strong>de las cuales 22 son para ataque forestal, indicaron desde el Ministerio.<\/p>\n\n\n\n<figure class=\"wp-block-image\"><img decoding=\"async\" src=\"https:\/\/pxc.cdn.ellitoral.com.ar\/litoral\/122022\/1671209423110.webp?cw=1200&amp;ch=800&amp;extw=jpg\" alt=\"Bomberos de Corrientes recibieron subsidios y equipamientos para reforzar sus cuarteles\"\/><\/figure>\n\n\n\n<p>\u201cLa inversi\u00f3n total de estos veh\u00edculos asciende a los&nbsp;&nbsp;<strong>10 millones de d\u00f3lares&nbsp;<\/strong>\u201d, expres\u00f3 el gobernador, Gustavo Vald\u00e9s. Y detall\u00f3: \u201cUna parte de ellas est\u00e1n equipadas para primer ataque\u201d, detall\u00f3.<\/p>\n\n\n\n<p>Adem\u00e1s, el funcionario dijo que \u201cSon 3 millones de pesos para cada asociaci\u00f3n y, si hay emergencias, lo vamos a reforzar\u201d.<\/p>\n\n\n\n<figure class=\"wp-block-image\"><img decoding=\"async\" src=\"https:\/\/pxc.cdn.ellitoral.com.ar\/litoral\/122022\/1671209420217.webp?cw=1200&amp;ch=800&amp;extw=jpg\" alt=\"Bomberos de Corrientes recibieron subsidios y equipamientos para reforzar sus cuarteles\"\/><\/figure>\n\n\n\n<p><strong>CUARTELES SUBSIDIADOS&nbsp;<\/strong><\/p>\n\n\n\n<p>Recibieron el subsidio las asociaciones de Bomberos Voluntarios de: Alvear, Bella Vista, Ber\u00f3n de Astrada, Ca\u00e1 Cat\u00ed, Liebig, Colonia Libertad, Concepci\u00f3n del Yaguaret\u00e9 Cor\u00e1, Corrientes Capital, Chavarr\u00eda, Empedrado, Esquina, Goya, Itat\u00ed, Ituzaing\u00f3, Juan Pujol, It\u00e1 Ibat\u00e9, La Cruz, Loreto, Mariano I. Loza, Mburucuy\u00e1, Mercedes, Mocoret\u00e1, Monte Caseros, 9 de Julio, Parada Pucheta, Paso de la Patria, Paso de los Libres, Pueblo Libertador, Perugorr\u00eda, Lavalle, Riachuelo, Saladas, Sauce, San Luis del Palmar, San Miguel, San Roque, Santa Ana, Santa Luc\u00eda, Santa Rosa, Santo Tom\u00e9, Yapey\u00fa y Bonpland.<\/p>\n","protected":false},"excerpt":{"rendered":"<p>El gobernado encabez\u00f3 este viernes el acto en Casa de Gobierno.\u00a0 El gobernador Gustavo Vald\u00e9s entrego&nbsp;subsidios y equipamientos a bomberos&nbsp;de diferentes localidades de la provincia de Corrientes,&nbsp;para reforzar sus cuarteles&nbsp;en&hellip; <\/p>\n","protected":false},"author":3,"featured_media":28014,"comment_status":"closed","ping_status":"open","sticky":false,"template":"","format":"standard","meta":{"footnotes":""},"categories":[8,6],"tags":[],"class_list":["post-28013","post","type-post","status-publish","format-standard","has-post-thumbnail","hentry","category-locales","category-medio-ambiente"],"_links":{"self":[{"href":"https:\/\/corrientesdetarde.com\/index.php\/wp-json\/wp\/v2\/posts\/28013","targetHints":{"allow":["GET"]}}],"collection":[{"href":"https:\/\/corrientesdetarde.com\/index.php\/wp-json\/wp\/v2\/posts"}],"about":[{"href":"https:\/\/corrientesdetarde.com\/index.php\/wp-json\/wp\/v2\/types\/post"}],"author":[{"embeddable":true,"href":"https:\/\/corrientesdetarde.com\/index.php\/wp-json\/wp\/v2\/users\/3"}],"replies":[{"embeddable":true,"href":"https:\/\/corrientesdetarde.com\/index.php\/wp-json\/wp\/v2\/comments?post=28013"}],"version-history":[{"count":1,"href":"https:\/\/corrientesdetarde.com\/index.php\/wp-json\/wp\/v2\/posts\/28013\/revisions"}],"predecessor-version":[{"id":28015,"href":"https:\/\/corrientesdetarde.com\/index.php\/wp-json\/wp\/v2\/posts\/28013\/revisions\/28015"}],"wp:featuredmedia":[{"embeddable":true,"href":"https:\/\/corrientesdetarde.com\/index.php\/wp-json\/wp\/v2\/media\/28014"}],"wp:attachment":[{"href":"https:\/\/corrientesdetarde.com\/index.php\/wp-json\/wp\/v2\/media?parent=28013"}],"wp:term":[{"taxonomy":"category","embeddable":true,"href":"https:\/\/corrientesdetarde.com\/index.php\/wp-json\/wp\/v2\/categories?post=28013"},{"taxonomy":"post_tag","embeddable":true,"href":"https:\/\/corrientesdetarde.com\/index.php\/wp-json\/wp\/v2\/tags?post=28013"}],"curies":[{"name":"wp","href":"https:\/\/api.w.org\/{rel}","templated":true}]}}