{"id":28064,"date":"2022-12-17T13:06:53","date_gmt":"2022-12-17T16:06:53","guid":{"rendered":"https:\/\/corrientesdetarde.com\/?p=28064"},"modified":"2022-12-17T13:06:57","modified_gmt":"2022-12-17T16:06:57","slug":"28064","status":"publish","type":"post","link":"https:\/\/corrientesdetarde.com\/index.php\/informacion-general\/28064\/","title":{"rendered":""},"content":{"rendered":"\n<p>\ud835\udddf\ud835\uddee \ud835\udde3\ud835\uddfc\ud835\uddf9\ud835\uddf6\ud835\uddf0\ud835\uddf6\u0301\ud835\uddee \ud835\uddf1\ud835\uddf6\ud835\ude00\ud835\uddfd\ud835\ude02\ud835\ude00\ud835\uddfc \ud835\uddfb\ud835\ude02\ud835\uddf2\ud835\ude03\ud835\uddee\ud835\ude00 \ud835\uddfa\ud835\uddf2\ud835\uddf1\ud835\uddf6\ud835\uddf1\ud835\uddee\ud835\ude00 \ud835\uddf1\ud835\uddf2 \ud835\ude00\ud835\uddf2\ud835\uddf4\ud835\ude02\ud835\uddff\ud835\uddf6\ud835\uddf1\ud835\uddee\ud835\uddf1 \ud835\uddfd\ud835\uddee\ud835\uddff\ud835\uddee \ud835\uddf9\ud835\uddee \ud835\uddd9\ud835\uddee\ud835\uddfb \ud835\uddd9\ud835\uddf2\ud835\ude00\ud835\ude01 \ud835\uddf1\ud835\uddf2\ud835\uddf9 \ud835\uddf1\ud835\uddfc\ud835\uddfa\ud835\uddf6\ud835\uddfb\ud835\uddf4\ud835\uddfc<\/p>\n\n\n\n<p><\/p>\n\n\n\n<p>De cara a la final del Mundial de Qatar que disputar\u00e1 el domingo al mediod\u00eda el seleccionado argentino de f\u00fatbol, la Polic\u00eda de Corrientes dispuso de nuevas medidas de seguridad para la prevenci\u00f3n de incidentes, durante la Fan Fest que se llevar\u00e1 a cabo en la explanada del puente General Belgrano, (avenida 3 de abril y costanera).<\/p>\n\n\n\n<p>Se aguarda una masiva concurrencia de personas, y con el fin de garantizar la tranquilidad de las familias, los efectivos montar\u00e1n puestos en varias esquinas de acceso al lugar -en un amplio radio- para evitar el ingreso de botellas de vidrios, elementos punzo cortantes, aerosoles o pirotecnia, entre otros.<\/p>\n\n\n\n<p>Adem\u00e1s, solicitar\u00e1n que los veh\u00edculos se estacionen fuera del sector donde se ubicar\u00e1 la pantalla gigante para ver con mayor comodidad el partido entre Argentina y Francia.<\/p>\n\n\n\n<p>Como parte de una planificaci\u00f3n del Ministerio de Seguridad; la Subsecretar\u00eda de Seguridad y \ud835\uddf9\ud835\uddee \ud835\uddf7\ud835\uddf2\ud835\uddf3\ud835\uddee\ud835\ude01\ud835\ude02\ud835\uddff\ud835\uddee \ud835\uddf1\ud835\uddf2 \ud835\udde3\ud835\uddfc\ud835\uddf9i\ud835\uddf0\ud835\uddf6\u0301\ud835\uddee \ud835\uddee \ud835\uddf0\ud835\uddee\ud835\uddff\ud835\uddf4\ud835\uddfc \ud835\uddf1\ud835\uddf2\ud835\uddf9 \ud835\uddf0\ud835\uddfc\ud835\uddfa\ud835\uddf6\ud835\ude00\ud835\uddee\ud835\uddff\ud835\uddf6\ud835\uddfc \ud835\uddf4\ud835\uddf2\ud835\uddfb\ud835\uddf2\ud835\uddff\ud835\uddee\ud835\uddf9 (\ud835\uddd7\ud835\uddff) \ud835\uddd4\ud835\uddf9\ud835\uddef\ud835\uddf2\ud835\uddff\ud835\ude01\ud835\uddfc \ud835\uddd4\ud835\uddff\ud835\uddfb\ud835\uddee\ud835\uddf9\ud835\uddf1\ud835\uddfc \ud835\udde0\ud835\uddfc\ud835\uddf9\ud835\uddf6\ud835\uddfb\ud835\uddee \ud835\ude06 \ud835\uddf2\ud835\uddf9 \ud835\uddf0\ud835\uddfc\ud835\uddfa\ud835\uddf6\ud835\ude00\ud835\uddee\ud835\uddff\ud835\uddf6\ud835\uddfc \ud835\uddf4\ud835\uddf2\ud835\uddfb\ud835\uddf2\ud835\uddff\ud835\uddee\ud835\uddf9, \ud835\udddd\ud835\uddfc\ud835\uddff\ud835\uddf4\ud835\uddf2 \ud835\uddd4\ud835\uddfb\ud835\uddf1\ud835\uddff\ud835\uddf2\u0301\ud835\ude00 \ud835\uddd6\ud835\uddff\ud835\uddf6\ud835\ude00\ud835\ude01\ud835\uddee\ud835\uddf9\ud835\uddf1\ud835\uddfc, fueron asignados 129 efectivos, con 9 m\u00f3viles y otras 9 motocicletas, cuatriciclo, autobomba, y el apoyo de las divisiones Canes y Caballer\u00eda.<\/p>\n\n\n\n<p>M\u00e1s all\u00e1 de garantizar el normal desarrollo de la jornada festiva en ese punto de encuentro de la Costanera, la Polic\u00eda alista medidas de prevenci\u00f3n y recorridas por los barrios correntinos. La vigilancia se extender\u00e1 a su vez, hacia cada localidad y ciudad del Interior, donde se congreguen las personas para disfrutar del tan esperado partido de la final de f\u00fatbol.<\/p>\n\n\n\n<p><\/p>\n\n\n\n<figure class=\"wp-block-image size-full\"><img loading=\"lazy\" decoding=\"async\" width=\"692\" height=\"477\" src=\"https:\/\/corrientesdetarde.com\/wp-content\/uploads\/2022\/12\/MAPA-PLAN-SE-SEGURIDAD-FAN-FETS-DIA-DOMINGO-18-12-22.jpeg\" alt=\"\" class=\"wp-image-28065\" srcset=\"https:\/\/corrientesdetarde.com\/wp-content\/uploads\/2022\/12\/MAPA-PLAN-SE-SEGURIDAD-FAN-FETS-DIA-DOMINGO-18-12-22.jpeg 692w, https:\/\/corrientesdetarde.com\/wp-content\/uploads\/2022\/12\/MAPA-PLAN-SE-SEGURIDAD-FAN-FETS-DIA-DOMINGO-18-12-22-300x207.jpeg 300w\" sizes=\"auto, (max-width: 692px) 100vw, 692px\" \/><\/figure>\n","protected":false},"excerpt":{"rendered":"<p>\ud835\udddf\ud835\uddee \ud835\udde3\ud835\uddfc\ud835\uddf9\ud835\uddf6\ud835\uddf0\ud835\uddf6\u0301\ud835\uddee \ud835\uddf1\ud835\uddf6\ud835\ude00\ud835\uddfd\ud835\ude02\ud835\ude00\ud835\uddfc \ud835\uddfb\ud835\ude02\ud835\uddf2\ud835\ude03\ud835\uddee\ud835\ude00 \ud835\uddfa\ud835\uddf2\ud835\uddf1\ud835\uddf6\ud835\uddf1\ud835\uddee\ud835\ude00 \ud835\uddf1\ud835\uddf2 \ud835\ude00\ud835\uddf2\ud835\uddf4\ud835\ude02\ud835\uddff\ud835\uddf6\ud835\uddf1\ud835\uddee\ud835\uddf1 \ud835\uddfd\ud835\uddee\ud835\uddff\ud835\uddee \ud835\uddf9\ud835\uddee \ud835\uddd9\ud835\uddee\ud835\uddfb \ud835\uddd9\ud835\uddf2\ud835\ude00\ud835\ude01 \ud835\uddf1\ud835\uddf2\ud835\uddf9 \ud835\uddf1\ud835\uddfc\ud835\uddfa\ud835\uddf6\ud835\uddfb\ud835\uddf4\ud835\uddfc De cara a la final del Mundial de Qatar que disputar\u00e1 el domingo al mediod\u00eda el seleccionado&hellip; <\/p>\n","protected":false},"author":1,"featured_media":27949,"comment_status":"closed","ping_status":"open","sticky":false,"template":"","format":"standard","meta":{"footnotes":""},"categories":[1],"tags":[],"class_list":["post-28064","post","type-post","status-publish","format-standard","has-post-thumbnail","hentry","category-informacion-general"],"_links":{"self":[{"href":"https:\/\/corrientesdetarde.com\/index.php\/wp-json\/wp\/v2\/posts\/28064","targetHints":{"allow":["GET"]}}],"collection":[{"href":"https:\/\/corrientesdetarde.com\/index.php\/wp-json\/wp\/v2\/posts"}],"about":[{"href":"https:\/\/corrientesdetarde.com\/index.php\/wp-json\/wp\/v2\/types\/post"}],"author":[{"embeddable":true,"href":"https:\/\/corrientesdetarde.com\/index.php\/wp-json\/wp\/v2\/users\/1"}],"replies":[{"embeddable":true,"href":"https:\/\/corrientesdetarde.com\/index.php\/wp-json\/wp\/v2\/comments?post=28064"}],"version-history":[{"count":1,"href":"https:\/\/corrientesdetarde.com\/index.php\/wp-json\/wp\/v2\/posts\/28064\/revisions"}],"predecessor-version":[{"id":28066,"href":"https:\/\/corrientesdetarde.com\/index.php\/wp-json\/wp\/v2\/posts\/28064\/revisions\/28066"}],"wp:featuredmedia":[{"embeddable":true,"href":"https:\/\/corrientesdetarde.com\/index.php\/wp-json\/wp\/v2\/media\/27949"}],"wp:attachment":[{"href":"https:\/\/corrientesdetarde.com\/index.php\/wp-json\/wp\/v2\/media?parent=28064"}],"wp:term":[{"taxonomy":"category","embeddable":true,"href":"https:\/\/corrientesdetarde.com\/index.php\/wp-json\/wp\/v2\/categories?post=28064"},{"taxonomy":"post_tag","embeddable":true,"href":"https:\/\/corrientesdetarde.com\/index.php\/wp-json\/wp\/v2\/tags?post=28064"}],"curies":[{"name":"wp","href":"https:\/\/api.w.org\/{rel}","templated":true}]}}