{"id":28070,"date":"2022-12-17T13:09:28","date_gmt":"2022-12-17T16:09:28","guid":{"rendered":"https:\/\/corrientesdetarde.com\/?p=28070"},"modified":"2022-12-17T13:09:29","modified_gmt":"2022-12-17T16:09:29","slug":"las-maratones-barriales-reunieroneste-ano-a-4-000-participantes","status":"publish","type":"post","link":"https:\/\/corrientesdetarde.com\/index.php\/deportes\/las-maratones-barriales-reunieroneste-ano-a-4-000-participantes\/","title":{"rendered":"<strong>Las Maratones Barriales reunieron<br>este a\u00f1o a 4.000 participantes<\/strong><br>&nbsp;"},"content":{"rendered":"\n<p><em>Siete fechas se realizaron en distintos barrios de la ciudad, con una final realizada en la Costanera. Las pruebas finalizaron con casi un 50 por ciento de participaci\u00f3n femenina y un 40 por ciento de menores, en la distancia de 2 kil\u00f3metros. Este viernes se entregaron 40 voucher que se sortearon entre los que participaron de al menos 5 pruebas.<\/em><\/p>\n\n\n\n<p><br>Las Maratones Barriales, organizadas por la Municipalidad de Corrientes, se llevaron adelante a lo largo del a\u00f1o en 7 barrios de la ciudad, con una gran final realizada en la Costanera sur.<br>&nbsp;<br>Durante la entrega de \u00f3rdenes de compra de $10.000 en indumentaria realizadas este jueves, que se sorte\u00f3 entre quienes participaron de al menos 5 pruebas del circuito, incluida la final, el secretario de Turismo y Deportes de la Comuna capitalina, Juan Enrique Braillard Poccard, se\u00f1al\u00f3: \u201cHa sido un a\u00f1o muy exitoso ya que de las pruebas han participado casi 4.000 personas y porque logramos el cometido que los vecinos de los barrios se entusiasmen y se sumen a la actividad f\u00edsica\u201d.&nbsp;&nbsp;&nbsp;<br>&nbsp;<br>El funcionario destac\u00f3 que \u201cen el inicio de las maratones barriales contamos con un 20 por ciento de participaci\u00f3n de mujeres y terminamos el a\u00f1o con casi el 50 por ciento, y en la prueba de 2 kil\u00f3metros, el 40 por ciento de los participantes fueron chicos\u201d. Tambi\u00e9n coment\u00f3 que observaron un crecimiento en la cantidad de personas con discapacidad que se suman a la propuesta: en concreto, el 10% de los corredores de la distancia de 2 K.<br>&nbsp;<br>\u201cEl objetivo de promover la salud, el cuidado y el bienestar lo venimos logrando; m\u00e1s all\u00e1 del lote de acompa\u00f1amiento permanente que tenemos de los distintos clubes de corredores, hemos alcanzado tambi\u00e9n el acompa\u00f1amiento de las familias con los chicos y personas que no practican deporte de manera asidua\u201d, agreg\u00f3.<br>&nbsp;<br>ENTREGA DE VOUCHERS<br>&nbsp;<br>En un acto que tuvo lugar este jueves en la secretar\u00eda de Turismo y Deportes, se hicieron entrega de \u00f3rdenes de compra en indumentaria deportiva que se sorte\u00f3 entre los corredores que participaron de al menos 5 pruebas, incluida la final.<br>&nbsp;<br>\u201cPor decisi\u00f3n del intendente Eduardo Tassano estamos entregando reconocimientos consistentes en vouchers para indumentaria a las personas que han participado todo el a\u00f1o de las Maratones Barriales\u201d, mencion\u00f3 el secretario.<br>&nbsp;<br>Braillard Poccard indic\u00f3 que \u201cel proyecto para el 2023 es poder aumentar el cupo de participantes por cada fecha, buscando mantener la excelencia de los servicios que se brindan, porque con 400 corredores est\u00e1 visto que nos quedamos corto\u201d.<br>&nbsp;<br>En el mismo tenor se pronunci\u00f3 el coordinador ejecutivo de Deporte Inclusivo, Rafael Segovia, quien manifest\u00f3 que \u201cel pr\u00f3ximo a\u00f1o vamos a estar rotando los lugares donde se llevar\u00e1n adelante las fechas para poder ir llegando a m\u00e1s barrios, buscaremos incrementar la cantidad de participantes, y tenemos proyectado tambi\u00e9n hacer algunos eventos especiales destinados a los m\u00e1s chicos\u201d.<br>&nbsp;<br>Una de los ganadores de los 40 vouchers en indumentaria deportiva que sorte\u00f3 la Municipalidad fue Mercedes Kamijo, quien dijo: \u201cHace muchos a\u00f1os que vengo corriendo y apoyando esta iniciativa de la Municipalidad que me parece es \u00fanica en el pa\u00eds y que otras ciudades deber\u00edan copiar para fomentar el deporte, un estilo de vida saludable, y los buenos valores asociados al deporte\u201d.<br>&nbsp;<br>Sobre la fortuna de haberse hecha acreedora de la orden de compra en indumentaria, la integrante del club La Costa Runners, indic\u00f3 que \u201cal fin gan\u00e9 algo (risas) porque podio habr\u00e9 hecho uno o dos veces cuando no participaban las corredoras fuertes de mi categor\u00eda\u201d y acerca del premio acot\u00f3 que \u201ces algo que fomenta e incentiva a los corredores y ayuda a que m\u00e1s gente se pueda sumar a este deporte tan lindo\u201d.<br>&nbsp;<br>Kamijo tuvo palabras para los que a\u00fan no se adhirieron a la propuesta. \u201cLes digo que se animen, que no hay edad para esto. Hay muchos clubes de corredores a los que se pueden sumar si quieren, como el nuestro, y es un deporte que con un par de zapatillas, una calza o short y una remera, m\u00e1s ganas de abrazar este estilo de vida, alcanza para sumarse\u201d.<br>&nbsp;<br>Por su parte, Daiana Romero, dijo que \u201clas maratones barriales nos dan la posibilidad de participar a todos los vecinos, puesto que llevan el deporte a la puerta de nuestras casas. Yo todav\u00eda no he tenido la suerte que se haga en mi barrio Pirayu\u00ed, pero he ido a otros lugares a participar\u201d.<br>&nbsp;<br>\u201cEs una hermosa manera de incluirnos a todos sin distinci\u00f3n de sexo, edad ni nada. Es gratuita, as\u00ed que personalmente estoy muy agradecida a la Municipalidad de Corrientes y a la secretaria de Turismo y Deportes porque gracias a Dios he salido sorteada con un voucher por haber participado en cinco fechas de la temporada, as\u00ed que contenta y agradecida por eso\u201d, expres\u00f3 Romero.<br>&nbsp;<br>Por \u00faltimo, Daiana cont\u00f3 c\u00f3mo se uni\u00f3 a esta propuesta municipal: \u201cPrimero lo tom\u00e9 como un juego. Fui con mi familia y al principio me cost\u00f3 much\u00edsimo, pero despu\u00e9s paulatinamente me fui exigiendo cada vez m\u00e1s a tal punto que para m\u00ed ahora es una cita obligada participar, as\u00ed que brindo y celebro por m\u00e1s maratones barriales para el 2023. Ojal\u00e1 as\u00ed sea\u201d.<\/p>\n","protected":false},"excerpt":{"rendered":"<p>Siete fechas se realizaron en distintos barrios de la ciudad, con una final realizada en la Costanera. Las pruebas finalizaron con casi un 50 por ciento de participaci\u00f3n femenina y&hellip; <\/p>\n","protected":false},"author":1,"featured_media":28071,"comment_status":"closed","ping_status":"open","sticky":false,"template":"","format":"standard","meta":{"footnotes":""},"categories":[4],"tags":[],"class_list":["post-28070","post","type-post","status-publish","format-standard","has-post-thumbnail","hentry","category-deportes"],"_links":{"self":[{"href":"https:\/\/corrientesdetarde.com\/index.php\/wp-json\/wp\/v2\/posts\/28070","targetHints":{"allow":["GET"]}}],"collection":[{"href":"https:\/\/corrientesdetarde.com\/index.php\/wp-json\/wp\/v2\/posts"}],"about":[{"href":"https:\/\/corrientesdetarde.com\/index.php\/wp-json\/wp\/v2\/types\/post"}],"author":[{"embeddable":true,"href":"https:\/\/corrientesdetarde.com\/index.php\/wp-json\/wp\/v2\/users\/1"}],"replies":[{"embeddable":true,"href":"https:\/\/corrientesdetarde.com\/index.php\/wp-json\/wp\/v2\/comments?post=28070"}],"version-history":[{"count":1,"href":"https:\/\/corrientesdetarde.com\/index.php\/wp-json\/wp\/v2\/posts\/28070\/revisions"}],"predecessor-version":[{"id":28072,"href":"https:\/\/corrientesdetarde.com\/index.php\/wp-json\/wp\/v2\/posts\/28070\/revisions\/28072"}],"wp:featuredmedia":[{"embeddable":true,"href":"https:\/\/corrientesdetarde.com\/index.php\/wp-json\/wp\/v2\/media\/28071"}],"wp:attachment":[{"href":"https:\/\/corrientesdetarde.com\/index.php\/wp-json\/wp\/v2\/media?parent=28070"}],"wp:term":[{"taxonomy":"category","embeddable":true,"href":"https:\/\/corrientesdetarde.com\/index.php\/wp-json\/wp\/v2\/categories?post=28070"},{"taxonomy":"post_tag","embeddable":true,"href":"https:\/\/corrientesdetarde.com\/index.php\/wp-json\/wp\/v2\/tags?post=28070"}],"curies":[{"name":"wp","href":"https:\/\/api.w.org\/{rel}","templated":true}]}}