{"id":28073,"date":"2022-12-17T14:26:49","date_gmt":"2022-12-17T17:26:49","guid":{"rendered":"https:\/\/corrientesdetarde.com\/?p=28073"},"modified":"2022-12-17T14:26:55","modified_gmt":"2022-12-17T17:26:55","slug":"alberto-fernandez-confirmo-que-no-viajara-a-qatar-para-ver-la-final-del-mundial","status":"publish","type":"post","link":"https:\/\/corrientesdetarde.com\/index.php\/politica\/alberto-fernandez-confirmo-que-no-viajara-a-qatar-para-ver-la-final-del-mundial\/","title":{"rendered":"Alberto Fern\u00e1ndez confirm\u00f3 que no viajar\u00e1 a Qatar para ver la final del Mundial"},"content":{"rendered":"\n<ul class=\"wp-block-list\"><li>El presidente hab\u00eda recibido una invitaci\u00f3n para ver el partido entre Argentina y Francia en el estadio de Lusail.<\/li><\/ul>\n\n\n\n<p>El presidente\u00a0<strong>Alberto Fern\u00e1ndez<\/strong>\u00a0confirm\u00f3 que no viajar\u00e1 a Qatar para ver la final del Mundial entre la Selecci\u00f3n argentina y la de Francia, pese a que hab\u00eda recibido una invitaci\u00f3n para presenciar el partido en el Estadio de Lusail.<\/p>\n\n\n\n<p>\u201cComo millones de compatriotas, disfrutar\u00e9 la Final de la Copa del Mundo en casa. Vivir\u00e9 este momento fant\u00e1stico como hasta ahora, junto a mi gente\u201d, se\u00f1al\u00f3 el mandatario.<\/p>\n\n\n\n<p><\/p>\n\n\n\n<p>A trav\u00e9s de su cuenta de Twitter, el jefe de Estado agreg\u00f3: \u201cEn la cancha van a estar los mejores de los nuestros y en la tribuna una gloriosa hinchada\u201d.<\/p>\n\n\n\n<p>\u201cAdem\u00e1s, c\u00e1balas son c\u00e1balas\u201d, brome\u00f3, para finalizar su publicaci\u00f3n.<\/p>\n\n\n\n<p>Argentina jugar\u00e1 ma\u00f1ana la sexta final de la historia de los Mundiales contra Francia, defensor del t\u00edtulo, desde las 12 en el estadio Lusail y con el arbitraje del polaco Szymon Marciniak.<\/p>\n\n\n\n<p>Con la publicaci\u00f3n de hoy, el mandatario descart\u00f3 de plano la posibilidad de viajar a Qatar que hab\u00eda deslizado el jueves la portavoz presidencial&nbsp;<strong>Gabriela Cerrutti<\/strong>, tras las invitaciones oficiales que recibi\u00f3 el mandatario para concurrir a la final.<\/p>\n\n\n\n<p>En su conferencia de prensa de ese d\u00eda, Cerruti hab\u00eda dicho que el Presidente y todo el gabinete \u201cest\u00e1 pendiente\u201d del resultado de la final del Mundial de f\u00fatbol, y afirm\u00f3 que \u201cno hay ninguna decisi\u00f3n tomada\u201d en relaci\u00f3n a un posible viaje del mandatario para presenciar el partido en Qatar.<\/p>\n\n\n\n<p>\u201cF\u00fatbol y pol\u00edtica no se mezclan. No nos interesa mezclar, tiene que disfrutarlo la ciudadan\u00eda. El Presidente tiene buena relaci\u00f3n con Emmanuel Macron y han intercambiando chats previamente, pero no hay ninguna decisi\u00f3n tomada\u201d, dijo al ser consultada en rueda de prensa en Casa de Gobierno sobre si el Presidente viajar\u00e1 a Qatar de cara al partido de ma\u00f1ana.<\/p>\n\n\n\n<p>Ese mismo d\u00eda,\u00a0Fern\u00e1ndez tuvo un intercambio de mensajes por Twitter con su par de ese pa\u00eds, Emmanuel Macron y el mandatario electo de Brasil, Luis In\u00e1cio Lula da Silva, en el que expres\u00f3 que desea \u201csinceramente\u201d un triunfo de la Selecci\u00f3n argentina en la final del Mundial.<\/p>\n\n\n\n<p>El di\u00e1logo a trav\u00e9s de la red social fue iniciado por Lula, qui\u00e9n expres\u00f3 su deseo de \u201cbuena suerte el domingo\u201d a sus \u201camigos\u201d, Fern\u00e1ndez y Macron.<\/p>\n\n\n\n<p>El titular del Palacio del Eliseo fue el primero en recoger el guante y, en portugu\u00e9s, le agradeci\u00f3 a Lula, y envi\u00f3 su mensaje para el mandatario argentino: \u201cQuerido Alberto, uno de nosotros tendr\u00e1 m\u00e1s suerte. Veremos qui\u00e9n el domingo. Con toda amistad\u2026 \u00a1Adelante los Bleus!\u201d, dijo en referencia a la habitual designaci\u00f3n de la selecci\u00f3n gala.<\/p>\n\n\n\n<p>\u201cGracias querido Lula por tus buenos deseos. El f\u00fatbol latinoamericano estuvo muy bien representado por Brasil, Uruguay, Costa Rica, Ecuador, M\u00e9xico y Argentina. Deseo sinceramente el triunfo de nuestra Selecci\u00f3n, que tantas alegr\u00edas nos est\u00e1 dando\u201d, escribi\u00f3 por Twitter en respuesta al mandatario electo en Brasil.<\/p>\n\n\n\n<p>Y concluy\u00f3: \u201cSi gana la Argentina, \u00a1gana Latinoam\u00e9rica!\u201d.<\/p>\n\n\n\n<p>Fue con el franc\u00e9s con qui\u00e9n jug\u00f3 una carta m\u00e1s osada: \u201cQuerido amigo, te guardo un enorme afecto y te deseo lo mejor para el futuro.Salvo para el domingo. Argentina es mi maravilloso pa\u00eds, \u00a1y es Latinoam\u00e9rica! \u00a1Vamos la celeste y blanca!\u201d.<\/p>\n","protected":false},"excerpt":{"rendered":"<p>El presidente hab\u00eda recibido una invitaci\u00f3n para ver el partido entre Argentina y Francia en el estadio de Lusail. El presidente\u00a0Alberto Fern\u00e1ndez\u00a0confirm\u00f3 que no viajar\u00e1 a Qatar para ver la&hellip; <\/p>\n","protected":false},"author":1,"featured_media":28074,"comment_status":"closed","ping_status":"open","sticky":false,"template":"","format":"standard","meta":{"footnotes":""},"categories":[3],"tags":[],"class_list":["post-28073","post","type-post","status-publish","format-standard","has-post-thumbnail","hentry","category-politica"],"_links":{"self":[{"href":"https:\/\/corrientesdetarde.com\/index.php\/wp-json\/wp\/v2\/posts\/28073","targetHints":{"allow":["GET"]}}],"collection":[{"href":"https:\/\/corrientesdetarde.com\/index.php\/wp-json\/wp\/v2\/posts"}],"about":[{"href":"https:\/\/corrientesdetarde.com\/index.php\/wp-json\/wp\/v2\/types\/post"}],"author":[{"embeddable":true,"href":"https:\/\/corrientesdetarde.com\/index.php\/wp-json\/wp\/v2\/users\/1"}],"replies":[{"embeddable":true,"href":"https:\/\/corrientesdetarde.com\/index.php\/wp-json\/wp\/v2\/comments?post=28073"}],"version-history":[{"count":1,"href":"https:\/\/corrientesdetarde.com\/index.php\/wp-json\/wp\/v2\/posts\/28073\/revisions"}],"predecessor-version":[{"id":28075,"href":"https:\/\/corrientesdetarde.com\/index.php\/wp-json\/wp\/v2\/posts\/28073\/revisions\/28075"}],"wp:featuredmedia":[{"embeddable":true,"href":"https:\/\/corrientesdetarde.com\/index.php\/wp-json\/wp\/v2\/media\/28074"}],"wp:attachment":[{"href":"https:\/\/corrientesdetarde.com\/index.php\/wp-json\/wp\/v2\/media?parent=28073"}],"wp:term":[{"taxonomy":"category","embeddable":true,"href":"https:\/\/corrientesdetarde.com\/index.php\/wp-json\/wp\/v2\/categories?post=28073"},{"taxonomy":"post_tag","embeddable":true,"href":"https:\/\/corrientesdetarde.com\/index.php\/wp-json\/wp\/v2\/tags?post=28073"}],"curies":[{"name":"wp","href":"https:\/\/api.w.org\/{rel}","templated":true}]}}