{"id":28082,"date":"2022-12-17T19:14:30","date_gmt":"2022-12-17T22:14:30","guid":{"rendered":"https:\/\/corrientesdetarde.com\/?p=28082"},"modified":"2022-12-17T19:14:35","modified_gmt":"2022-12-17T22:14:35","slug":"murio-el-correntino-baleado-por-el-custodio-presidencial-en-una-discusion-de-transito","status":"publish","type":"post","link":"https:\/\/corrientesdetarde.com\/index.php\/crimen-y-justicia\/murio-el-correntino-baleado-por-el-custodio-presidencial-en-una-discusion-de-transito\/","title":{"rendered":"Muri\u00f3 el correntino baleado por el custodio presidencial en una discusi\u00f3n de tr\u00e1nsito"},"content":{"rendered":"\n<p>Gast\u00f3n Batalla, el hombre que se encontraba internado tras ser herido de bala luego de un accidente de tr\u00e1nsito en el partido bonaerense de San Miguel por un efectivo de la Divisi\u00f3n Custodia Presidencial de la Polic\u00eda Federal Argentina (PFA), asignado a la Vicepresidencia, muri\u00f3 debido a la gravedad de las heridas, informaron hoy los voceros judiciales.<\/p>\n\n\n\n<p>Seg\u00fan las fuentes, Batalla, de 44 a\u00f1os, falleci\u00f3 en el Hospital Larcade de San Miguel, tras ser intervenido quir\u00fargicamente en varias ocasiones. Era oriundo de Saladas, Corrientes.<\/p>\n\n\n\n<p>El hecho se registr\u00f3 el s\u00e1bado 10 de diciembre cerca de las 21 en la intersecci\u00f3n de las calles Blasco Ib\u00e1\u00f1ez y Las Delicias, en esa localidad del oeste del conurbano bonaerense.<\/p>\n\n\n\n<p>Seg\u00fan informaron las fuentes a T\u00e9lam, un agente de la Polic\u00eda Federal (PFA) que estaba asignado a la custodia de la vicepresidenta Cristina Fern\u00e1ndez de Kirchner circulaba a bordo de una camioneta Renault Kangoo mientras se encontraba de franco de servicio.<\/p>\n\n\n\n<p>En ese momento, el efectivo -de 32 a\u00f1os- choc\u00f3 contra un auto Volkswagen Gol, tras lo cual mantuvo una discusi\u00f3n con el conductor de ese veh\u00edculo.<\/p>\n\n\n\n<p>Ante esa situaci\u00f3n, las fuentes indicaron que el conductor del Volkswagen sac\u00f3 un rev\u00f3lver y le dispar\u00f3 en dos oportunidades al polic\u00eda, quien se identific\u00f3 y respondi\u00f3 la agresi\u00f3n con su pistola reglamentaria.<\/p>\n\n\n\n<p>Al respecto, voceros policiales especificaron a T\u00e9lam que ambos intercambiaron al menos siete disparos.<\/p>\n\n\n\n<p>Como consecuencia del tiroteo, el conductor del Volkswagen Gol, identificado como Gast\u00f3n Batalla, result\u00f3 gravemente herido, por lo que tuvo que ser trasladado al hospital municipal Ra\u00fal Larcade.<\/p>\n\n\n\n<p>All\u00ed, Batalla fue intervenido quir\u00fargicamente y hasta este mediod\u00eda permanec\u00eda con pron\u00f3stico reservado.<\/p>\n\n\n\n<p>Al respecto, la prima del hombre herido public\u00f3 en la red social Facebook un mensaje de apoyo para su familiar: &#8220;Fuerza Gast\u00f3n. Sos un hombre fuerte y luchador. A no bajar los brazos&#8221;.<\/p>\n\n\n\n<p>Por el hecho, el agente de la PFA fue aprehendido y qued\u00f3 a disposici\u00f3n de la titular de la Unidad Funcional de Instrucci\u00f3n (UFI) 21 de Malvinas Argentinas, Lorena Carpovich.<\/p>\n\n\n\n<p>Fuentes judiciales indicaron a T\u00e9lam que Carpovich ya indag\u00f3 al efectivo, quien dio su versi\u00f3n de los hechos durante su declaraci\u00f3n.<\/p>\n\n\n\n<p>Tras la indagatoria, el efectivo de la Divisi\u00f3n Custoria Presidencial qued\u00f3 formalmente detenido, imputado por el delito de &#8220;homicidio en grado de tentativa&#8221;.<\/p>\n\n\n\n<p>En ese contexto, la PFA difundi\u00f3 un comunicado en el que se\u00f1al\u00f3 que la fuerza abri\u00f3 un expediente interno para investigar las actuaciones del oficial involucrado -identificado como Ariel Fern\u00e1ndez- en el hecho.<\/p>\n\n\n\n<p>&#8220;La Superintendencia de Asuntos Internos e Inspector\u00eda General de manera paralela a la investigaci\u00f3n judicial, acorde a los protocolos de actuaci\u00f3n, se encuentra encargada de la investigaci\u00f3n del caso&#8221;, expres\u00f3 la PFA en el comunicado.<\/p>\n","protected":false},"excerpt":{"rendered":"<p>Gast\u00f3n Batalla, el hombre que se encontraba internado tras ser herido de bala luego de un accidente de tr\u00e1nsito en el partido bonaerense de San Miguel por un efectivo de&hellip; <\/p>\n","protected":false},"author":1,"featured_media":28083,"comment_status":"closed","ping_status":"open","sticky":false,"template":"","format":"standard","meta":{"footnotes":""},"categories":[5],"tags":[],"class_list":["post-28082","post","type-post","status-publish","format-standard","has-post-thumbnail","hentry","category-crimen-y-justicia"],"_links":{"self":[{"href":"https:\/\/corrientesdetarde.com\/index.php\/wp-json\/wp\/v2\/posts\/28082","targetHints":{"allow":["GET"]}}],"collection":[{"href":"https:\/\/corrientesdetarde.com\/index.php\/wp-json\/wp\/v2\/posts"}],"about":[{"href":"https:\/\/corrientesdetarde.com\/index.php\/wp-json\/wp\/v2\/types\/post"}],"author":[{"embeddable":true,"href":"https:\/\/corrientesdetarde.com\/index.php\/wp-json\/wp\/v2\/users\/1"}],"replies":[{"embeddable":true,"href":"https:\/\/corrientesdetarde.com\/index.php\/wp-json\/wp\/v2\/comments?post=28082"}],"version-history":[{"count":1,"href":"https:\/\/corrientesdetarde.com\/index.php\/wp-json\/wp\/v2\/posts\/28082\/revisions"}],"predecessor-version":[{"id":28084,"href":"https:\/\/corrientesdetarde.com\/index.php\/wp-json\/wp\/v2\/posts\/28082\/revisions\/28084"}],"wp:featuredmedia":[{"embeddable":true,"href":"https:\/\/corrientesdetarde.com\/index.php\/wp-json\/wp\/v2\/media\/28083"}],"wp:attachment":[{"href":"https:\/\/corrientesdetarde.com\/index.php\/wp-json\/wp\/v2\/media?parent=28082"}],"wp:term":[{"taxonomy":"category","embeddable":true,"href":"https:\/\/corrientesdetarde.com\/index.php\/wp-json\/wp\/v2\/categories?post=28082"},{"taxonomy":"post_tag","embeddable":true,"href":"https:\/\/corrientesdetarde.com\/index.php\/wp-json\/wp\/v2\/tags?post=28082"}],"curies":[{"name":"wp","href":"https:\/\/api.w.org\/{rel}","templated":true}]}}