{"id":28085,"date":"2022-12-17T19:16:27","date_gmt":"2022-12-17T22:16:27","guid":{"rendered":"https:\/\/corrientesdetarde.com\/?p=28085"},"modified":"2022-12-17T19:16:31","modified_gmt":"2022-12-17T22:16:31","slug":"pesar-por-el-fallecimiento-de-una-reconocida-profesora-de-la-unne","status":"publish","type":"post","link":"https:\/\/corrientesdetarde.com\/index.php\/sociales\/pesar-por-el-fallecimiento-de-una-reconocida-profesora-de-la-unne\/","title":{"rendered":"Pesar por el fallecimiento de una reconocida profesora de la UNNE"},"content":{"rendered":"\n<p>Graciela G\u00f3mez Vara, profesora en la Facultad de Derecho de la Universidad Nacional del Nordeste, falleci\u00f3 este s\u00e1bado. La instituci\u00f3n decret\u00f3 duelo administrativo y acad\u00e9mico.<\/p>\n\n\n\n<p><\/p>\n\n\n\n<p>Graciela G\u00f3mez Vara, una reconocida docente en la Facultad de Derecho y Ciencias Sociales y Pol\u00edticas de la Universidad Nacional del Nordeste (UNNE), falleci\u00f3 este s\u00e1bado. La instituci\u00f3n educativa decret\u00f3 duelo acad\u00e9mico y administrativo.<\/p>\n\n\n\n<p>La letrada ejerc\u00eda la docencia como profesora titular de la c\u00e1tedra de Procesal Civil.<\/p>\n\n\n\n<p>&#8220;La comunidad acad\u00e9mica manifiesta su profundo pesar y destaca que la Prof. Gomez Vara siempre ser\u00e1 recordada por su vocaci\u00f3n docente y por representar los mejores valores universitarios de nuestra Instituci\u00f3n&#8221;, publicaron en las redes sociales oficiales de la Facultad de Derecho.<\/p>\n\n\n\n<p>&#8220;Acompa\u00f1amos afectuosamente y con dolor a sus familiares y seres queridos en este triste momento&#8221;, agregaron.<\/p>\n","protected":false},"excerpt":{"rendered":"<p>Graciela G\u00f3mez Vara, profesora en la Facultad de Derecho de la Universidad Nacional del Nordeste, falleci\u00f3 este s\u00e1bado. La instituci\u00f3n decret\u00f3 duelo administrativo y acad\u00e9mico. Graciela G\u00f3mez Vara, una reconocida&hellip; <\/p>\n","protected":false},"author":1,"featured_media":28086,"comment_status":"closed","ping_status":"open","sticky":false,"template":"","format":"standard","meta":{"footnotes":""},"categories":[17],"tags":[],"class_list":["post-28085","post","type-post","status-publish","format-standard","has-post-thumbnail","hentry","category-sociales"],"_links":{"self":[{"href":"https:\/\/corrientesdetarde.com\/index.php\/wp-json\/wp\/v2\/posts\/28085","targetHints":{"allow":["GET"]}}],"collection":[{"href":"https:\/\/corrientesdetarde.com\/index.php\/wp-json\/wp\/v2\/posts"}],"about":[{"href":"https:\/\/corrientesdetarde.com\/index.php\/wp-json\/wp\/v2\/types\/post"}],"author":[{"embeddable":true,"href":"https:\/\/corrientesdetarde.com\/index.php\/wp-json\/wp\/v2\/users\/1"}],"replies":[{"embeddable":true,"href":"https:\/\/corrientesdetarde.com\/index.php\/wp-json\/wp\/v2\/comments?post=28085"}],"version-history":[{"count":1,"href":"https:\/\/corrientesdetarde.com\/index.php\/wp-json\/wp\/v2\/posts\/28085\/revisions"}],"predecessor-version":[{"id":28087,"href":"https:\/\/corrientesdetarde.com\/index.php\/wp-json\/wp\/v2\/posts\/28085\/revisions\/28087"}],"wp:featuredmedia":[{"embeddable":true,"href":"https:\/\/corrientesdetarde.com\/index.php\/wp-json\/wp\/v2\/media\/28086"}],"wp:attachment":[{"href":"https:\/\/corrientesdetarde.com\/index.php\/wp-json\/wp\/v2\/media?parent=28085"}],"wp:term":[{"taxonomy":"category","embeddable":true,"href":"https:\/\/corrientesdetarde.com\/index.php\/wp-json\/wp\/v2\/categories?post=28085"},{"taxonomy":"post_tag","embeddable":true,"href":"https:\/\/corrientesdetarde.com\/index.php\/wp-json\/wp\/v2\/tags?post=28085"}],"curies":[{"name":"wp","href":"https:\/\/api.w.org\/{rel}","templated":true}]}}