{"id":28088,"date":"2022-12-17T19:21:53","date_gmt":"2022-12-17T22:21:53","guid":{"rendered":"https:\/\/corrientesdetarde.com\/?p=28088"},"modified":"2022-12-17T19:21:57","modified_gmt":"2022-12-17T22:21:57","slug":"ramoncito-cumpliria-28-anos-y-preparan-un-homenaje-en-corrientes","status":"publish","type":"post","link":"https:\/\/corrientesdetarde.com\/index.php\/sociales\/ramoncito-cumpliria-28-anos-y-preparan-un-homenaje-en-corrientes\/","title":{"rendered":"Ramoncito cumplir\u00eda 28 a\u00f1os y preparan un homenaje en Corrientes"},"content":{"rendered":"\n<p>Buscan mantener viva la memoria del ni\u00f1o con un acto de recuerdo del que participar\u00e1n amigos y familiares.\u00a0<\/p>\n\n\n\n<p>Ramoncito Gonz\u00e1lez, el ni\u00f1o brutalmente asesinado en Corrientes en el a\u00f1o 2006, cumplir\u00eda 28 a\u00f1os este a\u00f1o y en su ciudad natal preparan un homenaje.&nbsp;<\/p>\n\n\n\n<p>A 16 a\u00f1os del hist\u00f3rico caso que marc\u00f3 un antes y un despu\u00e9s en la cultura correntina, la memoria de Ramoncito busca seguir viva a trav\u00e9s de sus familiares y amigos.<\/p>\n\n\n\n<p>El Grupo Ramoncito Prohibido Olvidar prepara para este martes 20 de diciembre una movilizaci\u00f3n por las calles de Mercedes.&nbsp;<\/p>\n\n\n\n<p>Seg\u00fan indicaron en un comunicado difundido a los medios de prensa, buscan de recordar el cumplea\u00f1os del ni\u00f1o brutalmente asesinado por una secta que ese d\u00eda cumplir\u00eda sus 28 a\u00f1os.&nbsp;<\/p>\n\n\n\n<p>El sencillo acto se desarrollar\u00e1 a las 20.30 en las v\u00edas del tren, donde se encontr\u00f3 el cuerpo del ni\u00f1o asesinado.&nbsp;<\/p>\n\n\n\n<p>Los familiares y vecinos del recordado Ramoncito saldr\u00e1 en una marcha de antorchas hasta la plazoleta 20 de diciembre d\u00f3nde se unir\u00e1n a la suelta de globos organizado por la filial de Estrellas Amarillas.<\/p>\n","protected":false},"excerpt":{"rendered":"<p>Buscan mantener viva la memoria del ni\u00f1o con un acto de recuerdo del que participar\u00e1n amigos y familiares.\u00a0 Ramoncito Gonz\u00e1lez, el ni\u00f1o brutalmente asesinado en Corrientes en el a\u00f1o 2006,&hellip; <\/p>\n","protected":false},"author":1,"featured_media":28089,"comment_status":"closed","ping_status":"open","sticky":false,"template":"","format":"standard","meta":{"footnotes":""},"categories":[17],"tags":[],"class_list":["post-28088","post","type-post","status-publish","format-standard","has-post-thumbnail","hentry","category-sociales"],"_links":{"self":[{"href":"https:\/\/corrientesdetarde.com\/index.php\/wp-json\/wp\/v2\/posts\/28088","targetHints":{"allow":["GET"]}}],"collection":[{"href":"https:\/\/corrientesdetarde.com\/index.php\/wp-json\/wp\/v2\/posts"}],"about":[{"href":"https:\/\/corrientesdetarde.com\/index.php\/wp-json\/wp\/v2\/types\/post"}],"author":[{"embeddable":true,"href":"https:\/\/corrientesdetarde.com\/index.php\/wp-json\/wp\/v2\/users\/1"}],"replies":[{"embeddable":true,"href":"https:\/\/corrientesdetarde.com\/index.php\/wp-json\/wp\/v2\/comments?post=28088"}],"version-history":[{"count":1,"href":"https:\/\/corrientesdetarde.com\/index.php\/wp-json\/wp\/v2\/posts\/28088\/revisions"}],"predecessor-version":[{"id":28090,"href":"https:\/\/corrientesdetarde.com\/index.php\/wp-json\/wp\/v2\/posts\/28088\/revisions\/28090"}],"wp:featuredmedia":[{"embeddable":true,"href":"https:\/\/corrientesdetarde.com\/index.php\/wp-json\/wp\/v2\/media\/28089"}],"wp:attachment":[{"href":"https:\/\/corrientesdetarde.com\/index.php\/wp-json\/wp\/v2\/media?parent=28088"}],"wp:term":[{"taxonomy":"category","embeddable":true,"href":"https:\/\/corrientesdetarde.com\/index.php\/wp-json\/wp\/v2\/categories?post=28088"},{"taxonomy":"post_tag","embeddable":true,"href":"https:\/\/corrientesdetarde.com\/index.php\/wp-json\/wp\/v2\/tags?post=28088"}],"curies":[{"name":"wp","href":"https:\/\/api.w.org\/{rel}","templated":true}]}}