{"id":28091,"date":"2022-12-17T19:25:04","date_gmt":"2022-12-17T22:25:04","guid":{"rendered":"https:\/\/corrientesdetarde.com\/?p=28091"},"modified":"2022-12-17T19:25:08","modified_gmt":"2022-12-17T22:25:08","slug":"italianos-y-mujeres-de-la-elite-correntina-cinco-matrimonios-claves-de-la-politica","status":"publish","type":"post","link":"https:\/\/corrientesdetarde.com\/index.php\/sociales\/italianos-y-mujeres-de-la-elite-correntina-cinco-matrimonios-claves-de-la-politica\/","title":{"rendered":"Italianos y mujeres de la elite correntina: cinco matrimonios claves de la pol\u00edtica"},"content":{"rendered":"\n<p>La inmigraci\u00f3n del siglo XIX, mayormente masculina, busc\u00f3 entablar lazos con nativas de buena posici\u00f3n. Esto les sirvi\u00f3 de puntapi\u00e9 para ocupar importantes cargos.<\/p>\n\n\n\n<p>La licenciada en Historia Maisa Angelina public\u00f3 una investigaci\u00f3n sobre la&nbsp;<strong>integraci\u00f3n de italianos a la elite correntina durante el siglo XIX<\/strong>. All\u00ed analiz\u00f3 algunos casos de matrimonios que marcaron la pol\u00edtica local como \u201cuna eficaz herramienta de legitimaci\u00f3n de ascenso social, en tanto permiti\u00f3 profundizar v\u00ednculos con la sociedad a partir de redes propias de la familia pol\u00edtica y allanar as\u00ed el camino hacia una integraci\u00f3n con la elite local\u201d.<\/p>\n\n\n\n<p>Para el an\u00e1lisis, Angelina seleccion\u00f3&nbsp;<strong>cuatro integrantes de la comisi\u00f3n directiva de la asociaci\u00f3n Unione e Benevolenza y uno de la Asociaci\u00f3n Unione e Frantellanza<\/strong>. As\u00ed, consider\u00f3 a quienes, en el periodo analizado, ejercieron los cargos con mayor jerarqu\u00eda: presidente, vicepresidente y un consejero; restando analizar, en pr\u00f3ximos estudios, el comportamiento matrimonial de secretarios, tesoreros e inspectores.&nbsp;<\/p>\n\n\n\n<p>El an\u00e1lisis de los documentos le permiti\u00f3&nbsp;a esta investigadora en Historia observar que tres de los l\u00edderes de las asociaciones antes mencionadas se casaron con mujeres de importantes familias correntinas, entablando as\u00ed uniones exog\u00e1micas. Otros dos de estos italianos, a partir de la consolidaci\u00f3n de familias conformadas en d\u00e9cadas anteriores, lograron casarse con hijas de italianos nacidas en Corrientes, pr\u00e1ctica denominada endogamia encubierta o intergeneracional.&nbsp;<\/p>\n\n\n\n<p>En cualquier caso, fueron las mujeres las que establecieron el \u201cpuente\u201d entre los italianos y las familias correntinas de la elite, aclar\u00f3 Angelina, puesto que la exogamia en el colectivo inmigrante fue casi siempre masculina.<\/p>\n\n\n\n<p><strong>Gallino &amp; Pujol<\/strong><\/p>\n\n\n\n<p>Rafael Gallino, comerciante italiano presidente de la asociaci\u00f3n Unione e Benevolenza, se radic\u00f3 en Corrientes hacia 1825, seis a\u00f1os m\u00e1s tarde contrajo matrimonio con Ramona Luisa Pujol, hermana del exgobernador Juan Gregorio Pujol (1853-1859), natural de Corrientes, presidenta de la Sociedad de Beneficencia y destacada por la iniciativa de la creaci\u00f3n de un Hospital de Mujeres en 1861.&nbsp;<\/p>\n\n\n\n<p>Su hija, Rosa Gallino de Fern\u00e1ndez, fue tambi\u00e9n socia fundadora de aquella Sociedad. El matrimonio concibi\u00f3 adem\u00e1s dos hijos varones: Rafael Gallino y Antonio Gallino, ambos futuros gobernadores de la provincia.<\/p>\n\n\n\n<p><strong>Iglesia &amp; Ceballos<\/strong><\/p>\n\n\n\n<p>Antonio Iglesia, comerciante integrante de las comisiones directivas de ambas asociaciones y propietario de un buque, se cas\u00f3 en 1849 con la correntina \u00c1ngeles Ceballos, quien por su parte fuera tambi\u00e9n una de las socias fundadoras de la Sociedad de Beneficencia.<\/p>\n\n\n\n<p>Uno de sus hijos, Antonio Iglesia, hacendado de la ciudad, contrajo matrimonio con Rosa Capurro, hija de la correntina Sebera Roib\u00f3n y el italiano Alberto Capurro, radicado en Corrientes hacia 1855 y vinculado al negocio de cueros.<\/p>\n\n\n\n<p><strong>Resoagli &amp; Ancelmo<\/strong><\/p>\n\n\n\n<p>Luis Resoagli, italiano vocal de la comisi\u00f3n directiva de la asociaci\u00f3n de 1864, se consolid\u00f3 como un importante comerciante en la ciudad, contrajo matrimonio con la<\/p>\n\n\n\n<p>correntina Julia Ancelmo, hija de italianos, en 1852.&nbsp;<\/p>\n\n\n\n<p>Los principales comerciantes que operaron en el \u00e1mbito provincial establecieron la sede de sus negocios en la ciudad capital, puesto que all\u00ed existieron mayores facilidades para la descarga y acopio, se pod\u00eda establecer una relaci\u00f3n m\u00e1s directa con autoridades y la elite local y hab\u00eda mejores posibilidades de comunicaciones terrestres con los pueblos del interior.&nbsp;<\/p>\n\n\n\n<p>Por otro lado, si bien existi\u00f3 una diferenciaci\u00f3n sectorial entre las tareas comerciales desempe\u00f1adas, esto no implic\u00f3 una separaci\u00f3n excluyente en la medida que, de acuerdo con las diversas estrategias individuales, comerciantes desempe\u00f1aron sucesivamente o al mismo tiempo actividades mercantiles, productivas y administrativas.<\/p>\n\n\n\n<p>Luis Resoagli actu\u00f3 desde una compa\u00f1\u00eda de comercio en sociedad con sus hermanos Cayetano y Pedro, la misma distribuy\u00f3 cueros, carnes y art\u00edculos varios, cont\u00f3 con dos vapores, un pailebot y con tierras en enfiteusis en Ituzaing\u00f3 donde adem\u00e1s de poseer una casa, dos ranchos y corrales, cri\u00f3 cabezas vacunas, equinas y ovinas.<\/p>\n\n\n\n<p>Su hijo, Juan Luis Resoagli, &nbsp;fue uno de los conductores del partido autonomista, electo vicegobernador de la provincia en 1908, ejerci\u00f3 la gobernaci\u00f3n por cesant\u00eda del titular y m\u00e1s adelante alcanz\u00f3 la banca de senador.<\/p>\n\n\n\n<p>Como puede observarse en este caso y en el de Gallino, los hijos heredaron una red de relaciones que les permiti\u00f3 acceder a cargos pol\u00edticos provinciales y nacionales. El salto debe entenderse adem\u00e1s por el hecho de haber sido esta segunda generaci\u00f3n, a diferencia de la primera, nativa.&nbsp;<\/p>\n\n\n\n<p><strong>Boetti &amp; Vedoya Llano<\/strong><\/p>\n\n\n\n<p>Federico Boetti, comerciante y presidente de la primera asociaci\u00f3n, contrajo matrimonio en 1861 con Dionisia Vedoya Llano, hija de \u00c1ngel Mariano Vedoya Lagra\u00f1a, hombre de filiaci\u00f3n federal. Es probable que esta alianza haya colaborado al momento de entablar las negociaciones para el contrato con el gobernador Jos\u00e9 Mar\u00eda Rol\u00f3n, a fin de usufructuar la imprenta del Estado, precis\u00f3 la investigadora.&nbsp;<\/p>\n\n\n\n<p>Seg\u00fan Manuel Mantilla, \u201cFederico Boetti era federal por inclinaci\u00f3n natural y por sus v\u00ednculos de familia\u201d. De aquella uni\u00f3n naci\u00f3 Juan Boetti Vedoya en 1868.&nbsp;<\/p>\n\n\n\n<p>Cabe destacar que la posibilidad de vinculaci\u00f3n de estos italianos con sectores de la \u00e9lite estuvo allanada por la aquiescencia que otorg\u00f3 el desempe\u00f1o de actividades comerciales, porque la condici\u00f3n social de quienes se dedicaron a ellas fue muy favorable ya en los inicios del siglo XIX; prueba de esto es el registro de los hermanos Robertson en 1815: \u201cen Corrientes el vendedor al menudeo es muy bien considerado y respetable; el comerciante mucho m\u00e1s, porque el t\u00e9rmino implica algo de aristocr\u00e1tico\u201d.<\/p>\n\n\n\n<p><strong>Fainardi&nbsp;&amp; Raggio<\/strong><\/p>\n\n\n\n<p>El \u00faltimo caso es el de Alberto Fainardi, quien contrajo matrimonio en 1868 con Magdalena Antonia Raggio, nacida en Corrientes, hija del comerciante italiano Juan Bautista Raggio- quien fuera vicepresidente de la segunda comisi\u00f3n directiva de la asociaci\u00f3n Unione e Benevolenza- y Clara Gastaldi.&nbsp;<\/p>\n\n\n\n<p><strong>Red social<\/strong><\/p>\n\n\n\n<p>Hasta aqu\u00ed las uniones de algunos de los italianos que fueron parte de las comisiones directivas del asociacionismo y estuvieron vinculados con familias de la elite en Corrientes. Angelina contin\u00f3 el an\u00e1lisis haciendo foco en otros datos brindados por las actas matrimoniales como la elecci\u00f3n de los testigos del casamiento o de los padrinos en las actas de bautismos, y not\u00f3 una amplia red social tejida en el entorno.&nbsp;<\/p>\n\n\n\n<p>Por citar algunos ejemplos, Rafael Gallino y Luisa Pujol fueron padrinos de Magdalena T. Iglesia, hija de Antonio Iglesia y \u00c1ngeles Ceballo. A su vez, Luis Resoagli fue testigo del matrimonio de Rosa Gallino, hija de Rafael Gallino.&nbsp;<\/p>\n\n\n\n<p>Por \u00faltimo, existieron tambi\u00e9n \u201cmatrimonios m\u00faltiples\u201d, aquellos en los cuales dos o m\u00e1s miembros de una misma familia se casaron con dos o m\u00e1s miembros de otra, reflejando el peso de las relaciones de sociabilidad.<\/p>\n\n\n\n<p>Por caso, Pedro Resoagli, contrajo matrimonio con \u00c1ngeles Ancelmo, hermana de Julia Ancelmo casada con el hermano de aquel, Luis Resoagli. \u00c1ngeles adem\u00e1s fue madrina de Juan Boetti, hijo de Federico Boetti.<\/p>\n\n\n\n<p><strong>Posesi\u00f3n de capital<\/strong><\/p>\n\n\n\n<p>\u201cEstos italianos participaron en redes sociales que les permitieron relacionarse con nativas y entablar lazos matrimoniales, a\u00fan antes del establecimiento de las asociaciones a partir de las cuales ejercieron cierto liderazgo dentro de la comunidad de connacionales, lo cual puede constatarse en la fecha de las actas\u201d, explic\u00f3 la investigadora. Las instituciones, entonces, afianzaron la posici\u00f3n que aquellos hab\u00edan alcanzado previamente, gracias a la posesi\u00f3n de cierto capital, como pudo ser el ejercicio del comercio en los primeros a\u00f1os analizados o de la medicina en la d\u00e9cada de 1870 y a las alianzas matrimoniales que les permitieron ocupar lugares claves en la sociedad correntina.&nbsp;<\/p>\n\n\n\n<p>Para Angelina, es preciso se\u00f1alar que dichas alianzas tuvieron lugar cuando el proceso de integraci\u00f3n estuvo avanzado, porque antes fue necesario instalarse, encontrar trabajo y vincularse con la sociedad de acogida.<\/p>\n\n\n\n<p><strong>V\u00ednculos matrimoniales<\/strong><\/p>\n\n\n\n<p>Las alianzas matrimoniales resultan un factor importante \u2013aunque no el \u00fanico indicador\u2013 para conocer el grado de integraci\u00f3n de las colectividades inmigrantes en una sociedad.<\/p>\n\n\n\n<p>Para el an\u00e1lisis de las alianzas, Angelina consult\u00f3 registros parroquiales, como las actas matrimoniales. Esta documentaci\u00f3n permite principalmente observar las uniones entre personas de or\u00edgenes nacionales diferentes y las relaciones entabladas con sus contempor\u00e1neos, a partir de la elecci\u00f3n de los testigos, pero carece de otro tipo de datos que indicar\u00edan la posici\u00f3n social de los individuos implicados.&nbsp;<\/p>\n\n\n\n<p>A fin de sortear esta dificultad, la investigadora entrecruz\u00f3 la informaci\u00f3n all\u00ed brindada, con actas de bautismo y defunci\u00f3n, en las que ocasionalmente se se\u00f1ala ocupaci\u00f3n, y con c\u00e9dulas censales que, si bien no arrojan informaci\u00f3n acerca de la posici\u00f3n socioecon\u00f3mica de los individuos, presentan indicadores significativos de ella (profesi\u00f3n, ocupaci\u00f3n y alfabetizaci\u00f3n).&nbsp;<\/p>\n\n\n\n<p><strong>Inmigraci\u00f3n masculina<\/strong><\/p>\n\n\n\n<p>Como otras ciudades de Argentina, la capital de Corrientes recibi\u00f3 migrantes italianos que, siguiendo el curso del r\u00edo Paran\u00e1, se asentaron desde inicios del siglo XIX. En este flujo inicial predomin\u00f3 la inmigraci\u00f3n masculina de comerciantes genoveses.&nbsp;<\/p>\n\n\n\n<p>Para quienes ejercieron el comercio y la navegaci\u00f3n, Corrientes posiblemente actu\u00f3 como un espacio apropiado de asentamiento, puesto que cont\u00f3 con un puerto de importante actividad naviera e intenso flujo mercantil.<\/p>\n\n\n\n<p>En la ciudad, estos migrantes crearon asociaciones de socorros mutuos a partir de las cuales forjaron una identidad nacional italiana -relegando las identidades regionales precedentes- e intentaron dar respuestas a problem\u00e1ticas propias de la salud y la educaci\u00f3n, materias desatendidas por un Estado a\u00fan en construcci\u00f3n. Italianos dirigentes de estas asociaciones lograron un liderazgo dentro de la comunidad de connacionales, al tiempo que se integraron a la elite correntina.&nbsp;<\/p>\n\n\n\n<p>Angelina enmarc\u00f3 este trabajo en el periodo denominado de \u201cmigraciones tempranas\u201d, que comenz\u00f3 a fines del siglo XVIII y se prolong\u00f3 hasta la d\u00e9cada de 1880, con caracter\u00edsticas propias que lo distingui\u00f3 del fen\u00f3meno de la \u201cinmigraci\u00f3n masiva\u201d.<\/p>\n\n\n\n<p><strong>Cantidades<\/strong><\/p>\n\n\n\n<p>En 1833 la ciudad de Corrientes cont\u00f3 con la presencia de 25 italianos, 5 de ellos registrados como genoveses, sobre una poblaci\u00f3n total de 5668 habitantes. Los peninsulares fueron precedidos en cantidad por 87 portugueses, 62 espa\u00f1oles y 38 franceses.&nbsp;<\/p>\n\n\n\n<p>Al margen de la presencia europea, el mayor componente migratorio lo prest\u00f3 el vecino pa\u00eds de Paraguay con un total de 338 almas en la capital. Para 1841, aunque el censo mostr\u00f3 la presencia de 8 mujeres italianas, persisti\u00f3 el predominio de hombres que sumaron un total de 21.&nbsp;<\/p>\n\n\n\n<p>En esta oportunidad, la importancia del pa\u00eds de origen en t\u00e9rminos cuantitativos vari\u00f3, correspondiendo en primer lugar a los espa\u00f1oles, luego a los franceses, en tercer lugar, a los italianos y finalmente a los portugueses.<\/p>\n\n\n\n<p>Seg\u00fan el censo Confederal de 1857 el n\u00famero de italianos en la ciudad ascendi\u00f3 a 172 (25 mujeres y 147 hombres) sobre una poblaci\u00f3n de 8839 almas. Por \u00faltimo, el censo de 1869 arroj\u00f3, en un total de 11218 habitantes, 603 registros de italianos.&nbsp;<\/p>\n\n\n\n<p>Hacia aquel a\u00f1o el 69% de los extranjeros en la ciudad fue europeo, una proporci\u00f3n muy superior al 31% de los<\/p>\n\n\n\n<p>americanos. Entre aquellos, los italianos ocuparon el primer lugar de importancia, superando incluso a la poblaci\u00f3n paraguaya y espa\u00f1ola.&nbsp;<\/p>\n\n\n\n<p>Para 1869, 115 hombres italianos declararon el comercio como \u201cprofesi\u00f3n, oficio,<\/p>\n\n\n\n<p>ocupaci\u00f3n o medio de vida\u201d. Se debe tener presente que, si bien la provincia tuvo una &nbsp; predominante producci\u00f3n ganadera, la vida econ\u00f3mica de la capital gir\u00f3 en torno a las actividades de su puerto.&nbsp;<\/p>\n\n\n\n<p>El hecho de que la ciudad de Corrientes constituyera el centro comercial m\u00e1s activo de la provincia se debi\u00f3 a su ventajosa situaci\u00f3n geogr\u00e1fica y espacial que le permiti\u00f3 concentrar gran parte del creciente tr\u00e1fico fluvial provincial: entre el 50% y el<\/p>\n\n\n\n<p>60% de las exportaciones y entre el 60% y el 80% de las importaciones.<\/p>\n\n\n\n<p><strong>Esfera p\u00fablica<\/strong><\/p>\n\n\n\n<p>El presidente de la ef\u00edmera asociaci\u00f3n Unione e Benevolenza fue un comerciante genov\u00e9s, Rafael Gallino, que se desempe\u00f1\u00f3 adem\u00e1s como personal del Directorio del Banco y Casa de la Moneda en 1866.<\/p>\n\n\n\n<p>Federico Boetti, vicepresidente de la Asociaci\u00f3n en la primera comisi\u00f3n directiva y presidente en la segunda, fue comerciante y realiz\u00f3 negocios con el Estado provincial en 1861 durante la administraci\u00f3n de Jos\u00e9 Mar\u00eda Rol\u00f3n, con quien firm\u00f3 un contrato por el cual se le entreg\u00f3 el usufructo de la Imprenta del Estado.&nbsp;<\/p>\n\n\n\n<p>En 1862 el gobernador Jos\u00e9 Pampin- perteneciente a la facci\u00f3n liberal- despoj\u00f3 a Boetti de la imprenta por la fuerza. El italiano realiz\u00f3 reclamos al gobierno provincial hasta que en 1864 aquella le fue reintegrada.<\/p>\n\n\n\n<p>Antonio Iglesia y Alejandro Costa (respectivamente, consejero y tesorero de la asociaci\u00f3n) ocuparon los cargos de c\u00f3nsul del Tribunal de Comercio de la capital, el primero y de Juez de Paz de la Segunda Secci\u00f3n de la Capital, el segundo en el a\u00f1o 1859.<\/p>\n\n\n\n<p>Por otro lado, durante la ocupaci\u00f3n de la ciudad de Corrientes por las fuerzas paraguayas- en el marco de la Guerra de la Triple Alianza- la Junta Gubernativa nombr\u00f3 para formar parte de la Comisi\u00f3n Directiva del Banco y casa de Moneda del Estado al ya mencionado Antonio Iglesia. Tambi\u00e9n result\u00f3 electo presidente de la Comisi\u00f3n fiscal creada el 2 junio de 1865 para relevar los da\u00f1os causados durante el intento de retomar la ciudad, llevado adelante el 25 de mayo por las fuerzas aliadas conducidas por el General Wenceslao Paunero.&nbsp;<\/p>\n\n\n\n<p>Dicha comisi\u00f3n estuvo conformada por ciudadanos correntinos y residentes extranjeros; particip\u00f3 tambi\u00e9n Boetti y el italiano Luis Resoagli, hombre vinculado al comercio y la industria de la ciudad que fue consejero de la Asociaci\u00f3n italiana en 1864.<\/p>\n\n\n\n<p>En una nota que Jos\u00e9 Berg\u00e9s dirigi\u00f3 a Francisco Solano L\u00f3pez sobre dicha comisi\u00f3n, se refiri\u00f3 a Antonio Iglesia como \u201citaliano, antiguo amigo m\u00edo, desde el a\u00f1o 43 a quien le debo muchas atenciones desde mi llegada a esta ciudad\u201d, con lo cual se infiere que Iglesia cont\u00f3 con v\u00ednculos y relaciones en Paraguay previas a la invasi\u00f3n.<\/p>\n\n\n\n<p>Iglesia no fue el \u00fanico que desbord\u00f3 su influencia m\u00e1s all\u00e1 del asociacionismo e incluso de la ciudad capital. Los italianos Rafael Gallino y Alberto Fainardi -primer presidente de la segunda asociaci\u00f3n- lograron un reconocimiento que les permiti\u00f3 ocupar, en diferentes momentos, el cargo de vice c\u00f3nsul.&nbsp;<\/p>\n\n\n\n<p><strong>Medicina<\/strong><\/p>\n\n\n\n<p>La labor de los m\u00e9dicos fue reconocida en 1931 cuando el intendente de la ciudad de Corrientes dio el nombre de H\u00e9roes Civiles a la prolongaci\u00f3n de La Rioja, desde la avenida 3 de Abril al sur, en memoria de las personas que colaboraron durante la epidemia de fiebre amarilla. Consider\u00f3 en car\u00e1cter de \u201ch\u00e9roes civiles\u201d &#8211; entre otras personas- a Alberto Fainardi y Carlos Fossati.<\/p>\n\n\n\n<p>Tambi\u00e9n las mujeres tuvieron actuaci\u00f3n en este episodio, Ramona Luisa Pujol de Gallino, esposa del italiano Rafael Gallino, presidi\u00f3 la Comisi\u00f3n Sucursal de socorros. Dicha organizaci\u00f3n se encarg\u00f3 de administrar la visita a hogares pobres y la asignaci\u00f3n de contribuciones donadas en dinero y ropas. Particip\u00f3 adem\u00e1s Magdalena Raggio de Fainardi; ambas mujeres figuran en el listado de \u201cCiudadanos de acci\u00f3n destacada de la epidemia de 1871\u201d elaborada por Hern\u00e1n F\u00e9lix G\u00f3mez.<\/p>\n\n\n\n<p>FUENTE: EL LITORAL<\/p>\n","protected":false},"excerpt":{"rendered":"<p>La inmigraci\u00f3n del siglo XIX, mayormente masculina, busc\u00f3 entablar lazos con nativas de buena posici\u00f3n. Esto les sirvi\u00f3 de puntapi\u00e9 para ocupar importantes cargos. La licenciada en Historia Maisa Angelina&hellip; <\/p>\n","protected":false},"author":1,"featured_media":28092,"comment_status":"closed","ping_status":"open","sticky":false,"template":"","format":"standard","meta":{"footnotes":""},"categories":[17],"tags":[],"class_list":["post-28091","post","type-post","status-publish","format-standard","has-post-thumbnail","hentry","category-sociales"],"_links":{"self":[{"href":"https:\/\/corrientesdetarde.com\/index.php\/wp-json\/wp\/v2\/posts\/28091","targetHints":{"allow":["GET"]}}],"collection":[{"href":"https:\/\/corrientesdetarde.com\/index.php\/wp-json\/wp\/v2\/posts"}],"about":[{"href":"https:\/\/corrientesdetarde.com\/index.php\/wp-json\/wp\/v2\/types\/post"}],"author":[{"embeddable":true,"href":"https:\/\/corrientesdetarde.com\/index.php\/wp-json\/wp\/v2\/users\/1"}],"replies":[{"embeddable":true,"href":"https:\/\/corrientesdetarde.com\/index.php\/wp-json\/wp\/v2\/comments?post=28091"}],"version-history":[{"count":1,"href":"https:\/\/corrientesdetarde.com\/index.php\/wp-json\/wp\/v2\/posts\/28091\/revisions"}],"predecessor-version":[{"id":28093,"href":"https:\/\/corrientesdetarde.com\/index.php\/wp-json\/wp\/v2\/posts\/28091\/revisions\/28093"}],"wp:featuredmedia":[{"embeddable":true,"href":"https:\/\/corrientesdetarde.com\/index.php\/wp-json\/wp\/v2\/media\/28092"}],"wp:attachment":[{"href":"https:\/\/corrientesdetarde.com\/index.php\/wp-json\/wp\/v2\/media?parent=28091"}],"wp:term":[{"taxonomy":"category","embeddable":true,"href":"https:\/\/corrientesdetarde.com\/index.php\/wp-json\/wp\/v2\/categories?post=28091"},{"taxonomy":"post_tag","embeddable":true,"href":"https:\/\/corrientesdetarde.com\/index.php\/wp-json\/wp\/v2\/tags?post=28091"}],"curies":[{"name":"wp","href":"https:\/\/api.w.org\/{rel}","templated":true}]}}