{"id":28169,"date":"2022-12-18T10:46:17","date_gmt":"2022-12-18T13:46:17","guid":{"rendered":"https:\/\/corrientesdetarde.com\/?p=28169"},"modified":"2022-12-18T10:46:22","modified_gmt":"2022-12-18T13:46:22","slug":"chaco-viajaba-por-un-camino-de-tierra-volco-y-fallecio-en-el-acto","status":"publish","type":"post","link":"https:\/\/corrientesdetarde.com\/index.php\/crimen-y-justicia\/chaco-viajaba-por-un-camino-de-tierra-volco-y-fallecio-en-el-acto\/","title":{"rendered":"Chaco: viajaba por un camino de tierra, volc\u00f3 y falleci\u00f3 en el acto"},"content":{"rendered":"\n<p>El siniestro fatal ocurri\u00f3 alrededor de las 7 de este s\u00e1bado, cerca de la localidad chaque\u00f1a de Charata. Una llamada an\u00f3nima alert\u00f3 al 911 del accidente.<\/p>\n\n\n\n<p><strong>Un hombre de 33 a\u00f1os muri\u00f3 esta ma\u00f1ana a siete kil\u00f3metros del casco urbano de Charata, provincia del Chaco,\u00a0tras volcar con su Chevrolet Joy<\/strong>\u00a0en un camino que conecta con Las Bre\u00f1as.<\/p>\n\n\n\n<p><strong>El accidente ocurri\u00f3 alrededor de las 7 de este s\u00e1bado<\/strong>. Una llamada telef\u00f3nica alert\u00f3 al 911 respecto al vuelco del auto en el camino de tierra.<\/p>\n\n\n\n<figure class=\"wp-block-image\"><a href=\"https:\/\/www.radiosudamericana.com\/notix\/multimedia\/imagenes\/fotos\/2022-12-17\/631463.jpg\"><img decoding=\"async\" src=\"https:\/\/www.radiosudamericana.com\/notix\/multimedia\/imagenes\/fotos\/2022-12-17\/631463.jpg_nota.jpg\" alt=\"\"\/><\/a><\/figure>\n\n\n\n<figure class=\"wp-block-image\"><a href=\"https:\/\/www.radiosudamericana.com\/notix\/multimedia\/imagenes\/fotos\/2022-12-17\/750595.jpg\"><img decoding=\"async\" src=\"https:\/\/www.radiosudamericana.com\/notix\/multimedia\/imagenes\/fotos\/2022-12-17\/750595.jpg_nota.jpg\" alt=\"\"\/><\/a><\/figure>\n\n\n\n<p>Al lugar arrib\u00f3 el enfermero de turno, quien constat\u00f3 la falta de signos vitales de la persona accidentada.&nbsp;<strong>Fue identificado como&nbsp;Javier Walter Ch\u00e1vez, con domicilio en la ciudad de Las Bre\u00f1as<\/strong>.<\/p>\n\n\n\n<figure class=\"wp-block-image\"><a href=\"https:\/\/www.radiosudamericana.com\/notix\/multimedia\/imagenes\/fotos\/2022-12-17\/645046.jpg\"><img decoding=\"async\" src=\"https:\/\/www.radiosudamericana.com\/notix\/multimedia\/imagenes\/fotos\/2022-12-17\/645046.jpg_nota.jpg\" alt=\"\"\/><\/a><\/figure>\n","protected":false},"excerpt":{"rendered":"<p>El siniestro fatal ocurri\u00f3 alrededor de las 7 de este s\u00e1bado, cerca de la localidad chaque\u00f1a de Charata. Una llamada an\u00f3nima alert\u00f3 al 911 del accidente. Un hombre de 33&hellip; <\/p>\n","protected":false},"author":4,"featured_media":28171,"comment_status":"closed","ping_status":"open","sticky":false,"template":"","format":"standard","meta":{"footnotes":""},"categories":[5],"tags":[],"class_list":["post-28169","post","type-post","status-publish","format-standard","has-post-thumbnail","hentry","category-crimen-y-justicia"],"_links":{"self":[{"href":"https:\/\/corrientesdetarde.com\/index.php\/wp-json\/wp\/v2\/posts\/28169","targetHints":{"allow":["GET"]}}],"collection":[{"href":"https:\/\/corrientesdetarde.com\/index.php\/wp-json\/wp\/v2\/posts"}],"about":[{"href":"https:\/\/corrientesdetarde.com\/index.php\/wp-json\/wp\/v2\/types\/post"}],"author":[{"embeddable":true,"href":"https:\/\/corrientesdetarde.com\/index.php\/wp-json\/wp\/v2\/users\/4"}],"replies":[{"embeddable":true,"href":"https:\/\/corrientesdetarde.com\/index.php\/wp-json\/wp\/v2\/comments?post=28169"}],"version-history":[{"count":1,"href":"https:\/\/corrientesdetarde.com\/index.php\/wp-json\/wp\/v2\/posts\/28169\/revisions"}],"predecessor-version":[{"id":28172,"href":"https:\/\/corrientesdetarde.com\/index.php\/wp-json\/wp\/v2\/posts\/28169\/revisions\/28172"}],"wp:featuredmedia":[{"embeddable":true,"href":"https:\/\/corrientesdetarde.com\/index.php\/wp-json\/wp\/v2\/media\/28171"}],"wp:attachment":[{"href":"https:\/\/corrientesdetarde.com\/index.php\/wp-json\/wp\/v2\/media?parent=28169"}],"wp:term":[{"taxonomy":"category","embeddable":true,"href":"https:\/\/corrientesdetarde.com\/index.php\/wp-json\/wp\/v2\/categories?post=28169"},{"taxonomy":"post_tag","embeddable":true,"href":"https:\/\/corrientesdetarde.com\/index.php\/wp-json\/wp\/v2\/tags?post=28169"}],"curies":[{"name":"wp","href":"https:\/\/api.w.org\/{rel}","templated":true}]}}