{"id":28170,"date":"2022-12-18T10:53:05","date_gmt":"2022-12-18T13:53:05","guid":{"rendered":"https:\/\/corrientesdetarde.com\/?p=28170"},"modified":"2022-12-18T10:53:09","modified_gmt":"2022-12-18T13:53:09","slug":"musica-experimental-y-poesia-en-el-flotante","status":"publish","type":"post","link":"https:\/\/corrientesdetarde.com\/index.php\/cultura\/musica-experimental-y-poesia-en-el-flotante\/","title":{"rendered":"M\u00fasica experimental y poes\u00eda en el Flotante"},"content":{"rendered":"\n<p>Lara Gove (Lara Gonz\u00e1lez Vedoya) y P\u00e1jaro Expe (Mart\u00edn Landaida), se presentar\u00e1n hoy en el Flotante Siete Corrientes, ubicado La Rioja y Costanera En este ciclo dos propuestas se unen por la pasi\u00f3n, el gran amor a la m\u00fasica y la composici\u00f3n. Adem\u00e1s se presentar\u00e1n tres poetas locales y habr\u00e1 artistas invitados sorpresas.<\/p>\n\n\n\n<p>Gonzales Vedoya es cantautora de la ciudad de Corrientes, quien con ritmos varios compone canciones y paisajes desde lo mel\u00f3dico a un estilo rock alternativo llevando melod\u00edas desde ra\u00edces chamamecera a un country a un pop rock indie. A su proyecto musical lo acompa\u00f1a Diego Blanco en guitarra y Matias Rott en bajo. En la jornada dominical presentar\u00e1n canciones propias y adelantos del pr\u00f3ximo disco.<\/p>\n\n\n\n<p>Eduardo Martin Landaida alias &#8220;P\u00e1jaro expe&#8221; es cantautor, compositor, luthier y experimentador sonoro de la ciudad de Corrientes. Su propuesta art\u00edstica musical va desde las composiciones de paisajes y ambientes sonoros, loopeando sonidos superpuestos desde guitarras, teclados de juguetes, sintetizadores, osciladores, flautas y pistas de bater\u00edas programadas.<\/p>\n\n\n\n<p>P\u00e1jaro Expe invita a navegar por las aguas sonoras del ambiente, canciones experimental , poes\u00edas recitadas por diversos poetas y otras cantadas. Durante esta fecha dar\u00e1 a conocer partes de canciones de sus discos y nuevas composiciones in\u00e9ditas.<\/p>\n\n\n\n<p>Los poetas invitados para el espect\u00e1culo son Gazton Koval, Valentina Fleita e Ignacio Polo.<\/p>\n\n\n\n<p>La cita est\u00e1 prevista que inicie a las 20.30. Las entradas anticipadas cuestan $500 (en puerta, $700).<\/p>\n","protected":false},"excerpt":{"rendered":"<p>Lara Gove (Lara Gonz\u00e1lez Vedoya) y P\u00e1jaro Expe (Mart\u00edn Landaida), se presentar\u00e1n hoy en el Flotante Siete Corrientes, ubicado La Rioja y Costanera En este ciclo dos propuestas se unen&hellip; <\/p>\n","protected":false},"author":4,"featured_media":28176,"comment_status":"closed","ping_status":"open","sticky":false,"template":"","format":"standard","meta":{"footnotes":""},"categories":[15],"tags":[],"class_list":["post-28170","post","type-post","status-publish","format-standard","has-post-thumbnail","hentry","category-cultura"],"_links":{"self":[{"href":"https:\/\/corrientesdetarde.com\/index.php\/wp-json\/wp\/v2\/posts\/28170","targetHints":{"allow":["GET"]}}],"collection":[{"href":"https:\/\/corrientesdetarde.com\/index.php\/wp-json\/wp\/v2\/posts"}],"about":[{"href":"https:\/\/corrientesdetarde.com\/index.php\/wp-json\/wp\/v2\/types\/post"}],"author":[{"embeddable":true,"href":"https:\/\/corrientesdetarde.com\/index.php\/wp-json\/wp\/v2\/users\/4"}],"replies":[{"embeddable":true,"href":"https:\/\/corrientesdetarde.com\/index.php\/wp-json\/wp\/v2\/comments?post=28170"}],"version-history":[{"count":1,"href":"https:\/\/corrientesdetarde.com\/index.php\/wp-json\/wp\/v2\/posts\/28170\/revisions"}],"predecessor-version":[{"id":28177,"href":"https:\/\/corrientesdetarde.com\/index.php\/wp-json\/wp\/v2\/posts\/28170\/revisions\/28177"}],"wp:featuredmedia":[{"embeddable":true,"href":"https:\/\/corrientesdetarde.com\/index.php\/wp-json\/wp\/v2\/media\/28176"}],"wp:attachment":[{"href":"https:\/\/corrientesdetarde.com\/index.php\/wp-json\/wp\/v2\/media?parent=28170"}],"wp:term":[{"taxonomy":"category","embeddable":true,"href":"https:\/\/corrientesdetarde.com\/index.php\/wp-json\/wp\/v2\/categories?post=28170"},{"taxonomy":"post_tag","embeddable":true,"href":"https:\/\/corrientesdetarde.com\/index.php\/wp-json\/wp\/v2\/tags?post=28170"}],"curies":[{"name":"wp","href":"https:\/\/api.w.org\/{rel}","templated":true}]}}