{"id":28173,"date":"2022-12-18T10:48:44","date_gmt":"2022-12-18T13:48:44","guid":{"rendered":"https:\/\/corrientesdetarde.com\/?p=28173"},"modified":"2022-12-18T10:48:47","modified_gmt":"2022-12-18T13:48:47","slug":"avant-premier-del-documental-chamamecero-por-los-dos-anos-de-la-declaracion-de-la-unesco","status":"publish","type":"post","link":"https:\/\/corrientesdetarde.com\/index.php\/cultura\/avant-premier-del-documental-chamamecero-por-los-dos-anos-de-la-declaracion-de-la-unesco\/","title":{"rendered":"Avant premier del documental Chamamecero, por los dos a\u00f1os de la declaraci\u00f3n de la Unesco"},"content":{"rendered":"\n<p>El primer cap\u00edtulo de la serie documental \u201cChamamecero, nuestra manera de ser\u201d ya se encuentra disponible al p\u00fablico en la plataforma Corrientes Play.\u00a0<\/p>\n\n\n\n<p>En el marco de una fecha emblem\u00e1tica e hist\u00f3rica en que se celebr\u00f3 el segundo aniversario de la declaraci\u00f3n al chamam\u00e9 como Patrimonio Cultural Inmaterial de la Humanidad, el gobernador Gustavo Vald\u00e9s acompa\u00f1\u00f3 la avant premiere de la serie documental \u201cChamamecero, nuestra manera de ser\u201d, cuyo cap\u00edtulo inicial ya se encuentra disponible en la plataforma Corrientes Play.<\/p>\n\n\n\n<p>Es la primera serie documental que recorre la historia sociocultural del fen\u00f3meno chamamecero; c\u00f3mo surge, vive y se expresa este universo cultural es el prop\u00f3sito del trabajo audiovisual que cuenta con 10 cap\u00edtulos que se ir\u00e1n estrenando en la plataforma Corrientes Play desde este viernes.<\/p>\n\n\n\n<p>El primer cap\u00edtulo de la serie documental \u201cChamamecero, nuestra manera de ser\u201d ya se encuentra disponible al p\u00fablico en la plataforma Corrientes Play. \u201c\u00a1Mirenlo!\u201d es el t\u00edtulo de esta primera parte de las diez piezas que constituyen un trabajo que, inspirado en los versos del pa\u00ed Juli\u00e1n Zini, nos permitir\u00e1n entender por qu\u00e9 el ser de esta regi\u00f3n tiene este particular modo de ver el mundo y la vida llamado.<\/p>\n\n\n\n<p>En \u201c\u00a1Mirenlo!\u201d la serie documental habla sobre la comunidad chamamecera reflejada en un portador que est\u00e1 en el escenario y tambi\u00e9n en la platea; est\u00e1 en la ciudad as\u00ed como en el campo, lo miramos y vemos un pueblo nuevo que viene desde el ayer.<\/p>\n\n\n\n<p>Link del primer cap\u00edtulo:<\/p>\n\n\n\n<p>https:\/\/corrientesplay.ar\/entretenimiento\/ver?v=8dcbcd625e65628d3cf31e060610c48e<\/p>\n\n\n\n<p>Un 16 de diciembre de 2020, la Organizaci\u00f3n de las Naciones Unidas para la Educaci\u00f3n, la Ciencia y la Cultura (Unesco) brindaba al chamam\u00e9 su mayor distinci\u00f3n por su trascendental aporte a la cultura en todo el continente.<\/p>\n\n\n\n<p>El primero de los diez episodios de 21 minutos de la serie documental fue presentado ante las autoridades provinciales, gestores culturales, m\u00fasicos y p\u00fablico en general en el auditorio Juli\u00e1n Zini del Centro Administrativo de Corrientes. El trabajo audiovisual realizado por Luis Moulin, Cayo Fern\u00e1ndez, Facundo Vallejos Yunes y la participaci\u00f3n especial de Julio C\u00e1ceres, recupera los rasgos, aspectos y elementos que persistieron por m\u00e1s de 400 a\u00f1os en la memoria y en las pr\u00e1cticas culturales de nuestra gente.<\/p>\n\n\n\n<p>\u201cChamamecero\u201d cuenta con el m\u00e1s directo testimonio de sus portadores: m\u00fasicos, bailarines, poetas y aficionados, y el sustento te\u00f3rico de especialistas y acad\u00e9micos, que se plantean las diferentes hip\u00f3tesis acerca del fen\u00f3meno que enmarca a este universo cultural. En un recorrido por la provincia de Corrientes y la regi\u00f3n, esta serie documental nos permite entender por qu\u00e9 el ser de esta regi\u00f3n tiene este particular modo de ver el mundo y la vida llamado \u00d1anderek\u00f3.<\/p>\n\n\n\n<p><strong>Vald\u00e9s<\/strong><\/p>\n\n\n\n<p>&nbsp;\u201cDesde la voz de hacedores, gestores e investigadores, esta pieza audiovisual es fundamental para el entendimiento y la valoraci\u00f3n de nuestro acervo cultural, as\u00ed como para la difusi\u00f3n de nuestro g\u00e9nero musical que, desde Corrientes, ha conquistado al mundo\u201d, dijo el mandatario al tomar la palabra en un colmado auditorio Juli\u00e1n Zini.<\/p>\n\n\n\n<p>Asimismo, Vald\u00e9s enfatiz\u00f3 que \u201cser chamamecero es sin\u00f3nimo de ver lo que es un correntino\u201d, a\u00f1adiendo que a este espacio cultural solo \u201cle faltaba implementar el concepto de 2.0 para tener otra dimensi\u00f3n y trascender en lugares donde no estamos pero que miran lo nuestro\u201d.<\/p>\n\n\n\n<p>En este aspecto, el gobernador destac\u00f3 a la plataforma Corrientes Play como un espacio de contenido para la ense\u00f1anza \u201cque ayuda a que los chicos conozcan su cultura y origen, d\u00e1ndole un aporte tremendo al futuro del chamam\u00e9, al cual tenemos que ensamblar junto a la educaci\u00f3n y al conocimiento\u201d.<\/p>\n\n\n\n<p>Tambi\u00e9n puso de relieve que los recursos audiovisuales, de los que se vale la mencionada plataforma, \u201ctrae consigo un debate, debido a que en un pa\u00eds federal los subsidios, en este aspecto, exclusivamente terminan para fomentar la cultura de un solo espacio del pa\u00eds central\u201d.<\/p>\n\n\n\n<p>\u201cDebemos repartir equitativamente entre todas las provincias estos recursos para florecer este grito de igualdad, como el chamam\u00e9\u201d, acot\u00f3 el mandatario.<\/p>\n\n\n\n<p>Para finalizar, Vald\u00e9s inst\u00f3 a \u201ccontinuar trabajando de esta manera, con estas propuestas, ya que estamos dispuestos a seguir invirtiendo en la memoria de nuestro pueblo\u201d.<\/p>\n\n\n\n<p><strong>Gabriel Romero<\/strong><\/p>\n\n\n\n<p>A su turno, el presidente del Instituto de Cultura, Gabriel Romero, expres\u00f3 su alegr\u00eda por \u201cestos dos a\u00f1os desde la declaraci\u00f3n del chamam\u00e9 como patrimonio de la humanidad\u201d, y manifest\u00f3 que \u201cpor un lado es un reconocimiento, y, por el otro, la toma de un compromiso muy grande\u201d.<\/p>\n\n\n\n<p>Adem\u00e1s, resalt\u00f3 la importancia de la puesta en escena del documental \u201cChamamecero, nuestra manera de ser\u201d y de la entrega de entrega de certificados de la Diplomatura de Chamam\u00e9, que se realizar\u00e1 esta tarde en el Museo de Bellas Artes, subrayando que es \u201cun compromiso de la Unne, a trav\u00e9s de la carrera de Arte y de la Academia de Folclore del Gobierno de Corrientes\u201d.<\/p>\n\n\n\n<p>Asimismo, Romero ratific\u00f3 que \u201cest\u00e1 garantizada la distribuci\u00f3n del chamam\u00e9\u201d, y que se busca fortalecer su difusi\u00f3n mediante diferentes ramas, como la investigaci\u00f3n, y vincularla con la educaci\u00f3n, por lo que se encuentran trabajando en conjunto con la cartera educativa.<\/p>\n\n\n\n<p>Cabe destacar que la serie documental ser\u00e1 parte de la videoteca educativa que tiene el Gobierno provincial a trav\u00e9s de la plataforma Corrientes Play, que es utilizada en todas las escuelas de nuestra provincia como espacio audiovisual educativo y l\u00fadico, as\u00ed como tambi\u00e9n la b\u00fasqueda de diferentes convenios con otras plataformas y medios nacionales.<\/p>\n\n\n\n<p><strong>Presencias<\/strong><\/p>\n\n\n\n<p>Participaron del estreno del trabajo documental junto al gobernador Gustavo Vald\u00e9s; el vicegobernador Pedro Braillard Poccard; los ministros del Ejecutivo provincial, de Seguridad, Buenaventura Duarte; de Educaci\u00f3n, Pr\u00e1xedes L\u00f3pez; de Justicia Juan Jos\u00e9 L\u00f3pez Desimoni; de Coordinaci\u00f3n y Planificaci\u00f3n, Miguel Olivieri; de Hacienda, Marcelo Rivas Piasentini; el ministro secretario general de la Gobernaci\u00f3n, Carlos Vignolo; el presidente del Instituto de Cultura, Gabriel Romero; el presidente de la C\u00e1mara de Diputados, Pedro Cassani; el exgobernador de la provincia, Jos\u00e9 Antonio Romero Feris; el rector de la Universidad Nacional del Nordeste (Unne), Omar Larroza; secretarios subsecretarios provinciales y municipales; legisladores nacionales y provinciales; autoridades de la Unne; intendentes de localidades vecinas, artistas, m\u00fasicas, referentes chamameceros, y dem\u00e1s autoridades.<\/p>\n","protected":false},"excerpt":{"rendered":"<p>El primer cap\u00edtulo de la serie documental \u201cChamamecero, nuestra manera de ser\u201d ya se encuentra disponible al p\u00fablico en la plataforma Corrientes Play.\u00a0 En el marco de una fecha emblem\u00e1tica&hellip; <\/p>\n","protected":false},"author":4,"featured_media":28174,"comment_status":"closed","ping_status":"open","sticky":false,"template":"","format":"standard","meta":{"footnotes":""},"categories":[15],"tags":[],"class_list":["post-28173","post","type-post","status-publish","format-standard","has-post-thumbnail","hentry","category-cultura"],"_links":{"self":[{"href":"https:\/\/corrientesdetarde.com\/index.php\/wp-json\/wp\/v2\/posts\/28173","targetHints":{"allow":["GET"]}}],"collection":[{"href":"https:\/\/corrientesdetarde.com\/index.php\/wp-json\/wp\/v2\/posts"}],"about":[{"href":"https:\/\/corrientesdetarde.com\/index.php\/wp-json\/wp\/v2\/types\/post"}],"author":[{"embeddable":true,"href":"https:\/\/corrientesdetarde.com\/index.php\/wp-json\/wp\/v2\/users\/4"}],"replies":[{"embeddable":true,"href":"https:\/\/corrientesdetarde.com\/index.php\/wp-json\/wp\/v2\/comments?post=28173"}],"version-history":[{"count":1,"href":"https:\/\/corrientesdetarde.com\/index.php\/wp-json\/wp\/v2\/posts\/28173\/revisions"}],"predecessor-version":[{"id":28175,"href":"https:\/\/corrientesdetarde.com\/index.php\/wp-json\/wp\/v2\/posts\/28173\/revisions\/28175"}],"wp:featuredmedia":[{"embeddable":true,"href":"https:\/\/corrientesdetarde.com\/index.php\/wp-json\/wp\/v2\/media\/28174"}],"wp:attachment":[{"href":"https:\/\/corrientesdetarde.com\/index.php\/wp-json\/wp\/v2\/media?parent=28173"}],"wp:term":[{"taxonomy":"category","embeddable":true,"href":"https:\/\/corrientesdetarde.com\/index.php\/wp-json\/wp\/v2\/categories?post=28173"},{"taxonomy":"post_tag","embeddable":true,"href":"https:\/\/corrientesdetarde.com\/index.php\/wp-json\/wp\/v2\/tags?post=28173"}],"curies":[{"name":"wp","href":"https:\/\/api.w.org\/{rel}","templated":true}]}}