{"id":28190,"date":"2022-12-18T11:14:51","date_gmt":"2022-12-18T14:14:51","guid":{"rendered":"https:\/\/corrientesdetarde.com\/?p=28190"},"modified":"2022-12-18T11:14:53","modified_gmt":"2022-12-18T14:14:53","slug":"argentina-va-rumbo-a-sumar-su-tercera-estrella-en-la-final-de-la-copa-del-mundo","status":"publish","type":"post","link":"https:\/\/corrientesdetarde.com\/index.php\/deportes\/argentina-va-rumbo-a-sumar-su-tercera-estrella-en-la-final-de-la-copa-del-mundo\/","title":{"rendered":"Argentina va rumbo a sumar su tercera estrella en la final de la Copa del Mundo"},"content":{"rendered":"\n<p>La\u00a0<strong>Selecci\u00f3n Argentina\u00a0<\/strong>ir\u00e1 por el t\u00edtulo ante\u00a0<strong>Francia\u00a0<\/strong>desde este domingo a las 12:00 en el\u00a0<strong>Estadio Lusail<\/strong>.<\/p>\n\n\n\n<p>La Selecci\u00f3n desafiar\u00e1 al vigente campe\u00f3n (FRANCIA) con el objetivo de conquistar la gloria futbol\u00edstica, un sue\u00f1o colectivo que excede las fronteras del pa\u00eds por el deseo universal de coronar a Lionel Messi.<\/p>\n\n\n\n<p>Cerca de 90.000 personas asistir\u00e1n al Estadio Lusail y m\u00e1s de 3.500 millones de telespectadores en todo el planeta seguir\u00e1n desde el mediod\u00eda argentino aguardan la definici\u00f3n de la primera Copa del Mundo en Medio Oriente.<\/p>\n\n\n\n<p>El partido posterior a la ceremonia de clausura ser\u00e1 arbitrado por el polaco Szymon Marciniak, quien estar\u00e1 acompa\u00f1ado por sus compatriotas Pawel Sokolnicki (primer asistente), Tomasz Listkiewicz (segundo) y Tomasz Kwiatkowski (VAR).<\/p>\n\n\n\n<p>El principal escenario de Qatar 2022, con una capacidad de 88.966 localidades, tendr\u00e1 un ambiente netamente favorable al seleccionado de Messi. Los 35.000 argentinos asistentes se complementar\u00e1n con otros miles de fan\u00e1ticos de diferentes partes del mundo que anhelan la consagraci\u00f3n del 10. Los franceses contar\u00e1n con el apoyo de 6.000 hinchas, aproximadamente.<\/p>\n\n\n\n<p>Messi, de 35 a\u00f1os, jugar\u00e1 su \u00faltimo partido por la Copa del Mundo de la FIFA en la misma jornada que batir\u00e1 el r\u00e9cord de presencias (26) despu\u00e9s de participar en las \u00faltimas cinco ediciones (Alemania 2006, Sud\u00e1frica 2010, Brasil 2014, Rusia 2018 y Qatar 2022).<\/p>\n\n\n\n<p>El capit\u00e1n de la &#8220;Albiceleste&#8221; asumir\u00e1 su segunda final mundialista en busca de una revancha por la derrota sufrida en tiempo suplementario ante Alemania (0-1), hace m\u00e1s de ocho a\u00f1os en el Maracan\u00e1 de R\u00edo de Janeiro, Brasil<\/p>\n","protected":false},"excerpt":{"rendered":"<p>La\u00a0Selecci\u00f3n Argentina\u00a0ir\u00e1 por el t\u00edtulo ante\u00a0Francia\u00a0desde este domingo a las 12:00 en el\u00a0Estadio Lusail. La Selecci\u00f3n desafiar\u00e1 al vigente campe\u00f3n (FRANCIA) con el objetivo de conquistar la gloria futbol\u00edstica, un&hellip; <\/p>\n","protected":false},"author":4,"featured_media":28194,"comment_status":"closed","ping_status":"open","sticky":false,"template":"","format":"standard","meta":{"footnotes":""},"categories":[4],"tags":[],"class_list":["post-28190","post","type-post","status-publish","format-standard","has-post-thumbnail","hentry","category-deportes"],"_links":{"self":[{"href":"https:\/\/corrientesdetarde.com\/index.php\/wp-json\/wp\/v2\/posts\/28190","targetHints":{"allow":["GET"]}}],"collection":[{"href":"https:\/\/corrientesdetarde.com\/index.php\/wp-json\/wp\/v2\/posts"}],"about":[{"href":"https:\/\/corrientesdetarde.com\/index.php\/wp-json\/wp\/v2\/types\/post"}],"author":[{"embeddable":true,"href":"https:\/\/corrientesdetarde.com\/index.php\/wp-json\/wp\/v2\/users\/4"}],"replies":[{"embeddable":true,"href":"https:\/\/corrientesdetarde.com\/index.php\/wp-json\/wp\/v2\/comments?post=28190"}],"version-history":[{"count":1,"href":"https:\/\/corrientesdetarde.com\/index.php\/wp-json\/wp\/v2\/posts\/28190\/revisions"}],"predecessor-version":[{"id":28195,"href":"https:\/\/corrientesdetarde.com\/index.php\/wp-json\/wp\/v2\/posts\/28190\/revisions\/28195"}],"wp:featuredmedia":[{"embeddable":true,"href":"https:\/\/corrientesdetarde.com\/index.php\/wp-json\/wp\/v2\/media\/28194"}],"wp:attachment":[{"href":"https:\/\/corrientesdetarde.com\/index.php\/wp-json\/wp\/v2\/media?parent=28190"}],"wp:term":[{"taxonomy":"category","embeddable":true,"href":"https:\/\/corrientesdetarde.com\/index.php\/wp-json\/wp\/v2\/categories?post=28190"},{"taxonomy":"post_tag","embeddable":true,"href":"https:\/\/corrientesdetarde.com\/index.php\/wp-json\/wp\/v2\/tags?post=28190"}],"curies":[{"name":"wp","href":"https:\/\/api.w.org\/{rel}","templated":true}]}}