{"id":28301,"date":"2022-12-19T09:42:31","date_gmt":"2022-12-19T12:42:31","guid":{"rendered":"https:\/\/corrientesdetarde.com\/?p=28301"},"modified":"2022-12-19T09:42:34","modified_gmt":"2022-12-19T12:42:34","slug":"corrientes-hacia-piruetas-con-su-moto-y-termino-detenido","status":"publish","type":"post","link":"https:\/\/corrientesdetarde.com\/index.php\/crimen-y-justicia\/corrientes-hacia-piruetas-con-su-moto-y-termino-detenido\/","title":{"rendered":"Corrientes: hac\u00eda piruetas con su moto y termin\u00f3 detenidO"},"content":{"rendered":"\n<p>La Polic\u00eda, demor\u00f3 a un hombre por estar efectuando maniobras peligrosas con una motocicleta. El rodado fue secuestrado.<\/p>\n\n\n\n<p>En horas de la noche de este domingo 18, Efectivos Policiales del Destacamento San Marcos, en circunstancias en que se hallaban efectuando sus labores espec\u00edficas de prevenci\u00f3n, tomaron conocimiento a trav\u00e9s del sistema integral de seguridad (S.I.S.) 911 que, en inmediaciones de la Avenida Maip\u00fa y calle Canada, una persona a bordo de una motocicleta-Appia, de 110 cc.-; estar\u00eda realizando maniobras peligrosas, poniendo en riesgo su vida y la de terceros.<\/p>\n\n\n\n<p>Por tal motivo y a modo de prevenci\u00f3n, r\u00e1pidamente los Polic\u00edas se constituyeron en el lugar, donde procedieron a la demora de esta persona, quien se encontraba en aparente estado de ebriedad, trat\u00e1ndose de un hombre de 30 a\u00f1os de edad, procedi\u00e9ndose adem\u00e1s al secuestro de la motocicleta en la cual se desplazaba.<\/p>\n\n\n\n<p>El demorado y el rodado secuestrado, fue trasladado a la Comisaria S\u00e9ptima Urbana, donde por razones de jurisdicci\u00f3n-; se prosiguen con las diligencias y tr\u00e1mites del caso.<\/p>\n","protected":false},"excerpt":{"rendered":"<p>La Polic\u00eda, demor\u00f3 a un hombre por estar efectuando maniobras peligrosas con una motocicleta. El rodado fue secuestrado. En horas de la noche de este domingo 18, Efectivos Policiales del&hellip; <\/p>\n","protected":false},"author":4,"featured_media":28331,"comment_status":"closed","ping_status":"open","sticky":false,"template":"","format":"standard","meta":{"footnotes":""},"categories":[5],"tags":[],"class_list":["post-28301","post","type-post","status-publish","format-standard","has-post-thumbnail","hentry","category-crimen-y-justicia"],"_links":{"self":[{"href":"https:\/\/corrientesdetarde.com\/index.php\/wp-json\/wp\/v2\/posts\/28301","targetHints":{"allow":["GET"]}}],"collection":[{"href":"https:\/\/corrientesdetarde.com\/index.php\/wp-json\/wp\/v2\/posts"}],"about":[{"href":"https:\/\/corrientesdetarde.com\/index.php\/wp-json\/wp\/v2\/types\/post"}],"author":[{"embeddable":true,"href":"https:\/\/corrientesdetarde.com\/index.php\/wp-json\/wp\/v2\/users\/4"}],"replies":[{"embeddable":true,"href":"https:\/\/corrientesdetarde.com\/index.php\/wp-json\/wp\/v2\/comments?post=28301"}],"version-history":[{"count":1,"href":"https:\/\/corrientesdetarde.com\/index.php\/wp-json\/wp\/v2\/posts\/28301\/revisions"}],"predecessor-version":[{"id":28332,"href":"https:\/\/corrientesdetarde.com\/index.php\/wp-json\/wp\/v2\/posts\/28301\/revisions\/28332"}],"wp:featuredmedia":[{"embeddable":true,"href":"https:\/\/corrientesdetarde.com\/index.php\/wp-json\/wp\/v2\/media\/28331"}],"wp:attachment":[{"href":"https:\/\/corrientesdetarde.com\/index.php\/wp-json\/wp\/v2\/media?parent=28301"}],"wp:term":[{"taxonomy":"category","embeddable":true,"href":"https:\/\/corrientesdetarde.com\/index.php\/wp-json\/wp\/v2\/categories?post=28301"},{"taxonomy":"post_tag","embeddable":true,"href":"https:\/\/corrientesdetarde.com\/index.php\/wp-json\/wp\/v2\/tags?post=28301"}],"curies":[{"name":"wp","href":"https:\/\/api.w.org\/{rel}","templated":true}]}}