{"id":28330,"date":"2022-12-19T10:54:26","date_gmt":"2022-12-19T13:54:26","guid":{"rendered":"https:\/\/corrientesdetarde.com\/?p=28330"},"modified":"2022-12-19T10:54:31","modified_gmt":"2022-12-19T13:54:31","slug":"mas-de-22-clubes-barriales-asistierondurante-el-ano-al-dtc-del-independencia","status":"publish","type":"post","link":"https:\/\/corrientesdetarde.com\/index.php\/sociales\/mas-de-22-clubes-barriales-asistierondurante-el-ano-al-dtc-del-independencia\/","title":{"rendered":"M\u00e1s de 22 clubes barriales asistierondurante el a\u00f1o al DTC del IndependenciA"},"content":{"rendered":"\n<p><em>Se realiz\u00f3 el cierre del a\u00f1o del Dispositivo Territorial Comunitario (DTC) del barrio Independencia. El mismo, solo en el gimnasio, logr\u00f3 tener una asistencia de m\u00e1s de 200 chicos durante todo el a\u00f1o. Familias enteras participaron de las propuestas realizadas por los profesionales que desempe\u00f1an su labor all\u00ed y, adem\u00e1s, clubes barriales de toda la capital se acercaron a realizar actividades deportivas y l\u00fadicas.<\/em><\/p>\n\n\n\n<figure class=\"wp-block-embed is-type-video is-provider-youtube wp-block-embed-youtube wp-embed-aspect-16-9 wp-has-aspect-ratio\"><div class=\"wp-block-embed__wrapper\">\n<iframe loading=\"lazy\" title=\"Finalizaci\u00f3n del a\u00f1o en el DTC del Barrio Independecia\" width=\"1110\" height=\"624\" src=\"https:\/\/www.youtube.com\/embed\/9sn1UnyrGew?feature=oembed\" frameborder=\"0\" allow=\"accelerometer; autoplay; clipboard-write; encrypted-media; gyroscope; picture-in-picture\" allowfullscreen><\/iframe>\n<\/div><\/figure>\n\n\n\n<p><br>El Dispositivo Territorial Comunitario (DTC) del barrio Independencia, dependiente de la Municipalidad de Corrientes, abarca a m\u00e1s de cinco barrios con actividades deportivas y l\u00fadicas para j\u00f3venes de distintas edades.<br><br>El DTC es un dispositivo que, bajo los lineamientos de la Ley de Salud Mental, ofrece un abordaje integral e interdisciplinario sobre las problem\u00e1ticas de consumo. Brinda un espacio terapeutico seguro y libre de prejuicios, para personas que se presentan voluntariamente con estas problem\u00e1ticas.<\/p>\n\n\n\n<figure class=\"wp-block-image size-large\"><img loading=\"lazy\" decoding=\"async\" width=\"1024\" height=\"651\" src=\"https:\/\/corrientesdetarde.com\/wp-content\/uploads\/2022\/12\/Captura-de-pantalla-2022-12-19-105040-1024x651.png\" alt=\"\" class=\"wp-image-28355\" srcset=\"https:\/\/corrientesdetarde.com\/wp-content\/uploads\/2022\/12\/Captura-de-pantalla-2022-12-19-105040-1024x651.png 1024w, https:\/\/corrientesdetarde.com\/wp-content\/uploads\/2022\/12\/Captura-de-pantalla-2022-12-19-105040-300x191.png 300w, https:\/\/corrientesdetarde.com\/wp-content\/uploads\/2022\/12\/Captura-de-pantalla-2022-12-19-105040-768x488.png 768w, https:\/\/corrientesdetarde.com\/wp-content\/uploads\/2022\/12\/Captura-de-pantalla-2022-12-19-105040.png 1263w\" sizes=\"auto, (max-width: 1024px) 100vw, 1024px\" \/><\/figure>\n\n\n\n<p><br><br>Por otro lado, el dispositivo funciona como una salida alternativa en procesos penales en articulaci\u00f3n con juzgados para la realizaci\u00f3n de tratamientos de deshabituaci\u00f3n de consumo y espacios de escucha, que son voluntarios.<br><br>Es, ante todo esto, un espacio multidisciplinario donde las distintas comunidades pueden confluir para trabajar de diferentes formas y con ayuda profesional y, por sobretodo, ser contenidos.<br><br>Tambi\u00e9n se habilit\u00f3 un gimnasio que es altamente concurrido, donde se brindan clases de zumba, aerobox, boxeo, kickboxing y funcional, mediante un trabajo conjunto con la secretar\u00eda de Turismo y Deportes. Adem\u00e1s, en el predio se dan clases de b\u00e1squet y f\u00fatbol. El horario de estas actividades deportivas es de lunes a viernes, de 8 a 18.<br><br>M\u00c1S ABARCATIVO<br>El secretario de Salud de la Municipalidad, Rafael Corona, destac\u00f3 que el trabajo con diferentes instituciones no gubernamentales y del medio, as\u00ed como tambi\u00e9n con clubes barriales, a trav\u00e9s de operativos sanitarios, hizo que se pueda incluir a otras poblaciones al DTC \u00a0para hacerlo m\u00e1s abarcativo.<br><br>Al mismo tiempo reflexion\u00f3: \u201cNosotros empezamos nuestras tareas desde aqu\u00ed desde el barrio Independencia y desde all\u00ed fuimos extendi\u00e9ndonos al barrio 17 de Agosto, al Pirayu\u00ed, al Villa Garc\u00eda, al Villa Chiquita, y tenemos pensado en nuestro cronograma para el futuro a\u00f1o poder trabajar con otros clubes barriales as\u00ed como tambi\u00e9n sumar a otras instituciones no gubernamentales\u201d.<br><br>Por su parte, la subsecretaria de Discapacidad e Inclusi\u00f3n Social, Andrea G\u00f3mez agreg\u00f3: \u201c Hoy los vecinos cuentan con una demostraci\u00f3n de lo que d\u00eda a d\u00eda realizamos, todas las actividades del \u00e1rea de comunidad con los m\u00e1s chiquitos: desde sala blanda, kids \u00a0uno y \u00a0dos, como tambi\u00e9n todo el trabajo realizado con los adolescentes con la Secretar\u00eda de Empleo, \u00a0el \u00e1rea de Deportes que verdaderamente es uno de los que m\u00e1s concurrencia tiene y por supuesto con las actividades de territorio que hemos realizado durante todo el a\u00f1o\u201d.<\/p>\n\n\n\n<figure class=\"wp-block-image size-full\"><img loading=\"lazy\" decoding=\"async\" width=\"614\" height=\"905\" src=\"https:\/\/corrientesdetarde.com\/wp-content\/uploads\/2022\/12\/Captura-de-pantalla-2022-12-19-105021.png\" alt=\"\" class=\"wp-image-28354\" srcset=\"https:\/\/corrientesdetarde.com\/wp-content\/uploads\/2022\/12\/Captura-de-pantalla-2022-12-19-105021.png 614w, https:\/\/corrientesdetarde.com\/wp-content\/uploads\/2022\/12\/Captura-de-pantalla-2022-12-19-105021-204x300.png 204w\" sizes=\"auto, (max-width: 614px) 100vw, 614px\" \/><\/figure>\n\n\n\n<p><br><br>Al realizar un \u00a0balance sobre el desarrollo del Dispositivo en este 2022, la funcionaria expres\u00f3: \u201cEn comunidad hemos crecido much\u00edsimo en todo lo que son las capacitaciones de empleo, la concurrencia y apropiaci\u00f3n de los vecinos a este DTC, que est\u00e1 verdaderamente destinado a ellos, las m\u00e1s de 200 personas que participan en las actividades del gimnasio, los m\u00e1s de 22 clubes de diferentes barrios que trabajan por y para la inclusi\u00f3n y en la prevenci\u00f3n del consumo problem\u00e1tico, poder reunirlos y poder haber trabajado en conjunto ac\u00e1, \u00a0habla de un balance muy activo y positivo\u201d.<\/p>\n","protected":false},"excerpt":{"rendered":"<p>Se realiz\u00f3 el cierre del a\u00f1o del Dispositivo Territorial Comunitario (DTC) del barrio Independencia. El mismo, solo en el gimnasio, logr\u00f3 tener una asistencia de m\u00e1s de 200 chicos durante&hellip; <\/p>\n","protected":false},"author":4,"featured_media":28353,"comment_status":"closed","ping_status":"open","sticky":false,"template":"","format":"standard","meta":{"footnotes":""},"categories":[17],"tags":[],"class_list":["post-28330","post","type-post","status-publish","format-standard","has-post-thumbnail","hentry","category-sociales"],"_links":{"self":[{"href":"https:\/\/corrientesdetarde.com\/index.php\/wp-json\/wp\/v2\/posts\/28330","targetHints":{"allow":["GET"]}}],"collection":[{"href":"https:\/\/corrientesdetarde.com\/index.php\/wp-json\/wp\/v2\/posts"}],"about":[{"href":"https:\/\/corrientesdetarde.com\/index.php\/wp-json\/wp\/v2\/types\/post"}],"author":[{"embeddable":true,"href":"https:\/\/corrientesdetarde.com\/index.php\/wp-json\/wp\/v2\/users\/4"}],"replies":[{"embeddable":true,"href":"https:\/\/corrientesdetarde.com\/index.php\/wp-json\/wp\/v2\/comments?post=28330"}],"version-history":[{"count":1,"href":"https:\/\/corrientesdetarde.com\/index.php\/wp-json\/wp\/v2\/posts\/28330\/revisions"}],"predecessor-version":[{"id":28356,"href":"https:\/\/corrientesdetarde.com\/index.php\/wp-json\/wp\/v2\/posts\/28330\/revisions\/28356"}],"wp:featuredmedia":[{"embeddable":true,"href":"https:\/\/corrientesdetarde.com\/index.php\/wp-json\/wp\/v2\/media\/28353"}],"wp:attachment":[{"href":"https:\/\/corrientesdetarde.com\/index.php\/wp-json\/wp\/v2\/media?parent=28330"}],"wp:term":[{"taxonomy":"category","embeddable":true,"href":"https:\/\/corrientesdetarde.com\/index.php\/wp-json\/wp\/v2\/categories?post=28330"},{"taxonomy":"post_tag","embeddable":true,"href":"https:\/\/corrientesdetarde.com\/index.php\/wp-json\/wp\/v2\/tags?post=28330"}],"curies":[{"name":"wp","href":"https:\/\/api.w.org\/{rel}","templated":true}]}}