{"id":28341,"date":"2022-12-19T10:21:28","date_gmt":"2022-12-19T13:21:28","guid":{"rendered":"https:\/\/corrientesdetarde.com\/?p=28341"},"modified":"2022-12-19T10:21:31","modified_gmt":"2022-12-19T13:21:31","slug":"los-incendios-provocaron-graves-danos-en-localidades-del-interior-2","status":"publish","type":"post","link":"https:\/\/corrientesdetarde.com\/index.php\/actualidad\/los-incendios-provocaron-graves-danos-en-localidades-del-interior-2\/","title":{"rendered":"Los incendios provocaron graves da\u00f1os en localidades del interior"},"content":{"rendered":"\n<p>A pesar de que los focos \u00edgneos fueron controlados, Estaci\u00f3n Torrent, Goya y la reserva Iber\u00e1 padecieron el poder de las llamas. Autoridades de Defensa Civil confirmaron que varios de los incendios fueron intencionales.<\/p>\n\n\n\n<p>Corrientes viene teniendo d\u00edas muy complicados en lo que respecta a focos \u00edgneos en diferentes partes de nuestro territorio provincial. Desde hace varias jornadas se multiplican diferentes incendios &#8211; que ocasionan desastres ecol\u00f3gicos y p\u00e9rdidas millonarias cuando se tratan de empresas forestales- que se propagan por los campos.<\/p>\n\n\n\n<p>&nbsp;Uno de esos siniestros se produjo en la jornada de ayer en Estaci\u00f3n Torrent, distante a unos 35 kil\u00f3metros de Alvear. Justamente bomberos de esta \u00faltimo localidad acudieron a un llamado en el que dieron aviso de un incendio que ocurr\u00eda en el Establecimiento San Antonio.<\/p>\n\n\n\n<p>&nbsp; &nbsp;&nbsp;<br>El foco \u00edgneo se habr\u00eda originado debido a que una rama de pino, a consecuencia del viento, toc\u00f3 una l\u00ednea de energ\u00eda el\u00e9ctrica que pasa frente a la plantaci\u00f3n, lo que provoc\u00f3 una descarga dando as\u00ed origen al fuego que se declar\u00f3 r\u00e1pidamente debido a la sequ\u00eda que atraviesa.<\/p>\n\n\n\n<p>La jefa del Cuartel de Bomberos de esa localidad, Alicia Noem\u00ed Velasco, relat\u00f3 que &#8220;el fuego ya se control\u00f3 y mucho tuvo que ver la uni\u00f3n de los vecinos de Torrent, personal de Santo Tom\u00e9, avi\u00f3n hidrante, veh\u00edculos de ataque r\u00e1pido, maquinarias rurales -ayudaron para realizar cortafuegos-, personal de Gendarmer\u00eda Nacional y personal policial de la Divisi\u00f3n Polic\u00eda Rural e Islas y Ambiental Rural (PRIAR)&#8221;.<\/p>\n\n\n\n<p>Ademas, el presidente de la Comisi\u00f3n de Bomberos Alvear colabor\u00f3 a la par de todo el personal ayudando con agua para abastecer a los que se encontraban combatiendo el incendio. &#8220;Gracias a un gran trabajo coordinado se pudo sofocar el fuego&#8221;, destac\u00f3 Velasco.<\/p>\n\n\n\n<p>Sin energ\u00eda el\u00e9ctrica<br>Tambi\u00e9n el mismo Municipio de Estaci\u00f3n Torrent se qued\u00f3 sin energ\u00eda el\u00e9ctrica donde se encuentra sin servicio la l\u00ednea 7,62 kV, precisamente en la zona de la estancia San Antonio, indicaron desde la cuenta de Twitter de la Direcci\u00f3n de Energ\u00eda de Corrientes (DPEC). Fue debido al pino que se incendi\u00f3 y cay\u00f3 sobre la l\u00ednea que dej\u00f3 sin luz a las zonas aleda\u00f1as.<\/p>\n\n\n\n<p>&nbsp; &nbsp; GRANDES P\u00c9RDIDAS EN PLANTACIONES FORESTALES.<br>Goya: contuvieron incendio en forestadoras<br>Necesitaron de un avi\u00f3n hidrante y dos dotaciones de bomberos para controlar en la jornada del viernes dos incendios en Goya. Las llamas pusieron en riesgo una plantaci\u00f3n de pinos. Denunciaron que vieron a una persona iniciar el fuego desde la banquina.<\/p>\n\n\n\n<p>&#8220;El peligro de incendios es extremo en toda la provincia. Por el momento s\u00f3lo el foco \u00edgneo de Goya est\u00e1 activo&#8221;, dijo Bruno Lovinson, subdirector de Defensa Civil. Las llamas se iniciaron cerca de la banquina de la Ruta Provincial 12, en el paraje Puente San Juan de la cuarta secci\u00f3n rural de Goya.<\/p>\n\n\n\n<p>Desde el viernes al mediod\u00eda hubo personal trabajando en el lugar. A las 20 se logr\u00f3 controlar el incendio.<\/p>\n\n\n\n<p>Los due\u00f1os de los campos hicieron una guardia y los bomberos estaban atentos a cualquier situaci\u00f3n.<\/p>\n\n\n\n<p>Las autoridades se\u00f1alaron que tienen denuncias de que los vecinos vieron a un hombre en una camioneta roja iniciar el fuego en la banquina.<\/p>\n\n\n\n<p>El incendio se produjo en la forestal Santa Teresita. La DPEC cambi\u00f3 postes que fueron consumidos por las llamas.<\/p>\n\n\n\n<p>Las llamas arrasaron 600 hect\u00e1reas en la reserva Iber\u00e1<br>&nbsp; &nbsp;&nbsp;<br>Los da\u00f1os ecol\u00f3gicos suceden debido a la poca cantidad de agua ca\u00edda en toda la provincia de Corrientes.<\/p>\n\n\n\n<p>En esta ocasi\u00f3n, el fuego afect\u00f3 a 600 hect\u00e1reas de la reserva Iber\u00e1 en zona de Carlos Pellegrini. Los bomberos de la regi\u00f3n llevaban m\u00e1s de 24 horas trabajando para intentar controlar el importante frente de las llamas. El fuego tambi\u00e9n arras\u00f3 con los cables del tendido el\u00e9ctrico, por lo que operarios de la Direcci\u00f3n de Energ\u00eda de Corrientes se avocaban a la restituci\u00f3n del servicio.<\/p>\n\n\n\n<p>&#8220;Desde el viernes, efectivos policiales de la Direcci\u00f3n General de Lucha contra el Fuego se encuentran trabajando en zona de las reservas del Iber\u00e1 de Carlos Pellegrini en virtud a un foco \u00edgneo de tipo declarado que habr\u00eda ya afectado a m\u00e1s de 600 hect\u00e1reas, pero ya estar\u00eda controlado&#8221;, informaron.<\/p>\n\n\n\n<p>Acudieron al lugar del siniestro personal de la Brigada Forestal de dicha Direcci\u00f3n General, a cargo de su propio titular el comisario general F\u00e9lix Cemborain, juntamente con once brigadistas forestales y otras unidades de bomberos de la zona y polic\u00edas locales.<\/p>\n\n\n\n<p>El foco \u00edgneo arras\u00f3 con unas 450 hect\u00e1reas de pino y 170 hect\u00e1reas de campo.<\/p>\n\n\n\n<p>El fuego fue controlado tras un intenso trabajo del cuerpo de bomberos, pero ahora quedaban las labores de enfriamiento.<\/p>\n\n\n\n<p>Cabe recordar a la poblaci\u00f3n que rige actualmente la prohibici\u00f3n sobre este tipo de acciones y solicitan tomar las medidas y recaudos necesarios a fin de evitar este tipo de estragos.<\/p>\n","protected":false},"excerpt":{"rendered":"<p>A pesar de que los focos \u00edgneos fueron controlados, Estaci\u00f3n Torrent, Goya y la reserva Iber\u00e1 padecieron el poder de las llamas. Autoridades de Defensa Civil confirmaron que varios de&hellip; <\/p>\n","protected":false},"author":4,"featured_media":28342,"comment_status":"closed","ping_status":"open","sticky":false,"template":"","format":"standard","meta":{"footnotes":""},"categories":[23],"tags":[],"class_list":["post-28341","post","type-post","status-publish","format-standard","has-post-thumbnail","hentry","category-actualidad"],"_links":{"self":[{"href":"https:\/\/corrientesdetarde.com\/index.php\/wp-json\/wp\/v2\/posts\/28341","targetHints":{"allow":["GET"]}}],"collection":[{"href":"https:\/\/corrientesdetarde.com\/index.php\/wp-json\/wp\/v2\/posts"}],"about":[{"href":"https:\/\/corrientesdetarde.com\/index.php\/wp-json\/wp\/v2\/types\/post"}],"author":[{"embeddable":true,"href":"https:\/\/corrientesdetarde.com\/index.php\/wp-json\/wp\/v2\/users\/4"}],"replies":[{"embeddable":true,"href":"https:\/\/corrientesdetarde.com\/index.php\/wp-json\/wp\/v2\/comments?post=28341"}],"version-history":[{"count":1,"href":"https:\/\/corrientesdetarde.com\/index.php\/wp-json\/wp\/v2\/posts\/28341\/revisions"}],"predecessor-version":[{"id":28343,"href":"https:\/\/corrientesdetarde.com\/index.php\/wp-json\/wp\/v2\/posts\/28341\/revisions\/28343"}],"wp:featuredmedia":[{"embeddable":true,"href":"https:\/\/corrientesdetarde.com\/index.php\/wp-json\/wp\/v2\/media\/28342"}],"wp:attachment":[{"href":"https:\/\/corrientesdetarde.com\/index.php\/wp-json\/wp\/v2\/media?parent=28341"}],"wp:term":[{"taxonomy":"category","embeddable":true,"href":"https:\/\/corrientesdetarde.com\/index.php\/wp-json\/wp\/v2\/categories?post=28341"},{"taxonomy":"post_tag","embeddable":true,"href":"https:\/\/corrientesdetarde.com\/index.php\/wp-json\/wp\/v2\/tags?post=28341"}],"curies":[{"name":"wp","href":"https:\/\/api.w.org\/{rel}","templated":true}]}}