{"id":28357,"date":"2022-12-19T10:59:44","date_gmt":"2022-12-19T13:59:44","guid":{"rendered":"https:\/\/corrientesdetarde.com\/?p=28357"},"modified":"2022-12-19T10:59:48","modified_gmt":"2022-12-19T13:59:48","slug":"en-conferencia-de-prensa-corrientes-anticipara-su-temporada-de-verano-en-el-norte-santafesin","status":"publish","type":"post","link":"https:\/\/corrientesdetarde.com\/index.php\/cultura\/en-conferencia-de-prensa-corrientes-anticipara-su-temporada-de-verano-en-el-norte-santafesin\/","title":{"rendered":"En conferencia de prensa, Corrientes anticipar\u00e1 su temporada de verano en el norte santafesin"},"content":{"rendered":"\n<p>La oferta tur\u00edstica de temporada de verano de la provincia de Corrientes ser\u00e1 anunciada en el marco de una conferencia de prensa a llevarse a cabo este martes 20 de diciembre, a las 10 horas en la Casa del Bicentenario de la ciudad de Reconquista, Santa Fe.<\/p>\n\n\n\n<p>Tal como sucediera d\u00edas atr\u00e1s en Chaco y Formosa, esta vez la delegaci\u00f3n correntina arribar\u00e1 al norte santafesino para invitar a vivir los meses de enero y febrero en la tierra del Tarag\u00fc\u00ed. Dada la proximidad y un fuerte v\u00ednculo desde el punto de vista cultural, como tambi\u00e9n el trabajo articulado entre las provincias del Litoral, la promoci\u00f3n en dicho lugar responde a estrategias establecidas desde el Ministerio de Turismo, ya que gran parte de los visitantes que nos eligen a lo largo del a\u00f1o provienen de esta regi\u00f3n.<\/p>\n\n\n\n<p>El lanzamiento de temporada se har\u00e1 ante los medios de comunicaci\u00f3n con referentes de la cartera tur\u00edstica de Corrientes, en la oportunidad asistir\u00e1 el subsecretario de Turismo Carlos Gatti, adem\u00e1s de funcionarios de municipios invitados; mientras que luego del cierre, y a modo de anticipo, habr\u00e1 una demostraci\u00f3n de dos de los eventos emblem\u00e1ticos del verano en Corrientes como la Fiesta Nacional del Chamam\u00e9 y la Fiesta del Carnaval.<\/p>\n","protected":false},"excerpt":{"rendered":"<p>La oferta tur\u00edstica de temporada de verano de la provincia de Corrientes ser\u00e1 anunciada en el marco de una conferencia de prensa a llevarse a cabo este martes 20 de&hellip; <\/p>\n","protected":false},"author":4,"featured_media":28358,"comment_status":"closed","ping_status":"open","sticky":false,"template":"","format":"standard","meta":{"footnotes":""},"categories":[15],"tags":[],"class_list":["post-28357","post","type-post","status-publish","format-standard","has-post-thumbnail","hentry","category-cultura"],"_links":{"self":[{"href":"https:\/\/corrientesdetarde.com\/index.php\/wp-json\/wp\/v2\/posts\/28357","targetHints":{"allow":["GET"]}}],"collection":[{"href":"https:\/\/corrientesdetarde.com\/index.php\/wp-json\/wp\/v2\/posts"}],"about":[{"href":"https:\/\/corrientesdetarde.com\/index.php\/wp-json\/wp\/v2\/types\/post"}],"author":[{"embeddable":true,"href":"https:\/\/corrientesdetarde.com\/index.php\/wp-json\/wp\/v2\/users\/4"}],"replies":[{"embeddable":true,"href":"https:\/\/corrientesdetarde.com\/index.php\/wp-json\/wp\/v2\/comments?post=28357"}],"version-history":[{"count":1,"href":"https:\/\/corrientesdetarde.com\/index.php\/wp-json\/wp\/v2\/posts\/28357\/revisions"}],"predecessor-version":[{"id":28359,"href":"https:\/\/corrientesdetarde.com\/index.php\/wp-json\/wp\/v2\/posts\/28357\/revisions\/28359"}],"wp:featuredmedia":[{"embeddable":true,"href":"https:\/\/corrientesdetarde.com\/index.php\/wp-json\/wp\/v2\/media\/28358"}],"wp:attachment":[{"href":"https:\/\/corrientesdetarde.com\/index.php\/wp-json\/wp\/v2\/media?parent=28357"}],"wp:term":[{"taxonomy":"category","embeddable":true,"href":"https:\/\/corrientesdetarde.com\/index.php\/wp-json\/wp\/v2\/categories?post=28357"},{"taxonomy":"post_tag","embeddable":true,"href":"https:\/\/corrientesdetarde.com\/index.php\/wp-json\/wp\/v2\/tags?post=28357"}],"curies":[{"name":"wp","href":"https:\/\/api.w.org\/{rel}","templated":true}]}}