{"id":28391,"date":"2022-12-19T15:01:43","date_gmt":"2022-12-19T18:01:43","guid":{"rendered":"https:\/\/corrientesdetarde.com\/?p=28391"},"modified":"2022-12-19T15:01:45","modified_gmt":"2022-12-19T18:01:45","slug":"la-muni-con-vos-recorrio-10-barrios-con-propuestas-culturales-ferias-y-servicios","status":"publish","type":"post","link":"https:\/\/corrientesdetarde.com\/index.php\/cultura\/la-muni-con-vos-recorrio-10-barrios-con-propuestas-culturales-ferias-y-servicios\/","title":{"rendered":"\u201cLa Muni con Vos\u201d recorri\u00f3 10 barrios con propuestas culturales, ferias y servicios"},"content":{"rendered":"\n<p><em>El programa abarc\u00f3 una importante cantidad de zonas de la ciudad en este 2022, con la presencia de emprendedores de cada lugar, y de todas las secretarias de la Municipalidad. Ante la masiva convocatoria, se tiene previsto el a\u00f1o que viene, visitar un barrio cada 15 d\u00edas.<\/em><br>&nbsp;<\/p>\n\n\n\n<p>Con masiva asistencia \u201cLa Muni con Vos\u201d llev\u00f3 adelante la propuesta: \u201cAnticipando la Navidad\u201d, en la plaza del Mercosur del barrio 17 de Agosto (Mil\u00e1n entre Lavalle y Ruta 12).<br><br>En cada una de las visitas a los barrios se presentan grupos musicales, emprendedores de la zona pero tambi\u00e9n los vecinos pueden acceder a servicios y prestaciones municipales, como ser controles de salud y nutrici\u00f3n de ni\u00f1os, al igual que asesoramiento sobre mediaci\u00f3n, discapacidad, educaci\u00f3n vial, entre otras, siempre de manera totalmente gratuita.<br><br>La coordinadora de Pol\u00edticas Blandas de la secretar\u00eda de Coordinaci\u00f3n Territorial de la Municipalidad, Claudia G\u00f3mez, explic\u00f3 que desde el inicio del programa se vienen llevando a cabo diferentes eventos tem\u00e1ticos, todos los meses en distintas zonas de la ciudad.<br><br>\u201cAs\u00ed realizamos en honor a la mujer, los eventos por el D\u00eda de la Mujer, como tambi\u00e9n por el Mes del Ni\u00f1o, el Mes de la Madre, del padre. Vamos a distintos barrios pero no solamente llegamos a ese lugar donde llevamos el evento, sino tambi\u00e9n a los barrios aleda\u00f1os\u201d, destac\u00f3.<br><br>Asimismo reconoci\u00f3 el trabajo que se realiza con los emprendedores que radican en cada barrio visitado. \u201cEstamos trabajando mucho, codo a codo, tambi\u00e9n con los emprendedores barriales para que ellos en cada zona donde vamos tengan posibilidad de exponer sus productos y vender o hacerse conocer, entonces la gente que vive en el barrio tiene esa accesibilidad, la de poder comprar en su zona a personas de su zona\u201d.<br><br>Vale destacar que con cada llegada a cada barrio se abarca adem\u00e1s, a cinco o seis barrios de la zona, donde se pone a disposici\u00f3n del vecino todas las actividades de las dem\u00e1s secretar\u00edas de la Municipalidad; entonces se llevan eventos deportivos, culturales, atenci\u00f3n sanitaria, entre otros.<br><br>\u201cEste a\u00f1o recorrimos 10 barrios, con un evento mensual en cada uno, pero tenemos previsto para el a\u00f1o entrante, a partir de marzo, hacer una visita barrial cada 15 d\u00edas, en respuesta a la demanda de los vecinos\u201d, adelant\u00f3 G\u00f3mez.<br><br>AMPLIA CONVOCATORIA DE VECINOS<br><br>Los vecinos desde distintos barrios, muchos en familia, se acercaron el sabado a la plaza del Mercosur, del barrio 17 de Agosto, a disfrutar de la participaci\u00f3n de diferentes grupos musicales como: Los Inocentes, Itatigua Rock y grupos chamameceros.<br><br>Adem\u00e1s, se present\u00f3 la obra de teatro &#8220;Pesebre viviente\u201d de la asociaci\u00f3n Divino Ni\u00f1o Jes\u00fas y cerr\u00f3 la banda de m\u00fasica de la Polic\u00eda de Corrientes. Hubo tambi\u00e9n feria y exposici\u00f3n de emprendedores barriales, premios y asistencia de distintas prestaciones y servicios municipales.<br><br>Mar\u00eda Esther Molina se acerc\u00f3 a mirar el espect\u00e1culo con mis hijos. \u201cEste tipo de eventos me parece buen\u00edsimo. Ojal\u00e1 que se haga m\u00e1s seguido\u201d, asever\u00f3.<br><br>En tanto que Alejandra reconoci\u00f3 que pas\u00f3 por la zona y se qued\u00f3 a recrearse. De paso compr\u00f3 un arbolito y un pan dulce para probar. \u00a0\u201cEsto est\u00e1 bueno porque no hay cosas as\u00ed para juntarse en familia\u201d, expres\u00f3.<br><br><a href=\"https:\/\/ciudaddecorrientes.us17.list-manage.com\/track\/click?u=18ec154282a0ecffdb669586d&amp;id=6e31317401&amp;e=8576ec4bdd\" target=\"_blank\" rel=\"noreferrer noopener\">NOTA TV.<\/a><br>Claudia G\u00f3mez, coordinadora de Pol\u00edticas Blandas de la secretar\u00eda de Coordinaci\u00f3n Territorial de la Municipalidad;\u00a0Mar\u00eda,\u00a0vecina; Alejandra, vecina.<\/p>\n\n\n\n<figure class=\"wp-block-image size-large\"><img loading=\"lazy\" decoding=\"async\" width=\"1024\" height=\"683\" src=\"https:\/\/corrientesdetarde.com\/wp-content\/uploads\/2022\/12\/image-198-1024x683.png\" alt=\"\" class=\"wp-image-28392\" srcset=\"https:\/\/corrientesdetarde.com\/wp-content\/uploads\/2022\/12\/image-198-1024x683.png 1024w, https:\/\/corrientesdetarde.com\/wp-content\/uploads\/2022\/12\/image-198-300x200.png 300w, https:\/\/corrientesdetarde.com\/wp-content\/uploads\/2022\/12\/image-198-768x512.png 768w, https:\/\/corrientesdetarde.com\/wp-content\/uploads\/2022\/12\/image-198-1536x1024.png 1536w, https:\/\/corrientesdetarde.com\/wp-content\/uploads\/2022\/12\/image-198-272x182.png 272w, https:\/\/corrientesdetarde.com\/wp-content\/uploads\/2022\/12\/image-198.png 1599w\" sizes=\"auto, (max-width: 1024px) 100vw, 1024px\" \/><\/figure>\n\n\n\n<figure class=\"wp-block-image size-large\"><img loading=\"lazy\" decoding=\"async\" width=\"1024\" height=\"683\" src=\"https:\/\/corrientesdetarde.com\/wp-content\/uploads\/2022\/12\/image-199-1024x683.png\" alt=\"\" class=\"wp-image-28393\" srcset=\"https:\/\/corrientesdetarde.com\/wp-content\/uploads\/2022\/12\/image-199-1024x683.png 1024w, https:\/\/corrientesdetarde.com\/wp-content\/uploads\/2022\/12\/image-199-300x200.png 300w, https:\/\/corrientesdetarde.com\/wp-content\/uploads\/2022\/12\/image-199-768x512.png 768w, https:\/\/corrientesdetarde.com\/wp-content\/uploads\/2022\/12\/image-199-1536x1024.png 1536w, https:\/\/corrientesdetarde.com\/wp-content\/uploads\/2022\/12\/image-199-272x182.png 272w, https:\/\/corrientesdetarde.com\/wp-content\/uploads\/2022\/12\/image-199.png 1599w\" sizes=\"auto, (max-width: 1024px) 100vw, 1024px\" \/><\/figure>\n\n\n\n<figure class=\"wp-block-image size-large\"><img loading=\"lazy\" decoding=\"async\" width=\"1024\" height=\"683\" src=\"https:\/\/corrientesdetarde.com\/wp-content\/uploads\/2022\/12\/image-200-1024x683.png\" alt=\"\" class=\"wp-image-28394\" srcset=\"https:\/\/corrientesdetarde.com\/wp-content\/uploads\/2022\/12\/image-200-1024x683.png 1024w, https:\/\/corrientesdetarde.com\/wp-content\/uploads\/2022\/12\/image-200-300x200.png 300w, https:\/\/corrientesdetarde.com\/wp-content\/uploads\/2022\/12\/image-200-768x512.png 768w, https:\/\/corrientesdetarde.com\/wp-content\/uploads\/2022\/12\/image-200-1536x1024.png 1536w, https:\/\/corrientesdetarde.com\/wp-content\/uploads\/2022\/12\/image-200-272x182.png 272w, https:\/\/corrientesdetarde.com\/wp-content\/uploads\/2022\/12\/image-200.png 1599w\" sizes=\"auto, (max-width: 1024px) 100vw, 1024px\" \/><\/figure>\n\n\n\n<figure class=\"wp-block-image size-large\"><img loading=\"lazy\" decoding=\"async\" width=\"1024\" height=\"683\" src=\"https:\/\/corrientesdetarde.com\/wp-content\/uploads\/2022\/12\/image-201-1024x683.png\" alt=\"\" class=\"wp-image-28395\" srcset=\"https:\/\/corrientesdetarde.com\/wp-content\/uploads\/2022\/12\/image-201-1024x683.png 1024w, https:\/\/corrientesdetarde.com\/wp-content\/uploads\/2022\/12\/image-201-300x200.png 300w, https:\/\/corrientesdetarde.com\/wp-content\/uploads\/2022\/12\/image-201-768x512.png 768w, https:\/\/corrientesdetarde.com\/wp-content\/uploads\/2022\/12\/image-201-1536x1024.png 1536w, https:\/\/corrientesdetarde.com\/wp-content\/uploads\/2022\/12\/image-201-272x182.png 272w, https:\/\/corrientesdetarde.com\/wp-content\/uploads\/2022\/12\/image-201.png 1599w\" sizes=\"auto, (max-width: 1024px) 100vw, 1024px\" \/><\/figure>\n","protected":false},"excerpt":{"rendered":"<p>El programa abarc\u00f3 una importante cantidad de zonas de la ciudad en este 2022, con la presencia de emprendedores de cada lugar, y de todas las secretarias de la Municipalidad.&hellip; <\/p>\n","protected":false},"author":8,"featured_media":28399,"comment_status":"closed","ping_status":"open","sticky":false,"template":"","format":"standard","meta":{"footnotes":""},"categories":[15],"tags":[],"class_list":["post-28391","post","type-post","status-publish","format-standard","has-post-thumbnail","hentry","category-cultura"],"_links":{"self":[{"href":"https:\/\/corrientesdetarde.com\/index.php\/wp-json\/wp\/v2\/posts\/28391","targetHints":{"allow":["GET"]}}],"collection":[{"href":"https:\/\/corrientesdetarde.com\/index.php\/wp-json\/wp\/v2\/posts"}],"about":[{"href":"https:\/\/corrientesdetarde.com\/index.php\/wp-json\/wp\/v2\/types\/post"}],"author":[{"embeddable":true,"href":"https:\/\/corrientesdetarde.com\/index.php\/wp-json\/wp\/v2\/users\/8"}],"replies":[{"embeddable":true,"href":"https:\/\/corrientesdetarde.com\/index.php\/wp-json\/wp\/v2\/comments?post=28391"}],"version-history":[{"count":1,"href":"https:\/\/corrientesdetarde.com\/index.php\/wp-json\/wp\/v2\/posts\/28391\/revisions"}],"predecessor-version":[{"id":28401,"href":"https:\/\/corrientesdetarde.com\/index.php\/wp-json\/wp\/v2\/posts\/28391\/revisions\/28401"}],"wp:featuredmedia":[{"embeddable":true,"href":"https:\/\/corrientesdetarde.com\/index.php\/wp-json\/wp\/v2\/media\/28399"}],"wp:attachment":[{"href":"https:\/\/corrientesdetarde.com\/index.php\/wp-json\/wp\/v2\/media?parent=28391"}],"wp:term":[{"taxonomy":"category","embeddable":true,"href":"https:\/\/corrientesdetarde.com\/index.php\/wp-json\/wp\/v2\/categories?post=28391"},{"taxonomy":"post_tag","embeddable":true,"href":"https:\/\/corrientesdetarde.com\/index.php\/wp-json\/wp\/v2\/tags?post=28391"}],"curies":[{"name":"wp","href":"https:\/\/api.w.org\/{rel}","templated":true}]}}