{"id":28396,"date":"2022-12-19T15:01:09","date_gmt":"2022-12-19T18:01:09","guid":{"rendered":"https:\/\/corrientesdetarde.com\/?p=28396"},"modified":"2022-12-19T15:01:12","modified_gmt":"2022-12-19T18:01:12","slug":"en-casa-de-gobierno-perugorria-presento-sus-carnavales-2023","status":"publish","type":"post","link":"https:\/\/corrientesdetarde.com\/index.php\/cultura\/en-casa-de-gobierno-perugorria-presento-sus-carnavales-2023\/","title":{"rendered":"En Casa de Gobierno, Perugorr\u00eda present\u00f3 sus carnavales 2023"},"content":{"rendered":"\n<p>Perugorr\u00eda present\u00f3 oficialmente sus carnavales 2023 este lunes con un acto en Casa de Gobierno. El evento, apoyado por la Provincia, tendr\u00e1 tres noches: 21 y 28 de enero y 4 de febrero. Desde el municipio adem\u00e1s se prepara un paquete tur\u00edstico para quienes deciden visitar la localidad.<\/p>\n\n\n\n<p>En el acto estuvo el presidente del Instituto de Cultura, Gabriel Romero quien declar\u00f3 que \u201cCorrientes es chamam\u00e9 y carnaval en cada una de las localidades, por eso es un gusto acompa\u00f1ar este evento como Gobierno\u201d.<\/p>\n\n\n\n<p>Por su parte, el vice intendente de Perugorr\u00eda, Ubaldo Leiva cont\u00f3 que estos carnavales \u201cson los m\u00e1s divertidos y alegres de la zona, con trabajos artesanales en los que participan todas las familias\u201d.<\/p>\n\n\n\n<p>El funcionario agreg\u00f3 que, complementando la oferta tur\u00edstica, cuentan con un balneario donde los visitantes podr\u00e1n pasar una tarde de playa o acampar.<\/p>\n\n\n\n<p>La entrada del carnaval tendr\u00e1 un costo inicial de 500 pesos y los menores de 12 a\u00f1os no abonan. El lugar de la fiesta ser\u00e1 en el cors\u00f3dromo que se montar\u00e1 frente al Municipio.<\/p>\n","protected":false},"excerpt":{"rendered":"<p>Perugorr\u00eda present\u00f3 oficialmente sus carnavales 2023 este lunes con un acto en Casa de Gobierno. El evento, apoyado por la Provincia, tendr\u00e1 tres noches: 21 y 28 de enero y&hellip; <\/p>\n","protected":false},"author":1,"featured_media":28397,"comment_status":"closed","ping_status":"open","sticky":false,"template":"","format":"standard","meta":{"footnotes":""},"categories":[15],"tags":[],"class_list":["post-28396","post","type-post","status-publish","format-standard","has-post-thumbnail","hentry","category-cultura"],"_links":{"self":[{"href":"https:\/\/corrientesdetarde.com\/index.php\/wp-json\/wp\/v2\/posts\/28396","targetHints":{"allow":["GET"]}}],"collection":[{"href":"https:\/\/corrientesdetarde.com\/index.php\/wp-json\/wp\/v2\/posts"}],"about":[{"href":"https:\/\/corrientesdetarde.com\/index.php\/wp-json\/wp\/v2\/types\/post"}],"author":[{"embeddable":true,"href":"https:\/\/corrientesdetarde.com\/index.php\/wp-json\/wp\/v2\/users\/1"}],"replies":[{"embeddable":true,"href":"https:\/\/corrientesdetarde.com\/index.php\/wp-json\/wp\/v2\/comments?post=28396"}],"version-history":[{"count":1,"href":"https:\/\/corrientesdetarde.com\/index.php\/wp-json\/wp\/v2\/posts\/28396\/revisions"}],"predecessor-version":[{"id":28398,"href":"https:\/\/corrientesdetarde.com\/index.php\/wp-json\/wp\/v2\/posts\/28396\/revisions\/28398"}],"wp:featuredmedia":[{"embeddable":true,"href":"https:\/\/corrientesdetarde.com\/index.php\/wp-json\/wp\/v2\/media\/28397"}],"wp:attachment":[{"href":"https:\/\/corrientesdetarde.com\/index.php\/wp-json\/wp\/v2\/media?parent=28396"}],"wp:term":[{"taxonomy":"category","embeddable":true,"href":"https:\/\/corrientesdetarde.com\/index.php\/wp-json\/wp\/v2\/categories?post=28396"},{"taxonomy":"post_tag","embeddable":true,"href":"https:\/\/corrientesdetarde.com\/index.php\/wp-json\/wp\/v2\/tags?post=28396"}],"curies":[{"name":"wp","href":"https:\/\/api.w.org\/{rel}","templated":true}]}}