{"id":28494,"date":"2022-12-19T23:48:29","date_gmt":"2022-12-20T02:48:29","guid":{"rendered":"https:\/\/corrientesdetarde.com\/?p=28494"},"modified":"2022-12-19T23:48:33","modified_gmt":"2022-12-20T02:48:33","slug":"violento-ataque-de-un-delincuente-a-dos-mujeres-en-un-auto","status":"publish","type":"post","link":"https:\/\/corrientesdetarde.com\/index.php\/informacion-general\/violento-ataque-de-un-delincuente-a-dos-mujeres-en-un-auto\/","title":{"rendered":"Violento ataque de un delincuente a dos mujeres en un auto"},"content":{"rendered":"\n<p>&nbsp;Un delincuente solitario, que se cruz\u00f3 desde el barrio P\u00edo X, abri\u00f3 la puerta de la acompa\u00f1ante y durante casi 40 segundos, a fuerza de estirones y golpes, pretendi\u00f3 llevarse algo de valor de las v\u00edctimas. No es el primer hecho delictivo en ese lugar, que por las noches se transforma en zona roja de inseguridad para quienes circulan en sus veh\u00edculos.<\/p>\n\n\n\n<p>Fue por avenida Teniente Ib\u00e1\u00f1ez, casi calle C\u00f3rdoba, donde alrededor de las 1 de la madrugada detuvieron su autom\u00f3vil dos mujeres para hacer una compra al paso en un kiosco ubicado en el lugar. Ya hab\u00eda subido una de ellas al veh\u00edculo cuando un delincuente, que las estuvo vigilando, se cruz\u00f3 desde los pasillos del barrio P\u00edo X, vestido de bermuda de jean, un buzo que le tapaba el rostro y con una violencia descomunal abri\u00f3 la puerta del acompa\u00f1ante, se meti\u00f3 casi por completo en el interior e intent\u00f3 llevarse algunas pertenencias, en medio del forcejeo con las v\u00edctimas que se resistieron al atraco.<\/p>\n\n\n\n<figure class=\"wp-block-image\"><img decoding=\"async\" src=\"https:\/\/www.diarioepoca.com\/content\/bucket\/0\/1269670w762h753c.jpg.webp\" alt=\"\"\/><figcaption>ESCAPARON CON LA PUERTA ABIERTA DEL AUTO.<\/figcaption><\/figure>\n\n\n\n<p>Si bien el delincuente, que a\u00fan no fue detenido ni identificado, no logr\u00f3 llevarse ning\u00fan elemento del interior del veh\u00edculo, una de las mujeres habr\u00eda perdido sus anteojos de receta en el forcejeo. La denuncia habr\u00eda sido radicada en la Comisar\u00eda Tercera donde los investigadores ya trabajan sobre las im\u00e1genes del video para tratar de identificar y detener al violento delincuente. No ser\u00eda el primer ataque de esta naturaleza en esa zona. Las v\u00edctimas frecuentes son ciclistas y motociclistas que detienen su marcha y son abordados por maleantes que est\u00e1n siempre al acecho.<\/p>\n","protected":false},"excerpt":{"rendered":"<p>&nbsp;Un delincuente solitario, que se cruz\u00f3 desde el barrio P\u00edo X, abri\u00f3 la puerta de la acompa\u00f1ante y durante casi 40 segundos, a fuerza de estirones y golpes, pretendi\u00f3 llevarse&hellip; <\/p>\n","protected":false},"author":1,"featured_media":28498,"comment_status":"closed","ping_status":"open","sticky":false,"template":"","format":"standard","meta":{"footnotes":""},"categories":[1],"tags":[],"class_list":["post-28494","post","type-post","status-publish","format-standard","has-post-thumbnail","hentry","category-informacion-general"],"_links":{"self":[{"href":"https:\/\/corrientesdetarde.com\/index.php\/wp-json\/wp\/v2\/posts\/28494","targetHints":{"allow":["GET"]}}],"collection":[{"href":"https:\/\/corrientesdetarde.com\/index.php\/wp-json\/wp\/v2\/posts"}],"about":[{"href":"https:\/\/corrientesdetarde.com\/index.php\/wp-json\/wp\/v2\/types\/post"}],"author":[{"embeddable":true,"href":"https:\/\/corrientesdetarde.com\/index.php\/wp-json\/wp\/v2\/users\/1"}],"replies":[{"embeddable":true,"href":"https:\/\/corrientesdetarde.com\/index.php\/wp-json\/wp\/v2\/comments?post=28494"}],"version-history":[{"count":1,"href":"https:\/\/corrientesdetarde.com\/index.php\/wp-json\/wp\/v2\/posts\/28494\/revisions"}],"predecessor-version":[{"id":28499,"href":"https:\/\/corrientesdetarde.com\/index.php\/wp-json\/wp\/v2\/posts\/28494\/revisions\/28499"}],"wp:featuredmedia":[{"embeddable":true,"href":"https:\/\/corrientesdetarde.com\/index.php\/wp-json\/wp\/v2\/media\/28498"}],"wp:attachment":[{"href":"https:\/\/corrientesdetarde.com\/index.php\/wp-json\/wp\/v2\/media?parent=28494"}],"wp:term":[{"taxonomy":"category","embeddable":true,"href":"https:\/\/corrientesdetarde.com\/index.php\/wp-json\/wp\/v2\/categories?post=28494"},{"taxonomy":"post_tag","embeddable":true,"href":"https:\/\/corrientesdetarde.com\/index.php\/wp-json\/wp\/v2\/tags?post=28494"}],"curies":[{"name":"wp","href":"https:\/\/api.w.org\/{rel}","templated":true}]}}