{"id":28500,"date":"2022-12-19T23:50:34","date_gmt":"2022-12-20T02:50:34","guid":{"rendered":"https:\/\/corrientesdetarde.com\/?p=28500"},"modified":"2022-12-19T23:50:38","modified_gmt":"2022-12-20T02:50:38","slug":"corrientes-no-se-adhiere-al-feriado-nacional-de-este-martes","status":"publish","type":"post","link":"https:\/\/corrientesdetarde.com\/index.php\/locales\/corrientes-no-se-adhiere-al-feriado-nacional-de-este-martes\/","title":{"rendered":"Corrientes no se adhiere al feriado nacional de este martes"},"content":{"rendered":"\n<p>El Gobierno de la provincia de Corrientes anticip\u00f3 que no se adherir\u00e1n al feriado nacional decretado para este martes 20 de diciembre por el presidente Alberto Fern\u00e1ndez, a ra\u00edz de los festejos de la Copa del Mundo obtenida por la Selecci\u00f3n Argentina en Qatar.<\/p>\n\n\n\n<p>Mendoza tambi\u00e9n expres\u00f3 su rechazo, pero dijo que por tratarse de un DNU est\u00e1 obligada a acatarlo.<\/p>\n\n\n\n<p>El presidente Alberto Fern\u00e1ndez decret\u00f3 feriado nacional para este martes a ra\u00edz de los festejos populares por el t\u00edtulo del seleccionado argentino.<\/p>\n\n\n\n<p>Pero la provincia de Corrientes no adhiere al feriado nacional. Dicho de otro modo la actividad del sector p\u00fablico se llevar\u00e1 adelante con normalidad.<\/p>\n\n\n\n<figure class=\"wp-block-embed is-type-rich is-provider-twitter wp-block-embed-twitter\"><div class=\"wp-block-embed__wrapper\">\n<blockquote class=\"twitter-tweet\" data-width=\"550\" data-dnt=\"true\"><p lang=\"es\" dir=\"ltr\">La provincia de <a href=\"https:\/\/twitter.com\/hashtag\/Corrientes?src=hash&amp;ref_src=twsrc%5Etfw\">#Corrientes<\/a> no adhiere al feriado nacional de ma\u00f1ana, martes 20 de diciembre, por lo que las actividades ser\u00e1n normales.<\/p>&mdash; Gobierno de Corrientes (@CorrientesGob) <a href=\"https:\/\/twitter.com\/CorrientesGob\/status\/1605019590211379200?ref_src=twsrc%5Etfw\">December 20, 2022<\/a><\/blockquote><script async src=\"https:\/\/platform.twitter.com\/widgets.js\" charset=\"utf-8\"><\/script>\n<\/div><\/figure>\n","protected":false},"excerpt":{"rendered":"<p>El Gobierno de la provincia de Corrientes anticip\u00f3 que no se adherir\u00e1n al feriado nacional decretado para este martes 20 de diciembre por el presidente Alberto Fern\u00e1ndez, a ra\u00edz de&hellip; <\/p>\n","protected":false},"author":1,"featured_media":28501,"comment_status":"closed","ping_status":"open","sticky":false,"template":"","format":"standard","meta":{"footnotes":""},"categories":[8],"tags":[],"class_list":["post-28500","post","type-post","status-publish","format-standard","has-post-thumbnail","hentry","category-locales"],"_links":{"self":[{"href":"https:\/\/corrientesdetarde.com\/index.php\/wp-json\/wp\/v2\/posts\/28500","targetHints":{"allow":["GET"]}}],"collection":[{"href":"https:\/\/corrientesdetarde.com\/index.php\/wp-json\/wp\/v2\/posts"}],"about":[{"href":"https:\/\/corrientesdetarde.com\/index.php\/wp-json\/wp\/v2\/types\/post"}],"author":[{"embeddable":true,"href":"https:\/\/corrientesdetarde.com\/index.php\/wp-json\/wp\/v2\/users\/1"}],"replies":[{"embeddable":true,"href":"https:\/\/corrientesdetarde.com\/index.php\/wp-json\/wp\/v2\/comments?post=28500"}],"version-history":[{"count":1,"href":"https:\/\/corrientesdetarde.com\/index.php\/wp-json\/wp\/v2\/posts\/28500\/revisions"}],"predecessor-version":[{"id":28502,"href":"https:\/\/corrientesdetarde.com\/index.php\/wp-json\/wp\/v2\/posts\/28500\/revisions\/28502"}],"wp:featuredmedia":[{"embeddable":true,"href":"https:\/\/corrientesdetarde.com\/index.php\/wp-json\/wp\/v2\/media\/28501"}],"wp:attachment":[{"href":"https:\/\/corrientesdetarde.com\/index.php\/wp-json\/wp\/v2\/media?parent=28500"}],"wp:term":[{"taxonomy":"category","embeddable":true,"href":"https:\/\/corrientesdetarde.com\/index.php\/wp-json\/wp\/v2\/categories?post=28500"},{"taxonomy":"post_tag","embeddable":true,"href":"https:\/\/corrientesdetarde.com\/index.php\/wp-json\/wp\/v2\/tags?post=28500"}],"curies":[{"name":"wp","href":"https:\/\/api.w.org\/{rel}","templated":true}]}}