{"id":28506,"date":"2022-12-20T08:28:34","date_gmt":"2022-12-20T11:28:34","guid":{"rendered":"https:\/\/corrientesdetarde.com\/?p=28506"},"modified":"2022-12-20T10:44:36","modified_gmt":"2022-12-20T13:44:36","slug":"la-legislatura-provincial-con-los-colores-de-la-bandera","status":"publish","type":"post","link":"https:\/\/corrientesdetarde.com\/index.php\/locales\/la-legislatura-provincial-con-los-colores-de-la-bandera\/","title":{"rendered":"La legislatura provincial se ilumin\u00f3 con los colores de la bandera Argentina"},"content":{"rendered":"\n<p>La fachada de la Legislatura provincial se ilumin\u00f3 con los colores de la bandera argentina, para celebrar el triunfo de la Selecci\u00f3n en el Mundial de F\u00fatbol Qatar 2022.<br>El vicegobernador, Dr. Pedro Braillard Poccard, como presidente del Senado, adhiere de esta manera a los festejos por la Copa del mundo, que se extienden del espacio institucional al espacio p\u00fablico, en di\u00e1logo con el contexto hist\u00f3rico y social.<\/p>\n","protected":false},"excerpt":{"rendered":"<p>La fachada de la Legislatura provincial se ilumin\u00f3 con los colores de la bandera argentina, para celebrar el triunfo de la Selecci\u00f3n en el Mundial de F\u00fatbol Qatar 2022.El vicegobernador,&hellip; <\/p>\n","protected":false},"author":4,"featured_media":28512,"comment_status":"closed","ping_status":"open","sticky":false,"template":"","format":"standard","meta":{"footnotes":""},"categories":[8],"tags":[],"class_list":["post-28506","post","type-post","status-publish","format-standard","has-post-thumbnail","hentry","category-locales"],"_links":{"self":[{"href":"https:\/\/corrientesdetarde.com\/index.php\/wp-json\/wp\/v2\/posts\/28506","targetHints":{"allow":["GET"]}}],"collection":[{"href":"https:\/\/corrientesdetarde.com\/index.php\/wp-json\/wp\/v2\/posts"}],"about":[{"href":"https:\/\/corrientesdetarde.com\/index.php\/wp-json\/wp\/v2\/types\/post"}],"author":[{"embeddable":true,"href":"https:\/\/corrientesdetarde.com\/index.php\/wp-json\/wp\/v2\/users\/4"}],"replies":[{"embeddable":true,"href":"https:\/\/corrientesdetarde.com\/index.php\/wp-json\/wp\/v2\/comments?post=28506"}],"version-history":[{"count":4,"href":"https:\/\/corrientesdetarde.com\/index.php\/wp-json\/wp\/v2\/posts\/28506\/revisions"}],"predecessor-version":[{"id":28614,"href":"https:\/\/corrientesdetarde.com\/index.php\/wp-json\/wp\/v2\/posts\/28506\/revisions\/28614"}],"wp:featuredmedia":[{"embeddable":true,"href":"https:\/\/corrientesdetarde.com\/index.php\/wp-json\/wp\/v2\/media\/28512"}],"wp:attachment":[{"href":"https:\/\/corrientesdetarde.com\/index.php\/wp-json\/wp\/v2\/media?parent=28506"}],"wp:term":[{"taxonomy":"category","embeddable":true,"href":"https:\/\/corrientesdetarde.com\/index.php\/wp-json\/wp\/v2\/categories?post=28506"},{"taxonomy":"post_tag","embeddable":true,"href":"https:\/\/corrientesdetarde.com\/index.php\/wp-json\/wp\/v2\/tags?post=28506"}],"curies":[{"name":"wp","href":"https:\/\/api.w.org\/{rel}","templated":true}]}}