{"id":28507,"date":"2022-12-20T08:37:20","date_gmt":"2022-12-20T11:37:20","guid":{"rendered":"https:\/\/corrientesdetarde.com\/?p=28507"},"modified":"2022-12-20T08:37:24","modified_gmt":"2022-12-20T11:37:24","slug":"choco-contra-un-auto-estacionado-y-esta-en-grave-estado","status":"publish","type":"post","link":"https:\/\/corrientesdetarde.com\/index.php\/crimen-y-justicia\/choco-contra-un-auto-estacionado-y-esta-en-grave-estado\/","title":{"rendered":"Choc\u00f3 contra un auto estacionado y est\u00e1 en grave estado"},"content":{"rendered":"\n<p>El joven motociclista de 22 a\u00f1os tuvo que ser derivado a Capital para una mejor atenci\u00f3n.\u00a0<\/p>\n\n\n\n<p>Este domingo, en caercan\u00edas a la avenida EI Libertador entre calles las Heras y Malvinas Argentina de la localidad de Yapey\u00fa, se registr\u00f3 un siniestro vial, donde por causas que se tratan de establecer, el conductor de una motocicleta colision\u00f3 con un auto que estaba estacionado.<\/p>\n\n\n\n<p>El siniestro ocurri\u00f3 cerca de las 23:30 horas y tuvo como protagonista a una motocicleta \u2013marca Rouser de 200cc- el cual era conducido por un joven de apellido Brizzi -22-, quien habr\u00eda perdido el control del rodado impactando contra un veh\u00edculo estacionado marca Ford Falc\u00f3n.<\/p>\n\n\n\n<p>A consecuencia del siniestro, el conductor del rodado fue trasladado hasta el hospital San Jos\u00e9 de la ciudad de Paso de los Libres donde, luego de ser examinado, se determin\u00f3 que el mismo pose\u00eda lesiones graves por lo que fue derivado al hospital Escuela para su mejor atenci\u00f3n.<\/p>\n","protected":false},"excerpt":{"rendered":"<p>El joven motociclista de 22 a\u00f1os tuvo que ser derivado a Capital para una mejor atenci\u00f3n.\u00a0 Este domingo, en caercan\u00edas a la avenida EI Libertador entre calles las Heras y&hellip; <\/p>\n","protected":false},"author":4,"featured_media":28515,"comment_status":"closed","ping_status":"open","sticky":false,"template":"","format":"standard","meta":{"footnotes":""},"categories":[5],"tags":[],"class_list":["post-28507","post","type-post","status-publish","format-standard","has-post-thumbnail","hentry","category-crimen-y-justicia"],"_links":{"self":[{"href":"https:\/\/corrientesdetarde.com\/index.php\/wp-json\/wp\/v2\/posts\/28507","targetHints":{"allow":["GET"]}}],"collection":[{"href":"https:\/\/corrientesdetarde.com\/index.php\/wp-json\/wp\/v2\/posts"}],"about":[{"href":"https:\/\/corrientesdetarde.com\/index.php\/wp-json\/wp\/v2\/types\/post"}],"author":[{"embeddable":true,"href":"https:\/\/corrientesdetarde.com\/index.php\/wp-json\/wp\/v2\/users\/4"}],"replies":[{"embeddable":true,"href":"https:\/\/corrientesdetarde.com\/index.php\/wp-json\/wp\/v2\/comments?post=28507"}],"version-history":[{"count":1,"href":"https:\/\/corrientesdetarde.com\/index.php\/wp-json\/wp\/v2\/posts\/28507\/revisions"}],"predecessor-version":[{"id":28516,"href":"https:\/\/corrientesdetarde.com\/index.php\/wp-json\/wp\/v2\/posts\/28507\/revisions\/28516"}],"wp:featuredmedia":[{"embeddable":true,"href":"https:\/\/corrientesdetarde.com\/index.php\/wp-json\/wp\/v2\/media\/28515"}],"wp:attachment":[{"href":"https:\/\/corrientesdetarde.com\/index.php\/wp-json\/wp\/v2\/media?parent=28507"}],"wp:term":[{"taxonomy":"category","embeddable":true,"href":"https:\/\/corrientesdetarde.com\/index.php\/wp-json\/wp\/v2\/categories?post=28507"},{"taxonomy":"post_tag","embeddable":true,"href":"https:\/\/corrientesdetarde.com\/index.php\/wp-json\/wp\/v2\/tags?post=28507"}],"curies":[{"name":"wp","href":"https:\/\/api.w.org\/{rel}","templated":true}]}}