{"id":28508,"date":"2022-12-20T08:09:36","date_gmt":"2022-12-20T11:09:36","guid":{"rendered":"https:\/\/corrientesdetarde.com\/?p=28508"},"modified":"2022-12-20T08:09:38","modified_gmt":"2022-12-20T11:09:38","slug":"como-estara-el-tiempo-en-corrientes-este-martes-20-de-diciembre","status":"publish","type":"post","link":"https:\/\/corrientesdetarde.com\/index.php\/clima\/como-estara-el-tiempo-en-corrientes-este-martes-20-de-diciembre\/","title":{"rendered":"C\u00f3mo estar\u00e1 el tiempo en Corrientes este martes 20 de diciembre"},"content":{"rendered":"\n<p>El Servicio Meteorol\u00f3gico Nacional anticip\u00f3 su previsi\u00f3n para esta jornada. Ser\u00eda similar a las anteriores.<\/p>\n\n\n\n<p>Este martes 20 de diciembre ser\u00eda una jornada calurosa en la ciudad de Corrientes. Se espera que en los pr\u00f3ximos d\u00edas contin\u00fae as\u00ed la tendencia.<\/p>\n\n\n\n<p>Para esta jornada el Servicio Meteorol\u00f3gico Nacional anticip\u00f3 una temperatura m\u00ednia de 21 grados. En tanto qeu la m\u00e1xima llegar\u00eda a los 36.<\/p>\n\n\n\n<p>El cielo permanecer\u00e1 despejado durante la ma\u00f1ana mientras que por la tarde y noche, llegar\u00edan algunas nubes.<\/p>\n\n\n\n<p>Para este mi\u00e9rcoles y jueves los topes se mantendr\u00edan arriba de los 36, acorde con la llegada del verano. Lo mismo ocurrir\u00eda jueves y viernes.<\/p>\n","protected":false},"excerpt":{"rendered":"<p>El Servicio Meteorol\u00f3gico Nacional anticip\u00f3 su previsi\u00f3n para esta jornada. Ser\u00eda similar a las anteriores. Este martes 20 de diciembre ser\u00eda una jornada calurosa en la ciudad de Corrientes. Se&hellip; <\/p>\n","protected":false},"author":4,"featured_media":28509,"comment_status":"closed","ping_status":"open","sticky":false,"template":"","format":"standard","meta":{"footnotes":""},"categories":[29],"tags":[],"class_list":["post-28508","post","type-post","status-publish","format-standard","has-post-thumbnail","hentry","category-clima"],"_links":{"self":[{"href":"https:\/\/corrientesdetarde.com\/index.php\/wp-json\/wp\/v2\/posts\/28508","targetHints":{"allow":["GET"]}}],"collection":[{"href":"https:\/\/corrientesdetarde.com\/index.php\/wp-json\/wp\/v2\/posts"}],"about":[{"href":"https:\/\/corrientesdetarde.com\/index.php\/wp-json\/wp\/v2\/types\/post"}],"author":[{"embeddable":true,"href":"https:\/\/corrientesdetarde.com\/index.php\/wp-json\/wp\/v2\/users\/4"}],"replies":[{"embeddable":true,"href":"https:\/\/corrientesdetarde.com\/index.php\/wp-json\/wp\/v2\/comments?post=28508"}],"version-history":[{"count":1,"href":"https:\/\/corrientesdetarde.com\/index.php\/wp-json\/wp\/v2\/posts\/28508\/revisions"}],"predecessor-version":[{"id":28510,"href":"https:\/\/corrientesdetarde.com\/index.php\/wp-json\/wp\/v2\/posts\/28508\/revisions\/28510"}],"wp:featuredmedia":[{"embeddable":true,"href":"https:\/\/corrientesdetarde.com\/index.php\/wp-json\/wp\/v2\/media\/28509"}],"wp:attachment":[{"href":"https:\/\/corrientesdetarde.com\/index.php\/wp-json\/wp\/v2\/media?parent=28508"}],"wp:term":[{"taxonomy":"category","embeddable":true,"href":"https:\/\/corrientesdetarde.com\/index.php\/wp-json\/wp\/v2\/categories?post=28508"},{"taxonomy":"post_tag","embeddable":true,"href":"https:\/\/corrientesdetarde.com\/index.php\/wp-json\/wp\/v2\/tags?post=28508"}],"curies":[{"name":"wp","href":"https:\/\/api.w.org\/{rel}","templated":true}]}}