{"id":28560,"date":"2022-12-20T09:31:40","date_gmt":"2022-12-20T12:31:40","guid":{"rendered":"https:\/\/corrientesdetarde.com\/?p=28560"},"modified":"2022-12-20T09:31:44","modified_gmt":"2022-12-20T12:31:44","slug":"canada-inicio-el-proceso-de-incautacion-de-bienes-de-roman-abramovich-por-26-millones-de-dolares","status":"publish","type":"post","link":"https:\/\/corrientesdetarde.com\/index.php\/internacionales\/canada-inicio-el-proceso-de-incautacion-de-bienes-de-roman-abramovich-por-26-millones-de-dolares\/","title":{"rendered":"<strong>Canad\u00e1 inici\u00f3 el proceso de incautaci\u00f3n de bienes de Roman Abramovich por 26 millones de d\u00f3lares<\/strong>"},"content":{"rendered":"\n<p>El Ministerio de Exteriores confirm\u00f3 el arranque del proceso de incautaci\u00f3n de la empresa Granite Capital Holdings, propiedad del oligarca ruso<\/p>\n\n\n\n<p>El Ministerio de Exteriores de Canad\u00e1 ha confirmado este lunes el arranque del proceso de incautaci\u00f3n de<strong>&nbsp;26 millones de d\u00f3lares<\/strong>&nbsp;de la empresa&nbsp;<strong>Granite Capital Holdings<\/strong>, propiedad del oligarca ruso<strong>&nbsp;Roman Abramovich.<\/strong><\/p>\n\n\n\n<p>Esta es la primera ocasi\u00f3n en que Ottawa hace uso de su autoridad para incautar bienes de alguna persona sancionada. Abramovich fue incluido en la<strong>&nbsp;\u2018lista negra\u2019&nbsp;<\/strong>por su afinidad al Gobierno de Vladimir Putin.<\/p>\n\n\n\n<p>La ministra de Exteriores, M\u00e9lanie Joly, deber\u00e1 presentar una solicitud judicial para proceder. En caso de que la Justicia d\u00e9 su visto bueno, el Estado canadiense podr\u00eda confiscar fondos y destinarlo al plan de reconstrucci\u00f3n de Ucrania.<\/p>\n\n\n\n<p>\u201cCanad\u00e1 es el&nbsp;<strong>primer pa\u00eds del G7 en implementar tales medidas<\/strong>, demostrando su fuerte compromiso con Ucrania, su reconstrucci\u00f3n y responsabilizando a aquellos que se beneficiaron del r\u00e9gimen del presidente Putin y lo apoyaron\u201d, ha se\u00f1alado la cartera canadiense de Exteriores en un comunicado.<\/p>\n\n\n\n<p>Por su parte, Joly ha incidido en el compromiso de Canad\u00e1 con Ucrania y ha asegurado que Ottawa evitar\u00e1 que los \u201cfacilitadores\u201d de Putin logren \u201cesconderse de las consecuencias de sus acciones\u201d. \u201cLa impunidad nunca ha sido un opci\u00f3n, Canad\u00e1 continuar\u00e1 presionando al r\u00e9gimen ruso y a aquellos que se han beneficiado de la b\u00e1rbara invasi\u00f3n de Ucrania\u201d.<\/p>\n\n\n\n<p>Desde la invasi\u00f3n rusa de Ucrania,&nbsp;<strong>Canad\u00e1 ha impuesto sanciones a m\u00e1s de 1.500 entidades y personalidades rusas, bielorrusas y ucranianas<\/strong>&nbsp;por participaci\u00f3n o facilitaci\u00f3n del conflicto en Europa del Este.<\/p>\n\n\n\n<p>Abramovich, quien al comienzo de la guerra era due\u00f1o del club de f\u00fatbol brit\u00e1nico<strong>&nbsp;Chelsea,<\/strong>&nbsp;fue incluido en la lista de sancionados no solo de Canad\u00e1, sino tambi\u00e9n de la Uni\u00f3n Europea, Reino Unido y otras potencias occidentales.<\/p>\n\n\n\n<p>De hecho, las sanciones aplicadas desde Londres hicieron que Abramovich diera un paso al lado y pusiera a la venta el club ingl\u00e9s debido a la \u201csituaci\u00f3n\u201d del momento, si bien prometi\u00f3 que no ser\u00eda un proceso \u201cacelerado\u201d.<\/p>\n\n\n\n<p>Las sanciones canadienses contra Abramovich fueron anunciadas en el mes de marzo en Varsovia por el primer ministro canadiense,&nbsp;<strong>Justin Trudeau,<\/strong>&nbsp;por ser \u201cc\u00f3mplice\u201d en la invasi\u00f3n de Ucrania.<\/p>\n\n\n\n<p>Abramovich tambi\u00e9n posee el 28% de la empresa minera y sider\u00fargica&nbsp;<strong>Evraz,<\/strong>&nbsp;con sede en el Reino Unido, que tiene operaciones en Canad\u00e1. Desde Varsovia, Trudeau justific\u00f3 las sanciones contra oligarcas como Abramovich y la empresa Evraz, que emplea a 1.700 personas en el oeste de Canad\u00e1, y se\u00f1al\u00f3 que servir\u00e1n para que \u201cno se puedan beneficiar de actividades econ\u00f3micas\u201d en el pa\u00eds norteamericano.<\/p>\n\n\n\n<p>Trudeau a\u00f1adi\u00f3 que el Gobierno canadiense \u201cvigilar\u00e1 cuidadosamente\u201d para evitar que las sanciones afecten a los trabajadores de su pa\u00eds.<\/p>\n","protected":false},"excerpt":{"rendered":"<p>El Ministerio de Exteriores confirm\u00f3 el arranque del proceso de incautaci\u00f3n de la empresa Granite Capital Holdings, propiedad del oligarca ruso El Ministerio de Exteriores de Canad\u00e1 ha confirmado este&hellip; <\/p>\n","protected":false},"author":7,"featured_media":28561,"comment_status":"closed","ping_status":"open","sticky":false,"template":"","format":"standard","meta":{"footnotes":""},"categories":[11],"tags":[],"class_list":["post-28560","post","type-post","status-publish","format-standard","has-post-thumbnail","hentry","category-internacionales"],"_links":{"self":[{"href":"https:\/\/corrientesdetarde.com\/index.php\/wp-json\/wp\/v2\/posts\/28560","targetHints":{"allow":["GET"]}}],"collection":[{"href":"https:\/\/corrientesdetarde.com\/index.php\/wp-json\/wp\/v2\/posts"}],"about":[{"href":"https:\/\/corrientesdetarde.com\/index.php\/wp-json\/wp\/v2\/types\/post"}],"author":[{"embeddable":true,"href":"https:\/\/corrientesdetarde.com\/index.php\/wp-json\/wp\/v2\/users\/7"}],"replies":[{"embeddable":true,"href":"https:\/\/corrientesdetarde.com\/index.php\/wp-json\/wp\/v2\/comments?post=28560"}],"version-history":[{"count":1,"href":"https:\/\/corrientesdetarde.com\/index.php\/wp-json\/wp\/v2\/posts\/28560\/revisions"}],"predecessor-version":[{"id":28563,"href":"https:\/\/corrientesdetarde.com\/index.php\/wp-json\/wp\/v2\/posts\/28560\/revisions\/28563"}],"wp:featuredmedia":[{"embeddable":true,"href":"https:\/\/corrientesdetarde.com\/index.php\/wp-json\/wp\/v2\/media\/28561"}],"wp:attachment":[{"href":"https:\/\/corrientesdetarde.com\/index.php\/wp-json\/wp\/v2\/media?parent=28560"}],"wp:term":[{"taxonomy":"category","embeddable":true,"href":"https:\/\/corrientesdetarde.com\/index.php\/wp-json\/wp\/v2\/categories?post=28560"},{"taxonomy":"post_tag","embeddable":true,"href":"https:\/\/corrientesdetarde.com\/index.php\/wp-json\/wp\/v2\/tags?post=28560"}],"curies":[{"name":"wp","href":"https:\/\/api.w.org\/{rel}","templated":true}]}}