{"id":28572,"date":"2022-12-20T09:39:00","date_gmt":"2022-12-20T12:39:00","guid":{"rendered":"https:\/\/corrientesdetarde.com\/?p=28572"},"modified":"2022-12-20T09:39:04","modified_gmt":"2022-12-20T12:39:04","slug":"entre-lagrimas-titi-fernandez-se-despidio-de-las-transmisiones-luego-del-triunfo-de-argentina-soy-un-tipo-feliz-gracias-messi","status":"publish","type":"post","link":"https:\/\/corrientesdetarde.com\/index.php\/espectaculos\/entre-lagrimas-titi-fernandez-se-despidio-de-las-transmisiones-luego-del-triunfo-de-argentina-soy-un-tipo-feliz-gracias-messi\/","title":{"rendered":"<strong>Entre l\u00e1grimas, Tit\u00ed Fern\u00e1ndez se despidi\u00f3 de las transmisiones luego del triunfo de Argentina: \u201c\u00a1Soy un tipo feliz, gracias Messi!\u201d<\/strong>"},"content":{"rendered":"\n<p>Conmovido como pocas veces, el periodista anunci\u00f3 que ya no har\u00e1 m\u00e1s campo de juego luego de la cobertura del Mundial de Qatar. Y record\u00f3 a su hija, que muri\u00f3 en un accidente durante la Copa del Mundo de Brasil 2014<\/p>\n\n\n\n<p>Las gradas del estadio Ic\u00f3nico de Lusail de Qatar ya estaban vac\u00edas. Rato antes, se hab\u00eda disputado la mejor final de la historia de los mundiales: aquella que consagr\u00f3 a la Selecci\u00f3n Argentina ante su par de Francia. Ya Dibu Mart\u00ednez hab\u00eda atajado un penal, ya Montiel hab\u00eda convertido el suyo. Ya&nbsp;<strong>Lionel Messi&nbsp;<\/strong>hab\u00eda levantado el trofeo por el que tanto luch\u00f3, y aquel que todo un pa\u00eds esper\u00f3 durante eternos 36 a\u00f1os&#8230; Entonces, en ese momento,&nbsp;<strong>Tit\u00ed Fern\u00e1ndez&nbsp;<\/strong>tom\u00f3 la palabra. Y el micr\u00f3fono, por \u00faltima vez.<\/p>\n\n\n\n<p>\u201cYo quiero agradecerle a la gente que pens\u00f3 que yo pod\u00eda estar ac\u00e1\u201d, comenz\u00f3 diciendo Tit\u00ed, de 71 a\u00f1os, con la mirada clavada en el c\u00e9sped. \u201cYo no me quer\u00eda ir por la ventana. Alguien me quiso sacar por la ventana y yo me quer\u00eda ir laburando. A las autoridades del canal, que pensaron que yo les pod\u00eda dar una mano, me hicieron muy feliz\u201d.<\/p>\n\n\n\n<p>Sucede que Fern\u00e1ndez fue parte de la cobertura que la TV P\u00fablica prepar\u00f3 para este&nbsp;<strong>Mundial de Qatar<\/strong>, con&nbsp;<strong>Pablo Giralt<\/strong>,&nbsp;<strong>\u00c1ngela Lerena<\/strong>,&nbsp;<strong>Mat\u00edas Martin&nbsp;<\/strong>y&nbsp;<strong>Sergio Goycochea<\/strong>, entre otros. Y entonces, al terminar la transmisi\u00f3n de este domingo, la m\u00e1s esperada, la de Argentina campe\u00f3n, anunci\u00f3 su despedida: ya no har\u00e1 m\u00e1s notas desde el campo de juego ni participar\u00e1 de transmisiones televisivas.<\/p>\n\n\n\n<p>\u201cEl f\u00fatbol me dio todo. Me sac\u00f3 una sola cosa, que yo quer\u00eda mucho&#8230; Pero el f\u00fatbol me dio mucho. Mucho. Soy un tipo feliz. Me salen las l\u00e1grimas. Soy un tipo feliz, muy feliz. \u00a1Gracias Messi! \u00a1Gracias f\u00fatbol! \u00a1Gracias a la Copa del Mundo! Me voy&#8230; nada&#8230; tengo&#8230; \u00a1Chau, gracias!\u201d. Y ya no pudo hablar m\u00e1s.<\/p>\n\n\n\n<p>La referencia ten\u00eda que ver con lo ocurrido el 2 de julio de 2014. Aquel a\u00f1o, Tit\u00ed se encontraba cubriendo el Mundial de Brasil.&nbsp;<strong>Mar\u00eda Soledad Fern\u00e1ndez<\/strong>, su hija, lo hab\u00eda acompa\u00f1ado en San Pablo, en el partido que la Selecci\u00f3n le hab\u00eda ganado a Suiza por los octavos de final. Pero al volver a Belo Horizonte, el auto en el que viajaba volc\u00f3, y cay\u00f3 por un barranco. Sole ten\u00eda 26 a\u00f1os. Pocos d\u00edas antes hab\u00eda sorprendido a su pap\u00e1, al viajar hasta Brasil para saludarlo por su cumplea\u00f1os.<\/p>\n\n\n\n<p>Due\u00f1o de una extensa trayectoria en el periodismo deportivo -siendo uno de los profesionales m\u00e1s queridos del medio-, experto en cubrir campo de juego y con un estilo campechano al entrevistar a los periodistas, en 2007 Tit\u00ed llev\u00f3 su carisma al&nbsp;<strong><em>Cantando por un sue\u00f1o<\/em><\/strong>, que terminar\u00eda ganando.<\/p>\n\n\n\n<p>En este Mundial de Qatar, recibi\u00f3 todo el cari\u00f1o de los jugadores. El Dibu Mart\u00ednez, por caso, le regal\u00f3 el buzo de arquero con el cual se luci\u00f3 en la definici\u00f3n por penales ante Pa\u00edses Bajos. Fue apenas una de las tantas muestras de afecto que recibi\u00f3. Tambi\u00e9n pudo tener la Copa del Mundo, en manos de Messi.<\/p>\n\n\n\n<p>\u201cYo no jugu\u00e9 pero gracias al fen\u00f3meno de Leo Messi pude besar la copa del mundo. Hoy fue mi \u00faltima transmisi\u00f3n desde el campo de juego y estoy muy feliz que haya sido justo cuando la Argentina sali\u00f3 campe\u00f3n. Vamos Argentina, carajo\u201d, escribi\u00f3 en su cuenta de Instagram.<\/p>\n\n\n\n<p>Minutos antes, tambi\u00e9n en su cuenta, hab\u00eda posteado otro video luego de filmarse con el celular en el campo de juego. Y comprendiendo que el destino le estaba dando un gui\u00f1o. \u201cSole, para vos, hija. Mir\u00e1 (se da vuelta y se\u00f1ala las tribunas repletas de argentinos y los futbolistas de la Selecci\u00f3n). Lo que no pudieron antes, hoy s\u00ed pudieron. Para vos mi vida, preciosa, divina&#8230; \u00a1somos campeones del mundo, Sole! \u00a1Te quiero, divina!\u201d.<\/p>\n","protected":false},"excerpt":{"rendered":"<p>Conmovido como pocas veces, el periodista anunci\u00f3 que ya no har\u00e1 m\u00e1s campo de juego luego de la cobertura del Mundial de Qatar. Y record\u00f3 a su hija, que muri\u00f3&hellip; <\/p>\n","protected":false},"author":7,"featured_media":28573,"comment_status":"closed","ping_status":"open","sticky":false,"template":"","format":"standard","meta":{"footnotes":""},"categories":[19],"tags":[],"class_list":["post-28572","post","type-post","status-publish","format-standard","has-post-thumbnail","hentry","category-espectaculos"],"_links":{"self":[{"href":"https:\/\/corrientesdetarde.com\/index.php\/wp-json\/wp\/v2\/posts\/28572","targetHints":{"allow":["GET"]}}],"collection":[{"href":"https:\/\/corrientesdetarde.com\/index.php\/wp-json\/wp\/v2\/posts"}],"about":[{"href":"https:\/\/corrientesdetarde.com\/index.php\/wp-json\/wp\/v2\/types\/post"}],"author":[{"embeddable":true,"href":"https:\/\/corrientesdetarde.com\/index.php\/wp-json\/wp\/v2\/users\/7"}],"replies":[{"embeddable":true,"href":"https:\/\/corrientesdetarde.com\/index.php\/wp-json\/wp\/v2\/comments?post=28572"}],"version-history":[{"count":1,"href":"https:\/\/corrientesdetarde.com\/index.php\/wp-json\/wp\/v2\/posts\/28572\/revisions"}],"predecessor-version":[{"id":28574,"href":"https:\/\/corrientesdetarde.com\/index.php\/wp-json\/wp\/v2\/posts\/28572\/revisions\/28574"}],"wp:featuredmedia":[{"embeddable":true,"href":"https:\/\/corrientesdetarde.com\/index.php\/wp-json\/wp\/v2\/media\/28573"}],"wp:attachment":[{"href":"https:\/\/corrientesdetarde.com\/index.php\/wp-json\/wp\/v2\/media?parent=28572"}],"wp:term":[{"taxonomy":"category","embeddable":true,"href":"https:\/\/corrientesdetarde.com\/index.php\/wp-json\/wp\/v2\/categories?post=28572"},{"taxonomy":"post_tag","embeddable":true,"href":"https:\/\/corrientesdetarde.com\/index.php\/wp-json\/wp\/v2\/tags?post=28572"}],"curies":[{"name":"wp","href":"https:\/\/api.w.org\/{rel}","templated":true}]}}