{"id":28734,"date":"2022-12-20T17:07:40","date_gmt":"2022-12-20T20:07:40","guid":{"rendered":"https:\/\/corrientesdetarde.com\/?p=28734"},"modified":"2022-12-20T17:07:43","modified_gmt":"2022-12-20T20:07:43","slug":"desarrollo-social-realizo-ultimas-capacitaciones-en-promocion-humana-y-social-2022","status":"publish","type":"post","link":"https:\/\/corrientesdetarde.com\/index.php\/sociales\/desarrollo-social-realizo-ultimas-capacitaciones-en-promocion-humana-y-social-2022\/","title":{"rendered":"Desarrollo Social realiz\u00f3 \u00faltimas capacitaciones en Promoci\u00f3n Humana y Social 2022"},"content":{"rendered":"\n<p>Este lunes 19&nbsp;se llev\u00f3 a cabo una capacitaci\u00f3n sobre&nbsp;Promoci\u00f3n Humana y Social organizada&nbsp;por el&nbsp;Ministerio de Desarrollo Social de la provincia a trav\u00e9s de la Subsecretar\u00eda de Desarrollo Humano e Igualdad en 9 de julio 1535&nbsp;1er Piso.<\/p>\n\n\n\n<p>Se&nbsp;realiz\u00f3 este lunes 19 ,&nbsp;una jornada de Capacitaci\u00f3n y de recreaci\u00f3n en el antiguo edificio del Ministerio&nbsp;ubicado por 9 de Julio, destinado al personal de este organismo&nbsp;de la Direcci\u00f3n de Comercializaci\u00f3n.<\/p>\n\n\n\n<p>La&nbsp;Capacitaci\u00f3n en Promoci\u00f3n Humana y Social&nbsp;estuvo a&nbsp;cargo del Mgter.&nbsp;Alejandro Bottini y cont\u00f3 con la presencia&nbsp;de la Subsecretaria Lic Gabriela Castro.<\/p>\n\n\n\n<p>Adem\u00e1s compartieron&nbsp;un refrigerio&nbsp;&nbsp;entre los presentes&nbsp;. Finalmente se realizaron sorteos de&nbsp;obsequios.<\/p>\n\n\n\n<p>Este tipo de actividad&nbsp;es generadora de disparadores y el objetivo principal es promover el pensamiento positivo y fortalecer el interior de las personas.<\/p>\n\n\n\n<p>Tras un a\u00f1o de intenso recorrido con las Charlas por todos los barrios e instituciones de la Capital correntina, este martes se abordar\u00e1 la \u00faltima capacitaci\u00f3n del a\u00f1o, retomando en el 2023 con m\u00e1s energ\u00eda y entusiasmo para continuar llegando con charlas motivacionales.<\/p>\n\n\n\n<p>Estas \u00faltimas charlas fueron :sobre las siguientes tem\u00e1ticas&nbsp;\u201c&nbsp;marketing,&nbsp;ventas y&nbsp;cierre de ventas \u201c<\/p>\n\n\n\n<p>Las emprendedoras que participaron de estas charlas se mostraron muy entusiastas con las mismas, y deseosas de continuar con este tipo de capacitaciones para el a\u00f1o pr\u00f3ximo. estamos terminando un a\u00f1o muy exitoso y muy motivador, contentos en la Subsecretar\u00eda con el trabajo que estamos realizando con el Programa y con el Capacitador, , vamos a continuar con el mismo \u00edmpetu y con m\u00e1s temas a desarrollar especialmente en terreno,\u00a0en los barrios , nosotros estamos muy satisfechos con el trabajo obtenido en el trabajo barrial y estamos finalizando. El viernes pasado realizamos una charla, este lunes otra y este martes estaremos terminando con personas emprendedoras y personal de la Direcci\u00f3n de Comercializaci\u00f3n\u201d coment\u00f3 la Lic. Gabriela Castro.<\/p>\n\n\n\n<figure class=\"wp-block-image size-large\"><img loading=\"lazy\" decoding=\"async\" width=\"1024\" height=\"768\" src=\"https:\/\/corrientesdetarde.com\/wp-content\/uploads\/2022\/12\/image-236-1024x768.png\" alt=\"\" class=\"wp-image-28736\" srcset=\"https:\/\/corrientesdetarde.com\/wp-content\/uploads\/2022\/12\/image-236-1024x768.png 1024w, https:\/\/corrientesdetarde.com\/wp-content\/uploads\/2022\/12\/image-236-300x225.png 300w, https:\/\/corrientesdetarde.com\/wp-content\/uploads\/2022\/12\/image-236-768x576.png 768w, https:\/\/corrientesdetarde.com\/wp-content\/uploads\/2022\/12\/image-236.png 1280w\" sizes=\"auto, (max-width: 1024px) 100vw, 1024px\" \/><\/figure>\n","protected":false},"excerpt":{"rendered":"<p>Este lunes 19&nbsp;se llev\u00f3 a cabo una capacitaci\u00f3n sobre&nbsp;Promoci\u00f3n Humana y Social organizada&nbsp;por el&nbsp;Ministerio de Desarrollo Social de la provincia a trav\u00e9s de la Subsecretar\u00eda de Desarrollo Humano e Igualdad&hellip; <\/p>\n","protected":false},"author":8,"featured_media":28735,"comment_status":"closed","ping_status":"open","sticky":false,"template":"","format":"standard","meta":{"footnotes":""},"categories":[17],"tags":[],"class_list":["post-28734","post","type-post","status-publish","format-standard","has-post-thumbnail","hentry","category-sociales"],"_links":{"self":[{"href":"https:\/\/corrientesdetarde.com\/index.php\/wp-json\/wp\/v2\/posts\/28734","targetHints":{"allow":["GET"]}}],"collection":[{"href":"https:\/\/corrientesdetarde.com\/index.php\/wp-json\/wp\/v2\/posts"}],"about":[{"href":"https:\/\/corrientesdetarde.com\/index.php\/wp-json\/wp\/v2\/types\/post"}],"author":[{"embeddable":true,"href":"https:\/\/corrientesdetarde.com\/index.php\/wp-json\/wp\/v2\/users\/8"}],"replies":[{"embeddable":true,"href":"https:\/\/corrientesdetarde.com\/index.php\/wp-json\/wp\/v2\/comments?post=28734"}],"version-history":[{"count":1,"href":"https:\/\/corrientesdetarde.com\/index.php\/wp-json\/wp\/v2\/posts\/28734\/revisions"}],"predecessor-version":[{"id":28737,"href":"https:\/\/corrientesdetarde.com\/index.php\/wp-json\/wp\/v2\/posts\/28734\/revisions\/28737"}],"wp:featuredmedia":[{"embeddable":true,"href":"https:\/\/corrientesdetarde.com\/index.php\/wp-json\/wp\/v2\/media\/28735"}],"wp:attachment":[{"href":"https:\/\/corrientesdetarde.com\/index.php\/wp-json\/wp\/v2\/media?parent=28734"}],"wp:term":[{"taxonomy":"category","embeddable":true,"href":"https:\/\/corrientesdetarde.com\/index.php\/wp-json\/wp\/v2\/categories?post=28734"},{"taxonomy":"post_tag","embeddable":true,"href":"https:\/\/corrientesdetarde.com\/index.php\/wp-json\/wp\/v2\/tags?post=28734"}],"curies":[{"name":"wp","href":"https:\/\/api.w.org\/{rel}","templated":true}]}}