{"id":28738,"date":"2022-12-20T17:10:50","date_gmt":"2022-12-20T20:10:50","guid":{"rendered":"https:\/\/corrientesdetarde.com\/?p=28738"},"modified":"2022-12-20T17:10:54","modified_gmt":"2022-12-20T20:10:54","slug":"este-miercoles-y-jueves-desarrollo-social-realizara-la-expo-navidena","status":"publish","type":"post","link":"https:\/\/corrientesdetarde.com\/index.php\/eventos\/este-miercoles-y-jueves-desarrollo-social-realizara-la-expo-navidena\/","title":{"rendered":"Este mi\u00e9rcoles y jueves, Desarrollo Social realizar\u00e1 la Expo Navide\u00f1a"},"content":{"rendered":"\n<p>En v\u00edsperas de las fiestas de fin de a\u00f1o, el Ministerio de Desarrollo Social de la Provincia llevar\u00e1 adelante este mi\u00e9rcoles y jueves la Expo Navide\u00f1a, donde emprendedores correntinos realizar\u00e1n exposiciones y ventas&nbsp;de productos navide\u00f1os. Tendr\u00e1 lugar en el Parque Mitre de esta Capital, donde adem\u00e1s Pap\u00e1 Noel estar\u00e1 recibiendo las cartas y escuchando los pedidos de los ni\u00f1os desde las 18.30 a las 23 horas.<\/p>\n\n\n\n<p>La&nbsp;Direcci\u00f3n de Comercializaci\u00f3n, perteneciente a la mencionada cartera, es&nbsp;quien se ocupa de&nbsp;la coordinaci\u00f3n y organizaci\u00f3n de las distintas ferias como esta. Informaron que se podr\u00e1 disfrutar de un patio gastron\u00f3mico, sector exclusivo de artesanos, espacio recreativo para ni\u00f1os y grupos musicales en vivo, DJ y feria americana.<\/p>\n\n\n\n<p>Con el fin de mantener vivo el esp\u00edritu navide\u00f1o\u00a0y para que los ni\u00f1os correntinos tengan la oportunidad de conocer a Papa Noel, fotografiarse con \u00e9l\u00a0y realizar sus pedidos, desde Desarrollo Social pidieron que &#8220;no dejen pasar esta oportunidad, as\u00ed que ac\u00e9rquense para pasar\u00a0una tarde y noche muy divertida, mientras\u00a0se puede comprar productos artesanales hechos por correntinos&#8221;.<\/p>\n\n\n\n<figure class=\"wp-block-image size-large\"><img loading=\"lazy\" decoding=\"async\" width=\"1024\" height=\"768\" src=\"https:\/\/corrientesdetarde.com\/wp-content\/uploads\/2022\/12\/image-237-1024x768.png\" alt=\"\" class=\"wp-image-28739\" srcset=\"https:\/\/corrientesdetarde.com\/wp-content\/uploads\/2022\/12\/image-237-1024x768.png 1024w, https:\/\/corrientesdetarde.com\/wp-content\/uploads\/2022\/12\/image-237-300x225.png 300w, https:\/\/corrientesdetarde.com\/wp-content\/uploads\/2022\/12\/image-237-768x576.png 768w, https:\/\/corrientesdetarde.com\/wp-content\/uploads\/2022\/12\/image-237-1536x1152.png 1536w, https:\/\/corrientesdetarde.com\/wp-content\/uploads\/2022\/12\/image-237.png 2048w\" sizes=\"auto, (max-width: 1024px) 100vw, 1024px\" \/><\/figure>\n\n\n\n<figure class=\"wp-block-image size-large\"><img loading=\"lazy\" decoding=\"async\" width=\"1024\" height=\"768\" src=\"https:\/\/corrientesdetarde.com\/wp-content\/uploads\/2022\/12\/image-238-1024x768.png\" alt=\"\" class=\"wp-image-28740\" srcset=\"https:\/\/corrientesdetarde.com\/wp-content\/uploads\/2022\/12\/image-238-1024x768.png 1024w, https:\/\/corrientesdetarde.com\/wp-content\/uploads\/2022\/12\/image-238-300x225.png 300w, https:\/\/corrientesdetarde.com\/wp-content\/uploads\/2022\/12\/image-238-768x576.png 768w, https:\/\/corrientesdetarde.com\/wp-content\/uploads\/2022\/12\/image-238-1536x1152.png 1536w, https:\/\/corrientesdetarde.com\/wp-content\/uploads\/2022\/12\/image-238.png 2048w\" sizes=\"auto, (max-width: 1024px) 100vw, 1024px\" \/><\/figure>\n","protected":false},"excerpt":{"rendered":"<p>En v\u00edsperas de las fiestas de fin de a\u00f1o, el Ministerio de Desarrollo Social de la Provincia llevar\u00e1 adelante este mi\u00e9rcoles y jueves la Expo Navide\u00f1a, donde emprendedores correntinos realizar\u00e1n&hellip; <\/p>\n","protected":false},"author":8,"featured_media":28741,"comment_status":"closed","ping_status":"open","sticky":false,"template":"","format":"standard","meta":{"footnotes":""},"categories":[22],"tags":[],"class_list":["post-28738","post","type-post","status-publish","format-standard","has-post-thumbnail","hentry","category-eventos"],"_links":{"self":[{"href":"https:\/\/corrientesdetarde.com\/index.php\/wp-json\/wp\/v2\/posts\/28738","targetHints":{"allow":["GET"]}}],"collection":[{"href":"https:\/\/corrientesdetarde.com\/index.php\/wp-json\/wp\/v2\/posts"}],"about":[{"href":"https:\/\/corrientesdetarde.com\/index.php\/wp-json\/wp\/v2\/types\/post"}],"author":[{"embeddable":true,"href":"https:\/\/corrientesdetarde.com\/index.php\/wp-json\/wp\/v2\/users\/8"}],"replies":[{"embeddable":true,"href":"https:\/\/corrientesdetarde.com\/index.php\/wp-json\/wp\/v2\/comments?post=28738"}],"version-history":[{"count":1,"href":"https:\/\/corrientesdetarde.com\/index.php\/wp-json\/wp\/v2\/posts\/28738\/revisions"}],"predecessor-version":[{"id":28742,"href":"https:\/\/corrientesdetarde.com\/index.php\/wp-json\/wp\/v2\/posts\/28738\/revisions\/28742"}],"wp:featuredmedia":[{"embeddable":true,"href":"https:\/\/corrientesdetarde.com\/index.php\/wp-json\/wp\/v2\/media\/28741"}],"wp:attachment":[{"href":"https:\/\/corrientesdetarde.com\/index.php\/wp-json\/wp\/v2\/media?parent=28738"}],"wp:term":[{"taxonomy":"category","embeddable":true,"href":"https:\/\/corrientesdetarde.com\/index.php\/wp-json\/wp\/v2\/categories?post=28738"},{"taxonomy":"post_tag","embeddable":true,"href":"https:\/\/corrientesdetarde.com\/index.php\/wp-json\/wp\/v2\/tags?post=28738"}],"curies":[{"name":"wp","href":"https:\/\/api.w.org\/{rel}","templated":true}]}}