{"id":28743,"date":"2022-12-20T17:23:12","date_gmt":"2022-12-20T20:23:12","guid":{"rendered":"https:\/\/corrientesdetarde.com\/?p=28743"},"modified":"2022-12-20T17:23:18","modified_gmt":"2022-12-20T20:23:18","slug":"nos-estamos-matando-por-20-palos-wanda-nara-le-habria-contado-a-su-entorno-cual-es-el-conflicto-con-icardi","status":"publish","type":"post","link":"https:\/\/corrientesdetarde.com\/index.php\/espectaculos\/nos-estamos-matando-por-20-palos-wanda-nara-le-habria-contado-a-su-entorno-cual-es-el-conflicto-con-icardi\/","title":{"rendered":"\u201cNos estamos matando por 20 palos\u201d: Wanda Nara le habr\u00eda contado a su entorno cu\u00e1l es el conflicto con Icardi"},"content":{"rendered":"\n<p>Mientras la expareja lleva adelante las tratativas para dividir sus bienes, un supuesto dicho de la empresaria a su c\u00edrculo \u00edntimo permiti\u00f3 especular sobre el monto que recibir\u00e1 tras la separaci\u00f3n.<\/p>\n\n\n\n<p>Tal como se ha manejado p\u00fablicamente y desde hace varias semanas, el divorcio de Wanda Nara y Mauro Icardi parece inminente. Las tensas negociaciones por la separaci\u00f3n de bienes habr\u00edan comenzado y\u00a0ya se  maneja una primera cifra delo que podr\u00eda percibir la blonda \u00a0tras 8 a\u00f1os de matrimonio con el jugador del Galatasaray.<\/p>\n\n\n\n<p>De acuerdo a lo expuesto por Estefi Berardi en&nbsp;<em>Ma\u00f1an\u00edsima (Ciudad Magazine)<\/em>,&nbsp;<strong>Wanda podr\u00eda quedarse con 100 millones de d\u00f3lares<\/strong>, que incluyen inmuebles, bienes y art\u00edculos de lujo. Adem\u00e1s, la periodista asegur\u00f3 que la empresaria planea mantener&nbsp;<strong>la mitad del patrimonio conjunto, incluida la ganancia de Icardi durante toda su carrera<\/strong>.<\/p>\n\n\n\n<figure class=\"wp-block-image\"><img decoding=\"async\" src=\"https:\/\/tn.com.ar\/resizer\/n-aZ3Z5GbW7BT-QQIW_JItr-Fng=\/767x0\/smart\/filters:format(webp)\/cloudfront-us-east-1.images.arcpublishing.com\/artear\/WNFDXRRBQZHYBGLA22ZLFOZDGY.jpg\" alt=\"Wanda Nara \"\/><figcaption>Wanda Nara<\/figcaption><\/figure>\n\n\n\n<p>Pampito, sin dar cr\u00e9dito a lo que escuch\u00f3, repas\u00f3 la informaci\u00f3n: \u201c\u00bf100 millones de d\u00f3lares? \u00bfElla se quedar\u00eda con todo eso?&nbsp;<strong>\u00bfO es 100 millones de d\u00f3lares dividido entre los dos? \u00bfSon 200 millones de d\u00f3lares divididos dos?<\/strong>\u201d. A esto, Berardi fue enf\u00e1tica con lo dicho anteriormente: \u201c100 millones de d\u00f3lares son de Wanda. Ella sola se quedar\u00eda con ese dinero\u201d, afirm\u00f3.<\/p>\n\n\n\n<h2 class=\"wp-block-heading\">La otra cifra por la que Wanda y Mauro a\u00fan no se ponen de acuerdo<\/h2>\n\n\n\n<p>Sin embargo, desde el ciclo surgi\u00f3 otra informaci\u00f3n que habla de los primeros desacuerdos entre la empresaria y el futbolista. Hay un n\u00famero que genera discordia entre ambos y as\u00ed se lo habr\u00eda contado ella a su c\u00edrculo m\u00e1s pr\u00f3ximo.&nbsp;<strong>\u201cNos estamos matando por 20 palos\u2019, fue la frase que trascendi\u00f3, en referencia a una cifra de 20 millones de d\u00f3lares,&nbsp;<\/strong>que se cree que es alguna estimaci\u00f3n porcentual adicional a los otros cien.<\/p>\n\n\n\n<figure class=\"wp-block-image\"><img decoding=\"async\" src=\"https:\/\/tn.com.ar\/resizer\/13O1XOxmbWEGVWYNQKR4KXYciZg=\/767x0\/smart\/filters:format(webp)\/cloudfront-us-east-1.images.arcpublishing.com\/artear\/ML7BLSGT4BCCZGB7EEIFGWK42E.jpg\" alt=\"Wanda Nara y Mauro Icardi pelear\u00edan por 20 millones de d\u00f3lares en negociaciones de divorcio. (Foto: Instagram \/ wanda_nara - mauroicardi).\"\/><figcaption>Wanda Nara y Mauro Icardi pelear\u00edan por 20 millones de d\u00f3lares en negociaciones de divorcio. (Foto: Instagram \/ wanda_nara &#8211; mauroicardi).<\/figcaption><\/figure>\n\n\n\n<p>Otros temas que a\u00fan no ha salido a la luz tienen que ver con&nbsp;<strong>la custodia de Francesca e Isabella Icardi, las hijas de Mauro y Wanda, y con la cuota alimentaria<\/strong>&nbsp;que recibir\u00e1 la modelo una vez se concrete la separaci\u00f3n definitiva.<\/p>\n\n\n\n<h2 class=\"wp-block-heading\">Wanda sigui\u00f3 adelante con su vida y Mauro finalmente lo acept\u00f3<\/h2>\n\n\n\n<p>El viaje a las Islas Maldivas, que la pareja plane\u00f3 como un nuevo intento de reconciliaci\u00f3n, no result\u00f3 como ten\u00edan pensado.&nbsp;<strong>La hermana de Zaira Nara fue la primera en blanquear en Instagram su situaci\u00f3n<\/strong>, al explicar que aunque quiso dar otra oportunidad al matrimonio, eso finalmente no ocurri\u00f3.<\/p>\n\n\n\n<figure class=\"wp-block-image\"><img decoding=\"async\" src=\"https:\/\/tn.com.ar\/resizer\/u1exMt4EHvJ5fGw3DYdo0gXXYjY=\/767x0\/smart\/filters:format(webp)\/cloudfront-us-east-1.images.arcpublishing.com\/artear\/Q2RJXS3JZZC43HO4RWEFTA3RZA.JPG\" alt=\"Wanda Nara blanque\u00f3 con sus seguidores lo que sucedi\u00f3 con Mauro Icardi en Maldivas. (Foto: Instagram \/ mauroicardi)\"\/><figcaption>Wanda Nara blanque\u00f3 con sus seguidores lo que sucedi\u00f3 con Mauro Icardi en Maldivas. (Foto: Instagram \/ mauroicardi)<\/figcaption><\/figure>\n\n\n\n<p>Estas declaraciones dieron pie a una serie de confusos posteos por parte de Icardi que generaron reacciones entre sus seguidores.&nbsp;<strong>Posteriores presunciones de un nuevo romance entre su expareja y L-Gante habr\u00eda puesto punto y final a sus intentos por rescatar la relaci\u00f3n<\/strong>.<\/p>\n","protected":false},"excerpt":{"rendered":"<p>Mientras la expareja lleva adelante las tratativas para dividir sus bienes, un supuesto dicho de la empresaria a su c\u00edrculo \u00edntimo permiti\u00f3 especular sobre el monto que recibir\u00e1 tras la&hellip; <\/p>\n","protected":false},"author":8,"featured_media":28744,"comment_status":"closed","ping_status":"open","sticky":false,"template":"","format":"standard","meta":{"footnotes":""},"categories":[19],"tags":[],"class_list":["post-28743","post","type-post","status-publish","format-standard","has-post-thumbnail","hentry","category-espectaculos"],"_links":{"self":[{"href":"https:\/\/corrientesdetarde.com\/index.php\/wp-json\/wp\/v2\/posts\/28743","targetHints":{"allow":["GET"]}}],"collection":[{"href":"https:\/\/corrientesdetarde.com\/index.php\/wp-json\/wp\/v2\/posts"}],"about":[{"href":"https:\/\/corrientesdetarde.com\/index.php\/wp-json\/wp\/v2\/types\/post"}],"author":[{"embeddable":true,"href":"https:\/\/corrientesdetarde.com\/index.php\/wp-json\/wp\/v2\/users\/8"}],"replies":[{"embeddable":true,"href":"https:\/\/corrientesdetarde.com\/index.php\/wp-json\/wp\/v2\/comments?post=28743"}],"version-history":[{"count":1,"href":"https:\/\/corrientesdetarde.com\/index.php\/wp-json\/wp\/v2\/posts\/28743\/revisions"}],"predecessor-version":[{"id":28745,"href":"https:\/\/corrientesdetarde.com\/index.php\/wp-json\/wp\/v2\/posts\/28743\/revisions\/28745"}],"wp:featuredmedia":[{"embeddable":true,"href":"https:\/\/corrientesdetarde.com\/index.php\/wp-json\/wp\/v2\/media\/28744"}],"wp:attachment":[{"href":"https:\/\/corrientesdetarde.com\/index.php\/wp-json\/wp\/v2\/media?parent=28743"}],"wp:term":[{"taxonomy":"category","embeddable":true,"href":"https:\/\/corrientesdetarde.com\/index.php\/wp-json\/wp\/v2\/categories?post=28743"},{"taxonomy":"post_tag","embeddable":true,"href":"https:\/\/corrientesdetarde.com\/index.php\/wp-json\/wp\/v2\/tags?post=28743"}],"curies":[{"name":"wp","href":"https:\/\/api.w.org\/{rel}","templated":true}]}}