{"id":28921,"date":"2022-12-21T09:25:09","date_gmt":"2022-12-21T12:25:09","guid":{"rendered":"https:\/\/corrientesdetarde.com\/?p=28921"},"modified":"2022-12-21T09:25:12","modified_gmt":"2022-12-21T12:25:12","slug":"la-fiesta-del-chamame-pondra-en-escena-mas-de-25-numeros-por-noche","status":"publish","type":"post","link":"https:\/\/corrientesdetarde.com\/index.php\/cultura\/la-fiesta-del-chamame-pondra-en-escena-mas-de-25-numeros-por-noche\/","title":{"rendered":"La Fiesta del Chamam\u00e9 pondr\u00e1 en escena m\u00e1s de 25 n\u00fameros por nochE"},"content":{"rendered":"\n<p>Del 13 de 22 de enero del 2023 Corrientes vivir\u00e1 la 32\u00aa edici\u00f3n de la Fiesta Nacional del Chamam\u00e9 y desde el Instituto de Cultura dieron a conocer la grilla oficial del Anfiteatro Mario del Tr\u00e1nsito Cocomarola. Ser\u00e1n m\u00e1s de 25 n\u00fameros (de m\u00fasica y danza) por noche y las entradas est\u00e1n a la venta trav\u00e9s de https:\/\/www.fullticket.com a un valor de 1500 pesos por jornada. La venta presencial comenzar\u00e1 hoy.&nbsp;<\/p>\n\n\n\n<p>Falta menos de un mes para que inicie en Corrientes una nueva edici\u00f3n de una de las celebraciones populares m\u00e1s convocantes de la provincia, la Fiesta Nacional del Chamam\u00e9. La grilla est\u00e1 conformada por artistas consagrados y &nbsp;emergentes elegidos en los cert\u00e1menes Pre Fiesta, de los Juegos Culturales, y tambi\u00e9n de las 500 propuestas seleccionadas que se recibieron.&nbsp;<\/p>\n\n\n\n<p>Desde la organizaci\u00f3n informaron que las entradas por noche tendr\u00e1n un costo de 1500 pesos y se pueden adquirir desde esta semana a trav\u00e9s de www.fullticket.com.&nbsp;<\/p>\n\n\n\n<p>En el caso de la venta en boleter\u00eda, tendr\u00e1 lugar desde hoy en la sede del Instituto de Cultura de Corrientes ubicado en San Juan 546. All\u00ed se podr\u00e1n comprar de lunes a viernes, de 8 a 12.30. En tanto, desde el primer d\u00eda h\u00e1bil de enero se habilitar\u00e1 la comercializaci\u00f3n en el Teatro Vera, de lunes a viernes, de 8 a 12, y de 17 a 20.<\/p>\n\n\n\n<p>Grilla &nbsp;<\/p>\n\n\n\n<p>Viernes, 13 de enero de 2023&nbsp;<\/p>\n\n\n\n<p>D\u00eda 1&nbsp;<\/p>\n\n\n\n<p>Anal\u00eda Esp\u00edndola&nbsp;<\/p>\n\n\n\n<p>Antonio Tarrag\u00f3 Ros&nbsp;<\/p>\n\n\n\n<p>Ballet Oficial: Participaci\u00f3n de los Municipios&nbsp;<\/p>\n\n\n\n<p>Bel\u00e9n Majul&nbsp;<\/p>\n\n\n\n<p>Cacho Esp\u00edndola&nbsp;<\/p>\n\n\n\n<p>Castelo y Elinho Filho&nbsp;<\/p>\n\n\n\n<p>Conjunto Folcl\u00f3rico &#8211; Orquesta Sinf\u00f3nica Nacional del Paraguay&nbsp;<\/p>\n\n\n\n<p>D\u00fao Gonzalez-Burgos&nbsp;<\/p>\n\n\n\n<p>El gringo Agust\u00edn Acu\u00f1a y su Conjunto&nbsp;<\/p>\n\n\n\n<p>Garup\u00e1&nbsp;<\/p>\n\n\n\n<p>Germ\u00e1n To\u00f1anez&nbsp;<\/p>\n\n\n\n<p>Grupo de Buena Fe&nbsp;<\/p>\n\n\n\n<p>Grupo Ip\u00fa Por\u00e1&nbsp;<\/p>\n\n\n\n<p>Gustavo Chamorro recitador&nbsp;<\/p>\n\n\n\n<p>H\u00e9roes de Malvinas y su conjunto&nbsp;<\/p>\n\n\n\n<p>Hugo Leiva y la nueva estirpe&nbsp;<\/p>\n\n\n\n<p>Ignacio Porra y Acordeones del Mercosur&nbsp;<\/p>\n\n\n\n<p>Los Blanco \u201cChamam\u00e9 sin l\u00edmites\u201d&nbsp;<\/p>\n\n\n\n<p>Mario Su\u00e1rez&nbsp;<\/p>\n\n\n\n<p>Pablo Bentos&nbsp;<\/p>\n\n\n\n<p>Pre Fiesta&nbsp;<\/p>\n\n\n\n<p>Tajy&nbsp;<\/p>\n\n\n\n<p>S\u00e1bado, 14 &nbsp;<\/p>\n\n\n\n<p>D\u00eda 2&nbsp;<\/p>\n\n\n\n<p>Antonio Taibo y Los Mensajeros del Chamam\u00e9&nbsp;<\/p>\n\n\n\n<p>Ballet Oficial&nbsp;<\/p>\n\n\n\n<p>Dalma Ferreira, grupo Bohemia Guaran\u00ed&nbsp;<\/p>\n\n\n\n<p>Desid\u00e9rio Souza&nbsp;<\/p>\n\n\n\n<p>Diego Lopez Recitador&nbsp;<\/p>\n\n\n\n<p>Ernesto Juanovich y su conjunto&nbsp;<\/p>\n\n\n\n<p>Ernesto M\u00e9ndez&nbsp;<\/p>\n\n\n\n<p>Fabian Meza&nbsp;<\/p>\n\n\n\n<p>Gabriel Cocomarola&nbsp;<\/p>\n\n\n\n<p>Hugo Flores&nbsp;<\/p>\n\n\n\n<p>Hugo Mena con Celestino Mena&nbsp;<\/p>\n\n\n\n<p>Las Guitarras de Curuz\u00fa&nbsp;<\/p>\n\n\n\n<p>Los Menchos del Chamam\u00e9&nbsp;<\/p>\n\n\n\n<p>Marcia M\u00fcller&nbsp;<\/p>\n\n\n\n<p>Marco C\u00e1ceres \u201cEl Rom\u00e1ntico ituzaingue\u00f1o\u201d&nbsp;<\/p>\n\n\n\n<p>Marta Toledo y Fernando Gualini&nbsp;<\/p>\n\n\n\n<p>M\u00e1ximo Ben\u00edtez&nbsp;<\/p>\n\n\n\n<p>Nestor Lo y Los Caminantes&nbsp;<\/p>\n\n\n\n<p>Ofelia Leiva&nbsp;<\/p>\n\n\n\n<p>Orquesta Folcl\u00f3rica de Corrientes&nbsp;<\/p>\n\n\n\n<p>Paquito Aranda&nbsp;<\/p>\n\n\n\n<p>Pre Fiesta: Pareja Tradicional Juvenil&nbsp;<\/p>\n\n\n\n<p>Remanso&nbsp;<\/p>\n\n\n\n<p>Sof\u00eda Morales&nbsp;<\/p>\n\n\n\n<p>Sonia \u00c1lvarez&nbsp;<\/p>\n\n\n\n<p>Sue\u00f1o Correntino&nbsp;<\/p>\n\n\n\n<p>Domingo, 15 &nbsp;<\/p>\n\n\n\n<p>D\u00eda 3&nbsp;<\/p>\n\n\n\n<p>Amanday\u00e9&nbsp;<\/p>\n\n\n\n<p>Ana Paula Romero Grupo&nbsp;<\/p>\n\n\n\n<p>\u00c1ngel Pato Garc\u00eda&nbsp;<\/p>\n\n\n\n<p>Antonella Vera&nbsp;<\/p>\n\n\n\n<p>Ballet Oficial&nbsp;<\/p>\n\n\n\n<p>Cesar Frette Tr\u00edo&nbsp;<\/p>\n\n\n\n<p>Coquimarola y su conjunto&nbsp;<\/p>\n\n\n\n<p>Cuarteto Buenos Aires&nbsp;<\/p>\n\n\n\n<p>Cuarteto Paiubre&nbsp;<\/p>\n\n\n\n<p>Damian Ayala&nbsp;<\/p>\n\n\n\n<p>Emiliano Cardozo y Los Cardocitos&nbsp;<\/p>\n\n\n\n<p>Guarango&nbsp;<\/p>\n\n\n\n<p>Hacha Leiva y Entre Cuerdas&nbsp;<\/p>\n\n\n\n<p>Jakeline Sanfoneira&nbsp;<\/p>\n\n\n\n<p>Joaqu\u00edn y Benjam\u00edn Morales&nbsp;<\/p>\n\n\n\n<p>Jorgelina Esp\u00edndola&nbsp;<\/p>\n\n\n\n<p>Juan De Dios&nbsp;<\/p>\n\n\n\n<p>Juan Pablo Barber\u00e1n&nbsp;<\/p>\n\n\n\n<p>Las Paraguayas&nbsp;<\/p>\n\n\n\n<p>Los Hermanos Britez&nbsp;<\/p>\n\n\n\n<p>Maru Figueroa&nbsp;<\/p>\n\n\n\n<p>Nendivei&nbsp;<\/p>\n\n\n\n<p>Pancho Figueroa&nbsp;<\/p>\n\n\n\n<p>Pre Fiesta&nbsp;<\/p>\n\n\n\n<p>Rolo Cristaldo&nbsp;<\/p>\n\n\n\n<p>Teresa Parodi&nbsp;<\/p>\n\n\n\n<p>Tupa Noy&nbsp;<\/p>\n\n\n\n<p>Lunes 16&nbsp;<\/p>\n\n\n\n<p>D\u00eda 4&nbsp;<\/p>\n\n\n\n<p>Abel Fern\u00e1ndez y su conjunto&nbsp;<\/p>\n\n\n\n<p>Agust\u00edn Monz\u00f3n&nbsp;<\/p>\n\n\n\n<p>Alan Guill\u00e9n&nbsp;<\/p>\n\n\n\n<p>Ana Laura Testa&nbsp;<\/p>\n\n\n\n<p>Ballet Oficial&nbsp;<\/p>\n\n\n\n<p>Carlos Ram\u00edrez, S\u00edmbolo del Cuarteto de Carlos Talavera&nbsp;<\/p>\n\n\n\n<p>Chango Spasiuk y su grupo + Taco y Suela&nbsp;<\/p>\n\n\n\n<p>Conjunto Vera &#8211; Monz\u00f3n&nbsp;<\/p>\n\n\n\n<p>Coro Chamamecero Pomberos Cantores&nbsp;<\/p>\n\n\n\n<p>Demir Hannah Chamam\u00e9&nbsp;<\/p>\n\n\n\n<p>Facundo y Nazareno Duarte&nbsp;<\/p>\n\n\n\n<p>Giannela Niwoyda&nbsp;<\/p>\n\n\n\n<p>Grupo Centro de Jubilados de la Provincia&nbsp;<\/p>\n\n\n\n<p>Grupo Curup\u00ed&nbsp;<\/p>\n\n\n\n<p>Grupo Semblanza&nbsp;<\/p>\n\n\n\n<p>Gustavo Javier Mendez Recitador&nbsp;<\/p>\n\n\n\n<p>Jorge Balmaceda&nbsp;<\/p>\n\n\n\n<p>Las Guaynas Por\u00e1&nbsp;<\/p>\n\n\n\n<p>Las Voces de Asunci\u00f3n&nbsp;<\/p>\n\n\n\n<p>Mi Primer Chamam\u00e9&nbsp;<\/p>\n\n\n\n<p>Pablo Chamorro&nbsp;<\/p>\n\n\n\n<p>Pre Fiesta: Pareja Estilizada&nbsp;<\/p>\n\n\n\n<p>Rivair, Rivamar y Grupo Desparramo&nbsp;<\/p>\n\n\n\n<p>Susana Zaldivar&nbsp;<\/p>\n\n\n\n<p>Tallar\u00edn y sus Espuelas del Litoral&nbsp;<\/p>\n\n\n\n<p>Tito \u00c1valos&nbsp;<\/p>\n\n\n\n<p>Valentina Moises&nbsp;<\/p>\n\n\n\n<p>Martes 17&nbsp;<\/p>\n\n\n\n<p>D\u00eda 5&nbsp;<\/p>\n\n\n\n<p>Ballet Oficial&nbsp;<\/p>\n\n\n\n<p>Bianca Almir\u00f3n&nbsp;<\/p>\n\n\n\n<p>Faustino Flores&nbsp;<\/p>\n\n\n\n<p>Grupo Itat\u00ed&nbsp;<\/p>\n\n\n\n<p>Grupo Tup\u00e1&nbsp;<\/p>\n\n\n\n<p>Gustavo Miqueri con Tr\u00e9bol De Ases&nbsp;<\/p>\n\n\n\n<p>Jorge Suligoy&nbsp;<\/p>\n\n\n\n<p>Juancito G\u00fcenaga y su conjunto&nbsp;<\/p>\n\n\n\n<p>La Savia&nbsp;<\/p>\n\n\n\n<p>Las Damas del Litoral&nbsp;<\/p>\n\n\n\n<p>Los Chaque-Che&nbsp;<\/p>\n\n\n\n<p>Los Cuatro De C\u00f3rdoba&nbsp;<\/p>\n\n\n\n<p>Los Hermanos Vel\u00e1zquez&nbsp;<\/p>\n\n\n\n<p>Luis Moul\u00edn y Bel\u00e9n Belcastro&nbsp;<\/p>\n\n\n\n<p>Luiz Carlos Borges&nbsp;<\/p>\n\n\n\n<p>Mario Prieto Linares y Grupo&nbsp;<\/p>\n\n\n\n<p>Mat\u00edas Oviedo Recitador&nbsp;<\/p>\n\n\n\n<p>Mauro Bonamino y Atillio Notargiacomo&nbsp;<\/p>\n\n\n\n<p>Mirian Asuad&nbsp;<\/p>\n\n\n\n<p>Mirta Noem\u00ed Talavera&nbsp;<\/p>\n\n\n\n<p>Movimiento Corriente Nueva&nbsp;<\/p>\n\n\n\n<p>Nahuel Pennisi&nbsp;<\/p>\n\n\n\n<p>N\u00e9lida Argentina Zen\u00f3n y La Embajada Playadito&nbsp;<\/p>\n\n\n\n<p>Oro Puro&nbsp;<\/p>\n\n\n\n<p>Pre Fiesta&nbsp;<\/p>\n\n\n\n<p>Vicky S\u00e1nchez \u201cLa Princesita del Chamam\u00e9\u201d&nbsp;<\/p>\n\n\n\n<p>Mi\u00e9rcoles 18&nbsp;<\/p>\n\n\n\n<p>D\u00eda 6&nbsp;<\/p>\n\n\n\n<p>Alfredo Monz\u00f3n&nbsp;<\/p>\n\n\n\n<p>Amaneciendo Atardeceres&nbsp;<\/p>\n\n\n\n<p>Ballet Oficial&nbsp;<\/p>\n\n\n\n<p>Chamameceras&nbsp;<\/p>\n\n\n\n<p>Conjunto San Mart\u00edn&nbsp;<\/p>\n\n\n\n<p>Daniel Garc\u00e9s&nbsp;<\/p>\n\n\n\n<p>Delvalle-Fern\u00e1ndez-Galarza&nbsp;<\/p>\n\n\n\n<p>Emilianito L\u00f3pez&nbsp;<\/p>\n\n\n\n<p>Eustaquio Mi\u00f1o&nbsp;<\/p>\n\n\n\n<p>Fuelles Correntinos&nbsp;<\/p>\n\n\n\n<p>Grupo Avarek\u00f3&nbsp;<\/p>\n\n\n\n<p>Grupo Irundy&nbsp;<\/p>\n\n\n\n<p>Ismael Echague y su Guitarra Norte\u00f1a&nbsp;<\/p>\n\n\n\n<p>L\u00e1zaro Caballero&nbsp;<\/p>\n\n\n\n<p>Los Hijos de los Barrios Con Yhosva Montoya&nbsp;<\/p>\n\n\n\n<p>Los Vecinos&nbsp;<\/p>\n\n\n\n<p>Manuel Cruz y su cuarteto Estampa Correntina&nbsp;<\/p>\n\n\n\n<p>Marcelo Rojas y su grupo&nbsp;<\/p>\n\n\n\n<p>Nino Ramirez&nbsp;<\/p>\n\n\n\n<p>Patricia G\u00f3mez Grupo&nbsp;<\/p>\n\n\n\n<p>Pre Fiesta&nbsp;<\/p>\n\n\n\n<p>Rafael Fond\u00f3n Recitador&nbsp;<\/p>\n\n\n\n<p>Sangre Correntina&nbsp;<\/p>\n\n\n\n<p>Shana Muller&nbsp;<\/p>\n\n\n\n<p>Sim\u00f3n Morales y su conjunto&nbsp;<\/p>\n\n\n\n<p>Soriano Sosa&nbsp;<\/p>\n\n\n\n<p>Zoe Gotusso (con ensamble OFP)&nbsp;<\/p>\n\n\n\n<p>Jueves 19&nbsp;<\/p>\n\n\n\n<p>D\u00eda 7&nbsp;<\/p>\n\n\n\n<p>Alejandro Balbi&nbsp;<\/p>\n\n\n\n<p>Ballet Oficial&nbsp;<\/p>\n\n\n\n<p>Bruno Mendoza&nbsp;<\/p>\n\n\n\n<p>Chamam\u00e9 Ku\u00f1\u00e1: 4 Naciones&nbsp;<\/p>\n\n\n\n<p>Chamameceros de Ley&nbsp;<\/p>\n\n\n\n<p>Chingoli Y Mario Bofill&nbsp;<\/p>\n\n\n\n<p>Daniel Gim\u00e9nez Cuarteto&nbsp;<\/p>\n\n\n\n<p>Fabian Ballario y su conjunto&nbsp;<\/p>\n\n\n\n<p>Fabi\u00e1n Vargas&nbsp;<\/p>\n\n\n\n<p>Guaran\u00edtica&nbsp;<\/p>\n\n\n\n<p>Hermanas Vera&nbsp;<\/p>\n\n\n\n<p>Iris Mabel y el conjunto Alma Guaran\u00ed&nbsp;<\/p>\n\n\n\n<p>Joel Romero Recitador&nbsp;<\/p>\n\n\n\n<p>Juan Pedro Sorribes&nbsp;<\/p>\n\n\n\n<p>Karina (con ensamble OFP)&nbsp;<\/p>\n\n\n\n<p>Lucio Yanel&nbsp;<\/p>\n\n\n\n<p>Mar\u00eda Isabel \u201cLa Reina del Bandone\u00f3n\u201d. Paraguay&nbsp;<\/p>\n\n\n\n<p>Nacho Acevedo&nbsp;<\/p>\n\n\n\n<p>Pedro R\u00edos&nbsp;<\/p>\n\n\n\n<p>Pre Fiesta&nbsp;<\/p>\n\n\n\n<p>Ra\u00fal Noguera&nbsp;<\/p>\n\n\n\n<p>Raulito Alonso&nbsp;<\/p>\n\n\n\n<p>Rudi Flores Tr\u00edo&nbsp;<\/p>\n\n\n\n<p>Sangre Paiubrera&nbsp;<\/p>\n\n\n\n<p>Titina De Los Santos y Su Conjunto&nbsp;<\/p>\n\n\n\n<p>Tono Ben\u00edtez y Los Criollos de Corrientes&nbsp;<\/p>\n\n\n\n<p>Ver\u00f3nica Noguera Grupo&nbsp;<\/p>\n\n\n\n<p>Viernes 20&nbsp;<\/p>\n\n\n\n<p>D\u00eda 8&nbsp;<\/p>\n\n\n\n<p>Aram\u00ed C\u00e1ceres&nbsp;<\/p>\n\n\n\n<p>Ballet Oficial&nbsp;<\/p>\n\n\n\n<p>Che Tr\u00edo Por\u00e1&nbsp;<\/p>\n\n\n\n<p>Daniel Franich&nbsp;<\/p>\n\n\n\n<p>Delegaci\u00f3n De Santa Fe&nbsp;<\/p>\n\n\n\n<p>Esteban Esp\u00edndola, El Pichoncito del Acorde\u00f3n&nbsp;<\/p>\n\n\n\n<p>Federico Varela Recitador&nbsp;<\/p>\n\n\n\n<p>G-Latina&nbsp;<\/p>\n\n\n\n<p>Gabino Ch\u00e1vez&nbsp;<\/p>\n\n\n\n<p>Jorge Guedes Y Familia&nbsp;<\/p>\n\n\n\n<p>Juan Manuel Bilat&nbsp;<\/p>\n\n\n\n<p>Juan Manuel Silveyra y su conjunto&nbsp;<\/p>\n\n\n\n<p>Lorena Larrea Catterino&nbsp;<\/p>\n\n\n\n<p>Los G\u00fcepa Ch\u00e9&nbsp;<\/p>\n\n\n\n<p>Los Nuevos Chaque\u00f1\u00edsimos Cardozo&nbsp;<\/p>\n\n\n\n<p>Los N\u00fa\u00f1ez&nbsp;<\/p>\n\n\n\n<p>Lucas Segovia&nbsp;<\/p>\n\n\n\n<p>Malena Pintos&nbsp;<\/p>\n\n\n\n<p>Mar\u00eda Ofelia&nbsp;<\/p>\n\n\n\n<p>Mateo Villalba&nbsp;<\/p>\n\n\n\n<p>Mat\u00edas Galarza y La Orquesta Chamamecera&nbsp;<\/p>\n\n\n\n<p>Milagros Caliva&nbsp;<\/p>\n\n\n\n<p>Pre Fiesta&nbsp;<\/p>\n\n\n\n<p>Santiago Bocha Sheridan&nbsp;<\/p>\n\n\n\n<p>Sim\u00f3n Oberti&nbsp;<\/p>\n\n\n\n<p>Tierra Adentro&nbsp;<\/p>\n\n\n\n<p>S\u00e1bado 21&nbsp;<\/p>\n\n\n\n<p>D\u00eda 9&nbsp;<\/p>\n\n\n\n<p>Adolfo Alegre&nbsp;<\/p>\n\n\n\n<p>A\u00f1oranza&nbsp;<\/p>\n\n\n\n<p>Ballet Oficial&nbsp;<\/p>\n\n\n\n<p>Conjunto Honorio Serpa Grupo&nbsp;<\/p>\n\n\n\n<p>Delfina Salom\u00f3n Los \u00c1ngeles Rom\u00e1nticos&nbsp;<\/p>\n\n\n\n<p>Eduardo Romero Y Su Conjunto&nbsp;<\/p>\n\n\n\n<p>Ernestito Montiel Y Su Cuarteto Santa Ana&nbsp;<\/p>\n\n\n\n<p>Gente De Ley&nbsp;<\/p>\n\n\n\n<p>Ger\u00f3nimo Zamb\u00f3n Grupo&nbsp;<\/p>\n\n\n\n<p>Gicela Mendez Ribeiro&nbsp;<\/p>\n\n\n\n<p>Graciela Linares Y Roberto Romero&nbsp;<\/p>\n\n\n\n<p>Joaqu\u00edn Lali Romero Recitador&nbsp;<\/p>\n\n\n\n<p>Jos\u00e9 \u00c1lvarez Grupo&nbsp;<\/p>\n\n\n\n<p>Jos\u00e9 Aquino Y Sus Reyes&nbsp;<\/p>\n\n\n\n<p>Los De Imaguar\u00e9&nbsp;<\/p>\n\n\n\n<p>Los Hijos de Pago Arias&nbsp;<\/p>\n\n\n\n<p>Los Sheridan&nbsp;<\/p>\n\n\n\n<p>Mellizos Rodriguez&nbsp;<\/p>\n\n\n\n<p>N\u00e9stor Y Ariel Acu\u00f1a Con Roc\u00edo Ayel\u00e9n&nbsp;<\/p>\n\n\n\n<p>\u00d1amand\u00fa&nbsp;<\/p>\n\n\n\n<p>Paula Basalo&nbsp;<\/p>\n\n\n\n<p>Renato Fagundes&nbsp;<\/p>\n\n\n\n<p>Revelaci\u00f3n Pre Fiesta&nbsp;<\/p>\n\n\n\n<p>Sim\u00f3n De Jes\u00fas Palacios&nbsp;<\/p>\n\n\n\n<p>Tilo Escobar&nbsp;<\/p>\n\n\n\n<p>Vichito Echeverr\u00eda&nbsp;<\/p>\n\n\n\n<p>Domingo 22&nbsp;<\/p>\n\n\n\n<p>D\u00eda 10&nbsp;<\/p>\n\n\n\n<p>Abel Rodr\u00edguez El Fuelle Azul Chamamecero&nbsp;<\/p>\n\n\n\n<p>Braian Acevedo&nbsp;<\/p>\n\n\n\n<p>Conjunto Sentimiento&nbsp;<\/p>\n\n\n\n<p>Diego Gutierrez&nbsp;<\/p>\n\n\n\n<p>Esencia Guaran\u00ed&nbsp;<\/p>\n\n\n\n<p>Facundo Torresan&nbsp;<\/p>\n\n\n\n<p>Franco Luciani y Victoria Birchner&nbsp;<\/p>\n\n\n\n<p>Juan Carlos Bisillac Recitador&nbsp;<\/p>\n\n\n\n<p>La Pilarcita&nbsp;<\/p>\n\n\n\n<p>Los Alonsitos&nbsp;<\/p>\n\n\n\n<p>Los Matu\u00e1 Mercede\u00f1os&nbsp;<\/p>\n\n\n\n<p>Los Sena&nbsp;<\/p>\n\n\n\n<p>Mat\u00edas Barb\u00e1s y su conjunto&nbsp;<\/p>\n\n\n\n<p>Myriam Beatriz&nbsp;<\/p>\n\n\n\n<p>Nico Cardozo Grupo&nbsp;<\/p>\n\n\n\n<p>Nostalgias Mburucuyanas&nbsp;<\/p>\n\n\n\n<p>Oscar Mambr\u00edn&nbsp;<\/p>\n\n\n\n<p>Pre Fiesta: Pareja Tradicional Cat. A&nbsp;<\/p>\n\n\n\n<p>Projeto Pulso Livre&nbsp;<\/p>\n\n\n\n<p>Ramiro Ojeda y su grupo&nbsp;<\/p>\n\n\n\n<p>Susy De Pompert&nbsp;<\/p>\n\n\n\n<p>Toty Montiel y su grupo&nbsp;<\/p>\n\n\n\n<p>Victoria Zaracho&nbsp;<\/p>\n\n\n\n<p>Zuni Aguirre&nbsp;<\/p>\n","protected":false},"excerpt":{"rendered":"<p>Del 13 de 22 de enero del 2023 Corrientes vivir\u00e1 la 32\u00aa edici\u00f3n de la Fiesta Nacional del Chamam\u00e9 y desde el Instituto de Cultura dieron a conocer la grilla&hellip; <\/p>\n","protected":false},"author":4,"featured_media":28922,"comment_status":"closed","ping_status":"open","sticky":false,"template":"","format":"standard","meta":{"footnotes":""},"categories":[15],"tags":[],"class_list":["post-28921","post","type-post","status-publish","format-standard","has-post-thumbnail","hentry","category-cultura"],"_links":{"self":[{"href":"https:\/\/corrientesdetarde.com\/index.php\/wp-json\/wp\/v2\/posts\/28921","targetHints":{"allow":["GET"]}}],"collection":[{"href":"https:\/\/corrientesdetarde.com\/index.php\/wp-json\/wp\/v2\/posts"}],"about":[{"href":"https:\/\/corrientesdetarde.com\/index.php\/wp-json\/wp\/v2\/types\/post"}],"author":[{"embeddable":true,"href":"https:\/\/corrientesdetarde.com\/index.php\/wp-json\/wp\/v2\/users\/4"}],"replies":[{"embeddable":true,"href":"https:\/\/corrientesdetarde.com\/index.php\/wp-json\/wp\/v2\/comments?post=28921"}],"version-history":[{"count":1,"href":"https:\/\/corrientesdetarde.com\/index.php\/wp-json\/wp\/v2\/posts\/28921\/revisions"}],"predecessor-version":[{"id":28923,"href":"https:\/\/corrientesdetarde.com\/index.php\/wp-json\/wp\/v2\/posts\/28921\/revisions\/28923"}],"wp:featuredmedia":[{"embeddable":true,"href":"https:\/\/corrientesdetarde.com\/index.php\/wp-json\/wp\/v2\/media\/28922"}],"wp:attachment":[{"href":"https:\/\/corrientesdetarde.com\/index.php\/wp-json\/wp\/v2\/media?parent=28921"}],"wp:term":[{"taxonomy":"category","embeddable":true,"href":"https:\/\/corrientesdetarde.com\/index.php\/wp-json\/wp\/v2\/categories?post=28921"},{"taxonomy":"post_tag","embeddable":true,"href":"https:\/\/corrientesdetarde.com\/index.php\/wp-json\/wp\/v2\/tags?post=28921"}],"curies":[{"name":"wp","href":"https:\/\/api.w.org\/{rel}","templated":true}]}}