{"id":29004,"date":"2022-12-21T15:19:57","date_gmt":"2022-12-21T18:19:57","guid":{"rendered":"https:\/\/corrientesdetarde.com\/?p=29004"},"modified":"2022-12-21T15:20:39","modified_gmt":"2022-12-21T18:20:39","slug":"el-gobierno-provincial-concreto-la-distribucion-de-ambulancias-al-interior","status":"publish","type":"post","link":"https:\/\/corrientesdetarde.com\/index.php\/locales\/el-gobierno-provincial-concreto-la-distribucion-de-ambulancias-al-interior\/","title":{"rendered":"El Gobierno provincial concret\u00f3 la distribuci\u00f3n de ambulancias al interior"},"content":{"rendered":"\n<p><em>Bonpland, Derqui, Yahap\u00e9, Bella Vista e Itat\u00ed, recibieron este mi\u00e9rcoles los veh\u00edculos. Un d\u00eda antes, fue para San Carlos, Estaci\u00f3n Torrent, Virasoro y Lomas de Vallejos.<\/em><\/p>\n\n\n\n<p>El ministro de Salud P\u00fablica de la Provincia, Ricardo, Cardozo, concret\u00f3 este mi\u00e9rcoles la distribuci\u00f3n de las ambulancias que fueron provistas por la Naci\u00f3n recientemente, a localidades del interior. En la ocasi\u00f3n, Bonpland, Derqui, Yahap\u00e9, Bella Vista e Itat\u00ed, recibieron los veh\u00edculos.<\/p>\n\n\n\n<p>&#8220;Cumpliendo con las indicaciones del gobernador Gustavo Vald\u00e9s, se destinaron estas unidades en los lugares donde m\u00e1s se requer\u00edan. As\u00ed, estamos cumpliendo con Yahap\u00e9, Derqui, Bella Vista e Itat\u00ed. Con esto completamos las nueve ambulancias que recibimos, teniendo en cuenta las cuatro que se distribuyeron este martes a San Carlos, Estaci\u00f3n Torrent, Virasoro y Lomas de Vallejos\u201d, dijo Cardozo&nbsp;y agreg\u00f3: &#8220;Son tres de terapia y seis de traslados, y est\u00e1 pendiente que lleguen dos 4&#215;4&#8221;.<\/p>\n\n\n\n<p>En paralelo, el Ministro entreg\u00f3 este mi\u00e9rcoles equipamiento a Derqui y Sauce. El primero recibi\u00f3 dos aires y una heladera; en tanto que el segundo tres aires y una computadora.<\/p>\n\n\n\n<figure class=\"wp-block-image size-large\"><img loading=\"lazy\" decoding=\"async\" width=\"1024\" height=\"682\" src=\"https:\/\/corrientesdetarde.com\/wp-content\/uploads\/2022\/12\/image-265-1024x682.png\" alt=\"\" class=\"wp-image-29005\" srcset=\"https:\/\/corrientesdetarde.com\/wp-content\/uploads\/2022\/12\/image-265-1024x682.png 1024w, https:\/\/corrientesdetarde.com\/wp-content\/uploads\/2022\/12\/image-265-300x200.png 300w, https:\/\/corrientesdetarde.com\/wp-content\/uploads\/2022\/12\/image-265-768x512.png 768w, https:\/\/corrientesdetarde.com\/wp-content\/uploads\/2022\/12\/image-265-272x182.png 272w, https:\/\/corrientesdetarde.com\/wp-content\/uploads\/2022\/12\/image-265.png 1280w\" sizes=\"auto, (max-width: 1024px) 100vw, 1024px\" \/><\/figure>\n\n\n\n<figure class=\"wp-block-image size-large\"><img loading=\"lazy\" decoding=\"async\" width=\"1024\" height=\"683\" src=\"https:\/\/corrientesdetarde.com\/wp-content\/uploads\/2022\/12\/image-266-1024x683.png\" alt=\"\" class=\"wp-image-29006\" srcset=\"https:\/\/corrientesdetarde.com\/wp-content\/uploads\/2022\/12\/image-266-1024x683.png 1024w, https:\/\/corrientesdetarde.com\/wp-content\/uploads\/2022\/12\/image-266-300x200.png 300w, https:\/\/corrientesdetarde.com\/wp-content\/uploads\/2022\/12\/image-266-768x512.png 768w, https:\/\/corrientesdetarde.com\/wp-content\/uploads\/2022\/12\/image-266-1536x1024.png 1536w, https:\/\/corrientesdetarde.com\/wp-content\/uploads\/2022\/12\/image-266-272x182.png 272w, https:\/\/corrientesdetarde.com\/wp-content\/uploads\/2022\/12\/image-266.png 1620w\" sizes=\"auto, (max-width: 1024px) 100vw, 1024px\" \/><\/figure>\n","protected":false},"excerpt":{"rendered":"<p>Bonpland, Derqui, Yahap\u00e9, Bella Vista e Itat\u00ed, recibieron este mi\u00e9rcoles los veh\u00edculos. Un d\u00eda antes, fue para San Carlos, Estaci\u00f3n Torrent, Virasoro y Lomas de Vallejos. El ministro de Salud&hellip; <\/p>\n","protected":false},"author":8,"featured_media":29007,"comment_status":"closed","ping_status":"open","sticky":false,"template":"","format":"standard","meta":{"footnotes":""},"categories":[8],"tags":[],"class_list":["post-29004","post","type-post","status-publish","format-standard","has-post-thumbnail","hentry","category-locales"],"_links":{"self":[{"href":"https:\/\/corrientesdetarde.com\/index.php\/wp-json\/wp\/v2\/posts\/29004","targetHints":{"allow":["GET"]}}],"collection":[{"href":"https:\/\/corrientesdetarde.com\/index.php\/wp-json\/wp\/v2\/posts"}],"about":[{"href":"https:\/\/corrientesdetarde.com\/index.php\/wp-json\/wp\/v2\/types\/post"}],"author":[{"embeddable":true,"href":"https:\/\/corrientesdetarde.com\/index.php\/wp-json\/wp\/v2\/users\/8"}],"replies":[{"embeddable":true,"href":"https:\/\/corrientesdetarde.com\/index.php\/wp-json\/wp\/v2\/comments?post=29004"}],"version-history":[{"count":2,"href":"https:\/\/corrientesdetarde.com\/index.php\/wp-json\/wp\/v2\/posts\/29004\/revisions"}],"predecessor-version":[{"id":29009,"href":"https:\/\/corrientesdetarde.com\/index.php\/wp-json\/wp\/v2\/posts\/29004\/revisions\/29009"}],"wp:featuredmedia":[{"embeddable":true,"href":"https:\/\/corrientesdetarde.com\/index.php\/wp-json\/wp\/v2\/media\/29007"}],"wp:attachment":[{"href":"https:\/\/corrientesdetarde.com\/index.php\/wp-json\/wp\/v2\/media?parent=29004"}],"wp:term":[{"taxonomy":"category","embeddable":true,"href":"https:\/\/corrientesdetarde.com\/index.php\/wp-json\/wp\/v2\/categories?post=29004"},{"taxonomy":"post_tag","embeddable":true,"href":"https:\/\/corrientesdetarde.com\/index.php\/wp-json\/wp\/v2\/tags?post=29004"}],"curies":[{"name":"wp","href":"https:\/\/api.w.org\/{rel}","templated":true}]}}